{"id":150735,"date":"2025-03-22T01:39:14","date_gmt":"2025-03-21T22:39:14","guid":{"rendered":"https:\/\/www.tgrthaber.com\/mavikadin\/?p=150735"},"modified":"2025-03-22T01:39:15","modified_gmt":"2025-03-21T22:39:15","slug":"yillar-sonra-gelen-aciklama-ilker-yasin-solmaz-eski-esi-defne-joy-fosterin-olumuyle-ilgili-konustu","status":"publish","type":"post","link":"https:\/\/www.tgrthaber.com\/mavikadin\/yillar-sonra-gelen-aciklama-ilker-yasin-solmaz-eski-esi-defne-joy-fosterin-olumuyle-ilgili-konustu\/","title":{"rendered":"Y\u0131llar sonra gelen a\u00e7\u0131klama: \u0130lker Yasin Solmaz, eski e\u015fi Defne Joy Foster\u2019\u0131n \u00f6l\u00fcm\u00fcyle ilgili konu\u015ftu!"},"content":{"rendered":"<p>Defne Joy Foster\u2019\u0131n \u00f6l\u00fcm\u00fcnden sonra o\u011flu Can\u2019\u0131n ve kendisinin neler ya\u015fad\u0131\u011f\u0131n\u0131 \u0130lker Yasin Solmaz, e\u015fi Beyza Solmaz\u2019la birlikte yapt\u0131klar\u0131 YouTube kanal\u0131nda anlatt\u0131. \u0130lker Yasin Solmaz, sosyal medyadan gelen sorular\u0131 cevaplarken, Defne Joy Foster\u2019\u0131n vefat\u0131ndan 8 ay sonra ailecek neler ya\u015fad\u0131klar\u0131n\u0131 ilk kez payla\u015ft\u0131.<\/p>\n<h3>\u201c K\u0130MSE 25 AYLIK \u00c7OCU\u011eUMU D\u00dc\u015e\u00dcNMED\u0130\u201d<\/h3>\n<p>Defne Joy Foster\u2019\u0131n vefat\u0131n\u0131n ard\u0131ndan magazin bas\u0131n\u0131 ve televizyon kanallar\u0131nda geni\u015f \u00e7apl\u0131 ara\u015ft\u0131rmalarla her g\u00fcn ekranlarda yer al\u0131yordu. Foster\u2019\u0131n \u00f6l\u00fcm\u00fc arkas\u0131ndaki ger\u00e7e\u011fi ortaya \u00e7\u0131karmaya \u00e7al\u0131\u015f\u0131rlarken, geride kalan ailenin ya\u015fad\u0131klar\u0131n\u0131 hi\u00e7bir zaman d\u00fc\u015f\u00fcnmediklerini y\u0131llar sonra \u0130lker Yasin Solmaz a\u00e7\u0131klad\u0131. YouTube kanal\u0131nda e\u015fi Beyaz Solmaz ile birlikte ger\u00e7ekle\u015ftirdikleri ilk yay\u0131nda takip\u00e7ilerden gelen sorular\u0131 cevaplad\u0131lar. \u00c7ifte gelen sorular aras\u0131nda \u201c Tan\u0131\u015ft\u0131ktan sonra ne zaman evlendiniz?\u201d sorusu \u00fczerine \u0130lker Yasin Solmaz ba\u015flar\u0131ndan ge\u00e7en s\u00fcreleri anlatt\u0131. \u0130lker Yasin Solmaz, \u201c Ba\u015f\u0131m\u0131zdan ge\u00e7en olaylar\u0131n akabine mahalle bask\u0131s\u0131, bas\u0131n, yaz\u0131lanlar, \u00e7izilenler, ka\u00e7\u0131\u015flar, bilmem neler\u2026 \u0130nsanlar\u0131n b\u00f6yle hi\u00e7bir \u015fekilde hayat\u0131 ya\u015fatm\u0131yor, kimse sana ya\u015fatm\u0131yor. Herkes bir \u015feyden nemalanma\u011fa \u00e7al\u0131\u015f\u0131yor, o mevzudan beslenelim. Magazinler \u00e7o\u015fmu\u015f bilmem ne.. Kimse d\u00fc\u015f\u00fcnm\u00fcyor b\u00f6yle 24 ya da 25 ayl\u0131k yani. Kimse senin 25 ayl\u0131k \u00e7ocu\u011fun var, bu \u00e7ocuk ne oluyor ne bitiyor diye hi\u00e7 kimse bir \u015fey d\u00fc\u015f\u00fcnm\u00fcyor.\u201d diyerek o s\u00fcre\u00e7te ya\u015fad\u0131\u011f\u0131 zorlu\u011fu anlatt\u0131.<\/p>\n<p><img loading=\"lazy\" decoding=\"async\" class=\"alignnone wp-image-150741\" src=\"https:\/\/www.tgrthaber.com\/mavikadin\/wp-content\/uploads\/ilker-yasin-solmaz-defne-joy-fosterin-olumunden-sonraki-surecte-yasadiklarini-anlatti-300x160.jpg\" alt=\"ilker yasin solmaz defne joy foster\u0131n \u00f6l\u00fcm\u00fcnden sonraki s\u00fcre\u00e7te ya\u015fad\u0131klar\u0131n\u0131 anlatt\u0131\" width=\"1208\" height=\"644\" title=\"\" srcset=\"https:\/\/www.tgrthaber.com\/mavikadin\/wp-content\/uploads\/ilker-yasin-solmaz-defne-joy-fosterin-olumunden-sonraki-surecte-yasadiklarini-anlatti-300x160.jpg 300w, https:\/\/www.tgrthaber.com\/mavikadin\/wp-content\/uploads\/ilker-yasin-solmaz-defne-joy-fosterin-olumunden-sonraki-surecte-yasadiklarini-anlatti-1024x546.jpg 1024w, https:\/\/www.tgrthaber.com\/mavikadin\/wp-content\/uploads\/ilker-yasin-solmaz-defne-joy-fosterin-olumunden-sonraki-surecte-yasadiklarini-anlatti-768x410.jpg 768w, https:\/\/www.tgrthaber.com\/mavikadin\/wp-content\/uploads\/ilker-yasin-solmaz-defne-joy-fosterin-olumunden-sonraki-surecte-yasadiklarini-anlatti-1536x819.jpg 1536w, https:\/\/www.tgrthaber.com\/mavikadin\/wp-content\/uploads\/ilker-yasin-solmaz-defne-joy-fosterin-olumunden-sonraki-surecte-yasadiklarini-anlatti.jpg 1749w\" sizes=\"(max-width: 1208px) 100vw, 1208px\" \/><\/p>\n<hr \/>\n<h3>E\u015e\u0130 BEYZA SOLMAZ \u0130LE HAKKINDA \u00c7IKANLARA A\u00c7IKLIK GET\u0130RD\u0130<\/h3>\n<p>\u0130lker Yasin Solmaz e\u015fi Beyza Solmaz ile ilgili o d\u00f6nemde haklar\u0131nda \u00e7\u0131kan haberler hakk\u0131nda da a\u00e7\u0131klama yapt\u0131. Solmaz, \u201c Herkes kafas\u0131na g\u00f6re yok \u00f6yle tan\u0131\u015ft\u0131lar, yok g\u00f6r\u00fcc\u00fc usul\u00fc ablas\u0131 evlendi diye yazd\u0131lar. Daha \u00f6ncede beraberdi bunlar dedi. O s\u00fcre\u00e7 mahkemeler devam ediyor, biz \u00e7ocuklar ayn\u0131 \u015fekilde. Hayat devam ediyor. Beyza\u2019n\u0131n o zaman kurumsal bir i\u015fi var, benim ayn\u0131 zamanda i\u015fim var. B\u00f6yle o karma\u015fan\u0131n i\u00e7inden biz g\u00fc\u00e7l\u00fc bir \u015fekilde \u00e7\u0131kt\u0131k. Ve hi\u00e7 kimseye pabu\u00e7 b\u0131rakmad\u0131k.\u201d s\u00f6zleriyle evlili\u011finin nas\u0131l ger\u00e7ekle\u015fti\u011fini seneler sonra a\u00e7\u0131klad\u0131.<\/p>\n","protected":false},"excerpt":{"rendered":"<p>Defne Joy Foster\u2019\u0131n \u00f6l\u00fcm\u00fcnden sonra o\u011flu Can\u2019\u0131n ve kendisinin neler ya\u015fad\u0131\u011f\u0131n\u0131 \u0130lker Yasin Solmaz, e\u015fi Beyza Solmaz\u2019la birlikte yapt\u0131klar\u0131 YouTube kanal\u0131nda anlatt\u0131. \u0130lker Yasin Solmaz, sosyal medyadan gelen sorular\u0131 cevaplarken, Defne Joy Foster\u2019\u0131n vefat\u0131ndan 8 ay sonra ailecek neler ya\u015fad\u0131klar\u0131n\u0131 ilk kez payla\u015ft\u0131. <\/p>\n","protected":false},"author":10,"featured_media":150759,"comment_status":"closed","ping_status":"closed","sticky":false,"template":"","format":"standard","meta":{"rank_math_lock_modified_date":false,"footnotes":""},"categories":[76],"tags":[15104,15105,247,133,2218],"class_list":["post-150735","post","type-post","status-publish","format-standard","has-post-thumbnail","hentry","category-magazin","tag-defne-joy-foster","tag-ilker-yasin-solmaz","tag-kesfet","tag-magazin","tag-magazin-haberleri"],"_links":{"self":[{"href":"https:\/\/www.tgrthaber.com\/mavikadin\/wp-json\/wp\/v2\/posts\/150735"}],"collection":[{"href":"https:\/\/www.tgrthaber.com\/mavikadin\/wp-json\/wp\/v2\/posts"}],"about":[{"href":"https:\/\/www.tgrthaber.com\/mavikadin\/wp-json\/wp\/v2\/types\/post"}],"author":[{"embeddable":true,"href":"https:\/\/www.tgrthaber.com\/mavikadin\/wp-json\/wp\/v2\/users\/10"}],"replies":[{"embeddable":true,"href":"https:\/\/www.tgrthaber.com\/mavikadin\/wp-json\/wp\/v2\/comments?post=150735"}],"version-history":[{"count":1,"href":"https:\/\/www.tgrthaber.com\/mavikadin\/wp-json\/wp\/v2\/posts\/150735\/revisions"}],"predecessor-version":[{"id":150760,"href":"https:\/\/www.tgrthaber.com\/mavikadin\/wp-json\/wp\/v2\/posts\/150735\/revisions\/150760"}],"wp:featuredmedia":[{"embeddable":true,"href":"https:\/\/www.tgrthaber.com\/mavikadin\/wp-json\/wp\/v2\/media\/150759"}],"wp:attachment":[{"href":"https:\/\/www.tgrthaber.com\/mavikadin\/wp-json\/wp\/v2\/media?parent=150735"}],"wp:term":[{"taxonomy":"category","embeddable":true,"href":"https:\/\/www.tgrthaber.com\/mavikadin\/wp-json\/wp\/v2\/categories?post=150735"},{"taxonomy":"post_tag","embeddable":true,"href":"https:\/\/www.tgrthaber.com\/mavikadin\/wp-json\/wp\/v2\/tags?post=150735"}],"curies":[{"name":"wp","href":"https:\/\/api.w.org\/{rel}","templated":true}]}}