{"id":150785,"date":"2025-03-22T03:17:52","date_gmt":"2025-03-22T00:17:52","guid":{"rendered":"https:\/\/www.tgrthaber.com\/mavikadin\/?p=150785"},"modified":"2025-03-22T03:17:53","modified_gmt":"2025-03-22T00:17:53","slug":"aile-ve-sosyal-hizmetler-bakani-mahinur-ozdemirin-duzenledigi-geleneksel-darulaceze-iftar-yemegine-cem-ozkokde-katildi","status":"publish","type":"post","link":"https:\/\/www.tgrthaber.com\/mavikadin\/aile-ve-sosyal-hizmetler-bakani-mahinur-ozdemirin-duzenledigi-geleneksel-darulaceze-iftar-yemegine-cem-ozkokde-katildi\/","title":{"rendered":"Aile ve Sosyal Hizmetler Bakan\u0131 Mahinur \u00d6zdemir\u2019in d\u00fczenledi\u011fi Geleneksel Dar\u00fclaceze iftar yeme\u011fine Cem \u00d6zk\u00f6k\u2019de kat\u0131ld\u0131!"},"content":{"rendered":"<p>Sosyal medyada \u00e7ekti\u011fi temizlik videolar\u0131 ile ad\u0131n\u0131 duyuran ve bir\u00e7ok ki\u015fiye g\u00f6n\u00fcll\u00fc olarak yard\u0131m eden Cem \u00d6zk\u00f6k, Aile ve Sosyal Hizmetler Bakan\u0131 Mahinur \u00d6zdemir\u2019in d\u00fczenledi\u011fi Geleneksel Dar\u00fclaceze iftar yeme\u011fine kat\u0131ld\u0131. Aile ve Sosyal Hizmetler Bakan\u0131 Mahinur \u00d6zdemir\u2019le \u00e7ekildi\u011fi foto\u011fraf\u0131 sosyal medya hesab\u0131ndan payla\u015farak \u201c Anlaml\u0131 ak\u015famda beraber olmaktan mutluluk duydum\u201d notuyla gecenin anlam ve \u00f6nemine de\u011findi.<\/p>\n<h3>102 \u00c7OCUK EV\u0130N\u0130 Z\u0130YARET ETT\u0130<\/h3>\n<p>Sosyal medya fenomeni Cem \u00d6zk\u00f6k, 21 Mart 2025 ak\u015fam\u0131 kat\u0131ld\u0131\u011f\u0131 Geleneksel Dar\u00fclaceze iftar yeme\u011finde \u00e7ok \u00f6zel anlar ya\u015fad\u0131. \u00d6zk\u00f6k, iftar yeme\u011finden sonra bir ailenin evine ziyarete gitti. Aile ve Sosyal Hizmetler Bakan\u0131 Mahinur \u00d6zdemir\u2019le birlikte gittikleri evde aileyle ya\u015fad\u0131klar\u0131 o g\u00fczel anlar\u0131 sosyal medya hesab\u0131ndan \u015fu notla payla\u015ft\u0131.<\/p>\n<p>\u201c Aile ve Sosyal Hizmetler Bakan\u0131 Say\u0131n Mahinur \u00d6zdemir\u2019in bu gece Dar\u00fclaceze\u2019de d\u00fczenledi\u011fi iftar daveti sonras\u0131nda \u00e7ok anlaml\u0131 bir projede bir araya geldik. Aile ve Sosyal Hizmetler Bakanl\u0131\u011f\u0131 taraf\u0131ndan ger\u00e7ekle\u015ftirilen proje kapsam\u0131nda 102 \u015fehit ailesi, kent genelindeki 102 \u00e7ocuk evini ziyaret ederek devlet himayesindeki \u00e7ocuklarla iftarda bir araya geldi. Bug\u00fcn ailelerden birini Say\u0131n Mahinur \u00d6zdemir ile ziyaret ettik. Bu anlaml\u0131 ak\u015famda beraber olmaktan mutluluk duydum\u201d<\/p>\n<p><img loading=\"lazy\" decoding=\"async\" class=\"alignnone wp-image-150788\" src=\"https:\/\/www.tgrthaber.com\/mavikadin\/wp-content\/uploads\/Aile-ve-Sosyal-Hizmetler-Bakani-Mahinur-Ozdemirle-Cem-Ozkok-sehit-aileleri-ve-cocuklari-gezdi-300x169.jpg\" alt=\"Aile ve Sosyal Hizmetler Bakan\u0131 Mahinur \u00d6zdemir\u2019le Cem \u00d6zk\u00f6k \u015fehit aileleri ve \u00e7ocuklar\u0131 gezdi\" width=\"1208\" height=\"680\" title=\"\" srcset=\"https:\/\/www.tgrthaber.com\/mavikadin\/wp-content\/uploads\/Aile-ve-Sosyal-Hizmetler-Bakani-Mahinur-Ozdemirle-Cem-Ozkok-sehit-aileleri-ve-cocuklari-gezdi-300x169.jpg 300w, https:\/\/www.tgrthaber.com\/mavikadin\/wp-content\/uploads\/Aile-ve-Sosyal-Hizmetler-Bakani-Mahinur-Ozdemirle-Cem-Ozkok-sehit-aileleri-ve-cocuklari-gezdi-1024x576.jpg 1024w, https:\/\/www.tgrthaber.com\/mavikadin\/wp-content\/uploads\/Aile-ve-Sosyal-Hizmetler-Bakani-Mahinur-Ozdemirle-Cem-Ozkok-sehit-aileleri-ve-cocuklari-gezdi-768x432.jpg 768w, https:\/\/www.tgrthaber.com\/mavikadin\/wp-content\/uploads\/Aile-ve-Sosyal-Hizmetler-Bakani-Mahinur-Ozdemirle-Cem-Ozkok-sehit-aileleri-ve-cocuklari-gezdi-1536x864.jpg 1536w, https:\/\/www.tgrthaber.com\/mavikadin\/wp-content\/uploads\/Aile-ve-Sosyal-Hizmetler-Bakani-Mahinur-Ozdemirle-Cem-Ozkok-sehit-aileleri-ve-cocuklari-gezdi.jpg 1920w\" sizes=\"(max-width: 1208px) 100vw, 1208px\" \/><\/p>\n<hr \/>\n<h3>\u201c HEPS\u0130N\u0130N H\u0130KAYES\u0130 DER\u0130N\u201d<\/h3>\n<p>Aile ve Sosyal Hizmetler Bakan\u0131 Say\u0131n Mahinur \u00d6zdemir\u2019le ger\u00e7ekle\u015ftirdi\u011fi aile ziyaretindeki anlar\u0131 videoya \u00e7eken Cem \u00d6zk\u00f6k, ailenin hikayesinden ne kadar etkiledi\u011fini payla\u015ft\u0131\u011f\u0131 s\u00f6zlerle dile getirdi. Cem \u00d6zk\u00f6k, \u201c 102 \u00e7ocuk evi\u2026102 \u015fehit ailesi\u2026 hep bir aradayd\u0131k. Hepsinin hikayesi derin\u2026hepsini dinledik\u2026 O kadar s\u0131cac\u0131k bir ortam vard\u0131 ki\u2026 Gen\u00e7 karde\u015flerimiz birbirinden lezzetli \u015feyler haz\u0131rlam\u0131\u015flar. Ah o sarma hele. \u00c7ocuk evleri sitesindeki hijyen, d\u00fczen ve \u00e7ocuklara g\u00f6sterilen ilgi alaka, e\u011fitimleri i\u00e7in g\u00f6sterilen \u00e7aba ve istekleri gurur vericiydi\u201d notuyla payla\u015ft\u0131.<\/p>\n<p><img loading=\"lazy\" decoding=\"async\" class=\"alignnone wp-image-150794\" src=\"https:\/\/www.tgrthaber.com\/mavikadin\/wp-content\/uploads\/cem-ozkok-1-300x169.jpg\" alt=\"cem \u00f6zk\u00f6k\" width=\"1208\" height=\"680\" title=\"\" srcset=\"https:\/\/www.tgrthaber.com\/mavikadin\/wp-content\/uploads\/cem-ozkok-1-300x169.jpg 300w, https:\/\/www.tgrthaber.com\/mavikadin\/wp-content\/uploads\/cem-ozkok-1-1024x576.jpg 1024w, https:\/\/www.tgrthaber.com\/mavikadin\/wp-content\/uploads\/cem-ozkok-1-768x432.jpg 768w, https:\/\/www.tgrthaber.com\/mavikadin\/wp-content\/uploads\/cem-ozkok-1-1536x864.jpg 1536w, https:\/\/www.tgrthaber.com\/mavikadin\/wp-content\/uploads\/cem-ozkok-1.jpg 1920w\" sizes=\"(max-width: 1208px) 100vw, 1208px\" \/><\/p>\n<hr \/>\n<p>&nbsp;<\/p>\n","protected":false},"excerpt":{"rendered":"<p>Sosyal medyada \u00e7ekti\u011fi temizlik videolar\u0131 ile ad\u0131n\u0131 duyuran ve bir\u00e7ok ki\u015fiye g\u00f6n\u00fcll\u00fc olarak yard\u0131m eden Cem \u00d6zk\u00f6k, Aile ve Sosyal Hizmetler Bakan\u0131 Mahinur \u00d6zdemir\u2019in d\u00fczenledi\u011fi Geleneksel Dar\u00fclaceze iftar yeme\u011fine kat\u0131ld\u0131. Aile ve Sosyal Hizmetler Bakan\u0131 Mahinur \u00d6zdemir\u2019le \u00e7ekildi\u011fi foto\u011fraf\u0131 sosyal medya hesab\u0131ndan payla\u015farak \u201c Anlaml\u0131 ak\u015famda beraber olmaktan mutluluk duydum\u201d notuyla gecenin anlam ve \u00f6nemine de\u011findi.<\/p>\n","protected":false},"author":10,"featured_media":150791,"comment_status":"closed","ping_status":"closed","sticky":false,"template":"","format":"standard","meta":{"rank_math_lock_modified_date":false,"footnotes":""},"categories":[76],"tags":[15118,2868,247,133,2218],"class_list":["post-150785","post","type-post","status-publish","format-standard","has-post-thumbnail","hentry","category-magazin","tag-aile-ve-sosyal-hizmetler-bakani-mahinur-ozdemir","tag-cem-ozkok","tag-kesfet","tag-magazin","tag-magazin-haberleri"],"_links":{"self":[{"href":"https:\/\/www.tgrthaber.com\/mavikadin\/wp-json\/wp\/v2\/posts\/150785"}],"collection":[{"href":"https:\/\/www.tgrthaber.com\/mavikadin\/wp-json\/wp\/v2\/posts"}],"about":[{"href":"https:\/\/www.tgrthaber.com\/mavikadin\/wp-json\/wp\/v2\/types\/post"}],"author":[{"embeddable":true,"href":"https:\/\/www.tgrthaber.com\/mavikadin\/wp-json\/wp\/v2\/users\/10"}],"replies":[{"embeddable":true,"href":"https:\/\/www.tgrthaber.com\/mavikadin\/wp-json\/wp\/v2\/comments?post=150785"}],"version-history":[{"count":1,"href":"https:\/\/www.tgrthaber.com\/mavikadin\/wp-json\/wp\/v2\/posts\/150785\/revisions"}],"predecessor-version":[{"id":150795,"href":"https:\/\/www.tgrthaber.com\/mavikadin\/wp-json\/wp\/v2\/posts\/150785\/revisions\/150795"}],"wp:featuredmedia":[{"embeddable":true,"href":"https:\/\/www.tgrthaber.com\/mavikadin\/wp-json\/wp\/v2\/media\/150791"}],"wp:attachment":[{"href":"https:\/\/www.tgrthaber.com\/mavikadin\/wp-json\/wp\/v2\/media?parent=150785"}],"wp:term":[{"taxonomy":"category","embeddable":true,"href":"https:\/\/www.tgrthaber.com\/mavikadin\/wp-json\/wp\/v2\/categories?post=150785"},{"taxonomy":"post_tag","embeddable":true,"href":"https:\/\/www.tgrthaber.com\/mavikadin\/wp-json\/wp\/v2\/tags?post=150785"}],"curies":[{"name":"wp","href":"https:\/\/api.w.org\/{rel}","templated":true}]}}