{"id":150806,"date":"2025-03-22T09:34:20","date_gmt":"2025-03-22T06:34:20","guid":{"rendered":"https:\/\/www.tgrthaber.com\/mavikadin\/?p=150806"},"modified":"2025-03-22T09:34:40","modified_gmt":"2025-03-22T06:34:40","slug":"kurulus-osmandan-kimler-ayriliyor-kurulus-osman-son-bolumde-neler-oldu","status":"publish","type":"post","link":"https:\/\/www.tgrthaber.com\/mavikadin\/kurulus-osmandan-kimler-ayriliyor-kurulus-osman-son-bolumde-neler-oldu\/","title":{"rendered":"Kurulu\u015f Osman\u2019dan kimler ayr\u0131l\u0131yor? Kurulu\u015f Osman son b\u00f6l\u00fcmde neler oldu?"},"content":{"rendered":"<p>Kurulu\u015f Osman\u2019dan kimler ayr\u0131l\u0131yor? merak ediliyor. Dizide toplamda 5 oyuncunun veda edece\u011fi duyuruldu.<\/p>\n<h3>KURULU\u015e OSMAN\u2019DAN K\u0130MLER AYRILIYOR?<\/h3>\n<p>Senaryosu ve karakterleri devaml\u0131 olarak de\u011fi\u015fen Kurulu\u015f Osman dizisinde 5 fla\u015f ayr\u0131l\u0131k ya\u015fanacak. Bozda\u011f Film imzal\u0131 Kurulu\u015f Osman\u2019da yine hareketli g\u00fcnler ya\u015fan\u0131yor.<\/p>\n<p><img loading=\"lazy\" decoding=\"async\" class=\"alignnone size-full wp-image-150807\" src=\"https:\/\/www.tgrthaber.com\/mavikadin\/wp-content\/uploads\/Kurulus-Osman-1-8.jpg\" alt=\"\" width=\"1208\" height=\"680\" title=\"\" srcset=\"https:\/\/www.tgrthaber.com\/mavikadin\/wp-content\/uploads\/Kurulus-Osman-1-8.jpg 1208w, https:\/\/www.tgrthaber.com\/mavikadin\/wp-content\/uploads\/Kurulus-Osman-1-8-300x169.jpg 300w, https:\/\/www.tgrthaber.com\/mavikadin\/wp-content\/uploads\/Kurulus-Osman-1-8-1024x576.jpg 1024w, https:\/\/www.tgrthaber.com\/mavikadin\/wp-content\/uploads\/Kurulus-Osman-1-8-768x432.jpg 768w\" sizes=\"(max-width: 1208px) 100vw, 1208px\" \/><\/p>\n<hr \/>\n<p>\u00c7ar\u015famba ak\u015famlar\u0131 ekranlara damga vuran Kurulu\u015f Osman dizisinde 7. sezon planlar\u0131 da yap\u0131l\u0131yor. Ancak diziye hikayeleri sona erdi\u011fi i\u00e7in 5 ki\u015fi veda ediyor.<\/p>\n<p>Fenomen dizi Kurulu\u015f Osman&#8217;da \u0130lbay rol\u00fcyle bilinen Ekin Mert Daymaz, Ulugan rol\u00fcyle bilinen Devrim Salto\u011flu, Esenbike Hatun rol\u00fcyle bilinen Ay\u00e7a \u0130nci, Sargun rol\u00fcyle bilinen Ali \u00d6ner, Altuga rol\u00fcyle bilinen Murat G\u00f6\u00e7mez diziye veda ediyor.<\/p>\n<p><img loading=\"lazy\" decoding=\"async\" class=\"alignnone size-full wp-image-150808\" src=\"https:\/\/www.tgrthaber.com\/mavikadin\/wp-content\/uploads\/Kurulus-Osman-2-9.jpg\" alt=\"\" width=\"1208\" height=\"680\" title=\"\" srcset=\"https:\/\/www.tgrthaber.com\/mavikadin\/wp-content\/uploads\/Kurulus-Osman-2-9.jpg 1208w, https:\/\/www.tgrthaber.com\/mavikadin\/wp-content\/uploads\/Kurulus-Osman-2-9-300x169.jpg 300w, https:\/\/www.tgrthaber.com\/mavikadin\/wp-content\/uploads\/Kurulus-Osman-2-9-1024x576.jpg 1024w, https:\/\/www.tgrthaber.com\/mavikadin\/wp-content\/uploads\/Kurulus-Osman-2-9-768x432.jpg 768w\" sizes=\"(max-width: 1208px) 100vw, 1208px\" \/><\/p>\n<hr \/>\n<h3>KURULU\u015e OSMAN SON B\u00d6L\u00dcMDE NELER OLDU?<\/h3>\n<p>Osman Bey t\u00fcm oyunlar\u0131 bozdu. Ulugan&#8217;a kar\u015f\u0131 hamle yapan Osman Bey d\u00fczeni alt \u00fcst ediyor.<\/p>\n<p>Osman Bey, Esenbike Hatun&#8217;u gizli obaya davet ederek onun ger\u00e7ek niyetini anlamak istiyor.<\/p>\n<p>Bu s\u0131rada Ulugan da Osman Bey&#8217;i takip ederek pusu kurmak i\u00e7in harekete ge\u00e7iyor.<\/p>\n<p><img loading=\"lazy\" decoding=\"async\" class=\"alignnone size-full wp-image-150809\" src=\"https:\/\/www.tgrthaber.com\/mavikadin\/wp-content\/uploads\/Kurulus-Osman-3-8.jpg\" alt=\"\" width=\"1208\" height=\"680\" title=\"\" srcset=\"https:\/\/www.tgrthaber.com\/mavikadin\/wp-content\/uploads\/Kurulus-Osman-3-8.jpg 1208w, https:\/\/www.tgrthaber.com\/mavikadin\/wp-content\/uploads\/Kurulus-Osman-3-8-300x169.jpg 300w, https:\/\/www.tgrthaber.com\/mavikadin\/wp-content\/uploads\/Kurulus-Osman-3-8-1024x576.jpg 1024w, https:\/\/www.tgrthaber.com\/mavikadin\/wp-content\/uploads\/Kurulus-Osman-3-8-768x432.jpg 768w\" sizes=\"(max-width: 1208px) 100vw, 1208px\" \/><\/p>\n<hr \/>\n<p>Osman Bey ve Alpleri, Ulugan&#8217;\u0131n n\u00f6kerleri yapt\u0131\u011f\u0131 sava\u015f sonunda Osman Bey Ulugan&#8217;a diz \u00e7\u00f6kt\u00fcrmeyi ba\u015far\u0131r.<\/p>\n<p>Bala Hatun Halime&#8217;nin izini s\u00fcrmeye devam eder. Sofia&#8217;y\u0131 takip etmesi i\u00e7in Alaeddin Bey ve Gonca Hatun&#8217;u g\u00f6revlendirir.<\/p>\n<p>Alaeddin Bey Halime&#8217;nin yerini \u00f6\u011frenmek ister bu s\u0131rada tehlikeli bir g\u00f6reve at\u0131larak Akhisar Kalesine s\u0131zar.<\/p>\n<p><img loading=\"lazy\" decoding=\"async\" class=\"alignnone size-full wp-image-150810\" src=\"https:\/\/www.tgrthaber.com\/mavikadin\/wp-content\/uploads\/Kurulus-Osman-4-6.jpg\" alt=\"\" width=\"1208\" height=\"680\" title=\"\" srcset=\"https:\/\/www.tgrthaber.com\/mavikadin\/wp-content\/uploads\/Kurulus-Osman-4-6.jpg 1208w, https:\/\/www.tgrthaber.com\/mavikadin\/wp-content\/uploads\/Kurulus-Osman-4-6-300x169.jpg 300w, https:\/\/www.tgrthaber.com\/mavikadin\/wp-content\/uploads\/Kurulus-Osman-4-6-1024x576.jpg 1024w, https:\/\/www.tgrthaber.com\/mavikadin\/wp-content\/uploads\/Kurulus-Osman-4-6-768x432.jpg 768w\" sizes=\"(max-width: 1208px) 100vw, 1208px\" \/><\/p>\n<hr \/>\n<p>Halime&#8217;yi b\u00fcy\u00fcten rahibenin ya\u015fad\u0131\u011f\u0131 yeri Alaeddin ve Gonca \u00f6\u011frenir.<\/p>\n<p>Halime&#8217;nin ad\u0131n\u0131n Poena oldu\u011funu Rahibe itiraf eder. Bala Hatun Rahibe&#8217;yi ya\u015fatmay\u0131 ba\u015far\u0131p Halime&#8217;nin asl\u0131nda<\/p>\n<p>Meryem oldu\u011funu \u00f6\u011frenecek mi \u015fimdiden merak ediliyor.<\/p>\n<p><img loading=\"lazy\" decoding=\"async\" class=\"alignnone wp-image-149737\" src=\"https:\/\/www.tgrthaber.com\/mavikadin\/wp-content\/uploads\/kurulus-osman3.jpg\" alt=\"\" width=\"1208\" height=\"680\" title=\"\" srcset=\"https:\/\/www.tgrthaber.com\/mavikadin\/wp-content\/uploads\/kurulus-osman3.jpg 2047w, https:\/\/www.tgrthaber.com\/mavikadin\/wp-content\/uploads\/kurulus-osman3-300x169.jpg 300w, https:\/\/www.tgrthaber.com\/mavikadin\/wp-content\/uploads\/kurulus-osman3-1024x576.jpg 1024w, https:\/\/www.tgrthaber.com\/mavikadin\/wp-content\/uploads\/kurulus-osman3-768x432.jpg 768w, https:\/\/www.tgrthaber.com\/mavikadin\/wp-content\/uploads\/kurulus-osman3-1536x864.jpg 1536w\" sizes=\"(max-width: 1208px) 100vw, 1208px\" \/><\/p>\n<hr \/>\n<p>T\u00fcrkmen beylerinin biad\u0131n\u0131 alan Esenbike Osman Bey&#8217;i tek ba\u015f\u0131na b\u0131rakmak ister. Osman Bey ise Esenbike&#8217;nin plan\u0131n\u0131 bozmak i\u00e7in ona Ulugan \u00fczerinden oyun haz\u0131rlar. Osman Bey&#8217;in k\u0131l\u0131c\u0131n\u0131n ucunda olan Ulugan&#8217;a ne olacak bilinmiyor.<\/p>\n","protected":false},"excerpt":{"rendered":"<p>Kurulu\u015f Osman\u2019dan kimler ayr\u0131l\u0131yor? merak konusu oldu. Son b\u00f6l\u00fcm\u00fcyle nefes kesen dizide hareketli g\u00fcnler ya\u015fan\u0131yor.<\/p>\n","protected":false},"author":5,"featured_media":150811,"comment_status":"closed","ping_status":"closed","sticky":false,"template":"","format":"standard","meta":{"rank_math_lock_modified_date":false,"footnotes":""},"categories":[602],"tags":[2628,3072,5998],"class_list":["post-150806","post","type-post","status-publish","format-standard","has-post-thumbnail","hentry","category-diziler","tag-dizi-haberleri","tag-kurulus-osman","tag-osman-bey"],"_links":{"self":[{"href":"https:\/\/www.tgrthaber.com\/mavikadin\/wp-json\/wp\/v2\/posts\/150806"}],"collection":[{"href":"https:\/\/www.tgrthaber.com\/mavikadin\/wp-json\/wp\/v2\/posts"}],"about":[{"href":"https:\/\/www.tgrthaber.com\/mavikadin\/wp-json\/wp\/v2\/types\/post"}],"author":[{"embeddable":true,"href":"https:\/\/www.tgrthaber.com\/mavikadin\/wp-json\/wp\/v2\/users\/5"}],"replies":[{"embeddable":true,"href":"https:\/\/www.tgrthaber.com\/mavikadin\/wp-json\/wp\/v2\/comments?post=150806"}],"version-history":[{"count":3,"href":"https:\/\/www.tgrthaber.com\/mavikadin\/wp-json\/wp\/v2\/posts\/150806\/revisions"}],"predecessor-version":[{"id":150814,"href":"https:\/\/www.tgrthaber.com\/mavikadin\/wp-json\/wp\/v2\/posts\/150806\/revisions\/150814"}],"wp:featuredmedia":[{"embeddable":true,"href":"https:\/\/www.tgrthaber.com\/mavikadin\/wp-json\/wp\/v2\/media\/150811"}],"wp:attachment":[{"href":"https:\/\/www.tgrthaber.com\/mavikadin\/wp-json\/wp\/v2\/media?parent=150806"}],"wp:term":[{"taxonomy":"category","embeddable":true,"href":"https:\/\/www.tgrthaber.com\/mavikadin\/wp-json\/wp\/v2\/categories?post=150806"},{"taxonomy":"post_tag","embeddable":true,"href":"https:\/\/www.tgrthaber.com\/mavikadin\/wp-json\/wp\/v2\/tags?post=150806"}],"curies":[{"name":"wp","href":"https:\/\/api.w.org\/{rel}","templated":true}]}}