{"id":150815,"date":"2025-03-22T09:58:22","date_gmt":"2025-03-22T06:58:22","guid":{"rendered":"https:\/\/www.tgrthaber.com\/mavikadin\/?p=150815"},"modified":"2025-03-22T10:15:30","modified_gmt":"2025-03-22T07:15:30","slug":"george-foreman-kac-yasinda-oldu-muhammed-ali-ve-george-foreman-arasindaki-maci-kim-kazandi","status":"publish","type":"post","link":"https:\/\/www.tgrthaber.com\/mavikadin\/george-foreman-kac-yasinda-oldu-muhammed-ali-ve-george-foreman-arasindaki-maci-kim-kazandi\/","title":{"rendered":"George Foreman ka\u00e7 ya\u015f\u0131nda \u00f6ld\u00fc? Muhammed Ali ve George Foreman aras\u0131ndaki ma\u00e7\u0131 kim kazand\u0131?"},"content":{"rendered":"<p>Efsanevi boks\u00f6r George Foreman hayat\u0131n\u0131 kaybetti. 76 ya\u015f\u0131nda \u00f6len George Foreman sevenlerini h\u00fczne bo\u011fdu.<\/p>\n<h3>GEORGE FOREMAN KA\u00c7 YA\u015eINDA \u00d6LD\u00dc?<\/h3>\n<p>Boks\u00f6r George Foreman 76 ya\u015f\u0131nda hayat\u0131n\u0131 kaybetti. Muhammed Ali&#8217;nin rakiplerinden olan boks\u00f6r, kariyerindeki tek yenilgisini Muhammed Ali&#8217;ye kar\u015f\u0131 alm\u0131\u015ft\u0131.<\/p>\n<p><img loading=\"lazy\" decoding=\"async\" class=\"alignnone size-full wp-image-150816\" src=\"https:\/\/www.tgrthaber.com\/mavikadin\/wp-content\/uploads\/George-Foreman-1.jpg\" alt=\"\" width=\"1208\" height=\"680\" title=\"\" srcset=\"https:\/\/www.tgrthaber.com\/mavikadin\/wp-content\/uploads\/George-Foreman-1.jpg 1208w, https:\/\/www.tgrthaber.com\/mavikadin\/wp-content\/uploads\/George-Foreman-1-300x169.jpg 300w, https:\/\/www.tgrthaber.com\/mavikadin\/wp-content\/uploads\/George-Foreman-1-1024x576.jpg 1024w, https:\/\/www.tgrthaber.com\/mavikadin\/wp-content\/uploads\/George-Foreman-1-768x432.jpg 768w\" sizes=\"(max-width: 1208px) 100vw, 1208px\" \/><\/p>\n<hr \/>\n<p>A\u011f\u0131r s\u0131klet efsanesi olarak bilinen George Foreman&#8217;\u0131n \u00f6l\u00fcm haberini ailesi sosyal medyadan duyurdu. Yay\u0131nlad\u0131klar\u0131 mesajda, &#8220;Sevginiz ve dualar\u0131n\u0131z i\u00e7in minnettar\u0131z. Bu ola\u011fan\u00fcst\u00fc adam\u0131 onurland\u0131r\u0131rken gizlilik rica ediyoruz&#8221; ifadeleri kullan\u0131ld\u0131.<\/p>\n<h3>A\u011eIR SIKLET BOKS \u015eAMP\u0130YONU<\/h3>\n<p>1968&#8217;de olimpiyat madalyas\u0131 kazanan Foreman, 1973 y\u0131l\u0131nda ilk kez d\u00fcnya a\u011f\u0131r s\u0131klet boks \u015fampiyonu olmu\u015ftu.<br \/>\n1994 y\u0131l\u0131nda 45 ya\u015f\u0131nda bir kere daha a\u011f\u0131r s\u0131klette \u015fampiyonluk kazanan \u00fcnl\u00fc boks\u00f6r 1984 y\u0131l\u0131nda emeklilikten d\u00f6nm\u00fc\u015ft\u00fc.<\/p>\n<p>Kazand\u0131\u011f\u0131 a\u011f\u0131r s\u0131klet \u015fampiyonlu\u011fu ona boks tarihinin en ya\u015fl\u0131 a\u011f\u0131r s\u0131klet \u015fampiyonu yapm\u0131\u015ft\u0131.<\/p>\n<p><img loading=\"lazy\" decoding=\"async\" class=\"alignnone size-full wp-image-150817\" src=\"https:\/\/www.tgrthaber.com\/mavikadin\/wp-content\/uploads\/George-Foreman-4.jpg\" alt=\"\" width=\"1208\" height=\"680\" title=\"\" srcset=\"https:\/\/www.tgrthaber.com\/mavikadin\/wp-content\/uploads\/George-Foreman-4.jpg 1208w, https:\/\/www.tgrthaber.com\/mavikadin\/wp-content\/uploads\/George-Foreman-4-300x169.jpg 300w, https:\/\/www.tgrthaber.com\/mavikadin\/wp-content\/uploads\/George-Foreman-4-1024x576.jpg 1024w, https:\/\/www.tgrthaber.com\/mavikadin\/wp-content\/uploads\/George-Foreman-4-768x432.jpg 768w\" sizes=\"(max-width: 1208px) 100vw, 1208px\" \/><\/p>\n<hr \/>\n<h3>MUHAMMED AL\u0130 VE GEORGE FOREMAN ARASINDAK\u0130 MA\u00c7I K\u0130M KAZANDI?<\/h3>\n<p>Boks kariyerinde yaln\u0131zca bir kez nakavt olan George Foreman, Bu yenilgiyi 1974 y\u0131l\u0131nda Muhammed Ali&#8217;ye kar\u015f\u0131 alm\u0131\u015ft\u0131.<\/p>\n<p><img loading=\"lazy\" decoding=\"async\" class=\"alignnone size-full wp-image-150818\" src=\"https:\/\/www.tgrthaber.com\/mavikadin\/wp-content\/uploads\/George-Foreman-2.jpg\" alt=\"\" width=\"1208\" height=\"680\" title=\"\" srcset=\"https:\/\/www.tgrthaber.com\/mavikadin\/wp-content\/uploads\/George-Foreman-2.jpg 1208w, https:\/\/www.tgrthaber.com\/mavikadin\/wp-content\/uploads\/George-Foreman-2-300x169.jpg 300w, https:\/\/www.tgrthaber.com\/mavikadin\/wp-content\/uploads\/George-Foreman-2-1024x576.jpg 1024w, https:\/\/www.tgrthaber.com\/mavikadin\/wp-content\/uploads\/George-Foreman-2-768x432.jpg 768w\" sizes=\"(max-width: 1208px) 100vw, 1208px\" \/><\/p>\n<hr \/>\n<h3>GEORGE FOREMAN K\u0130MD\u0130R?<\/h3>\n<p>George Edward Foreman 10 Ocak 1949 tarihinde Marshall, Teksas, ABD&#8217;de d\u00fcnyaya geldi. Amerikal\u0131 eski D\u00fcnya A\u011f\u0131r S\u0131klet Boks \u015eampiyonu 21 Mart 2025&#8217;de hayat\u0131n\u0131 kaybetti.<\/p>\n<p>Amerikal\u0131 eski D\u00fcnya A\u011f\u0131r S\u0131klet Boks \u015eampiyonu ve Olimpiyat alt\u0131n madalyal\u0131 boks\u00f6r olan George Edward Foreman 1994&#8217;te 45 ya\u015f\u0131nda, Michael Moorer&#8217;\u0131 nakavt ederek &#8220;en ya\u015fl\u0131 a\u011f\u0131r s\u0131klet boks \u015fampiyonu olmaya hak kazand\u0131.<\/p>\n<p><img loading=\"lazy\" decoding=\"async\" class=\"alignnone size-full wp-image-150820\" src=\"https:\/\/www.tgrthaber.com\/mavikadin\/wp-content\/uploads\/George-Foreman-5.jpg\" alt=\"\" width=\"1208\" height=\"680\" title=\"\" srcset=\"https:\/\/www.tgrthaber.com\/mavikadin\/wp-content\/uploads\/George-Foreman-5.jpg 1208w, https:\/\/www.tgrthaber.com\/mavikadin\/wp-content\/uploads\/George-Foreman-5-300x169.jpg 300w, https:\/\/www.tgrthaber.com\/mavikadin\/wp-content\/uploads\/George-Foreman-5-1024x576.jpg 1024w, https:\/\/www.tgrthaber.com\/mavikadin\/wp-content\/uploads\/George-Foreman-5-768x432.jpg 768w\" sizes=\"(max-width: 1208px) 100vw, 1208px\" \/><\/p>\n<hr \/>\n<p>Ring dergisi onu t\u00fcm zamanlar\u0131n en b\u00fcy\u00fck 25 d\u00f6v\u00fc\u015f\u00e7\u00fcs\u00fcnden biri se\u00e7ti.<\/p>\n<p>Meksiko&#8217;da ger\u00e7ekle\u015ftirilen 1968 Yaz Olimpiyatlar\u0131&#8217;nda a\u011f\u0131r s\u0131klette alt\u0131n madalyan\u0131n sahibi oldu.<\/p>\n<p>Boks kariyerinde toplam 81 ma\u00e7 yapt\u0131, 76 galibiyet ald\u0131, bunlardan 68&#8217;i nakavtla ile sonu\u00e7land\u0131. Ayr\u0131ca 5 kez yenildi.<\/p>\n<p>Boks kariyerinden sonra ba\u015far\u0131l\u0131 bir i\u015f insan\u0131 olan George Edward Foreman&#8217;\u0131 nakavtla yenen tek boks\u00f6r Muhammed Ali&#8217;dir.<\/p>\n<p>Sadece 3 boks\u00f6r George Foreman&#8217;\u0131 yere d\u00fc\u015f\u00fcrebilmi\u015ftir.<\/p>\n","protected":false},"excerpt":{"rendered":"<p>Efsanevi boks\u00f6r George Foreman \u00f6l\u00fcm haberiyle sevenlerini \u00fczd\u00fc. Boks tarihinin \u00f6nemli isimlerinden George Foreman 76 ya\u015f\u0131nda hayat\u0131n\u0131 kaybetti.<\/p>\n","protected":false},"author":5,"featured_media":150819,"comment_status":"closed","ping_status":"closed","sticky":false,"template":"","format":"standard","meta":{"rank_math_lock_modified_date":false,"footnotes":""},"categories":[76],"tags":[15122,15123],"class_list":["post-150815","post","type-post","status-publish","format-standard","has-post-thumbnail","hentry","category-magazin","tag-george-foreman","tag-muhammed-ali"],"_links":{"self":[{"href":"https:\/\/www.tgrthaber.com\/mavikadin\/wp-json\/wp\/v2\/posts\/150815"}],"collection":[{"href":"https:\/\/www.tgrthaber.com\/mavikadin\/wp-json\/wp\/v2\/posts"}],"about":[{"href":"https:\/\/www.tgrthaber.com\/mavikadin\/wp-json\/wp\/v2\/types\/post"}],"author":[{"embeddable":true,"href":"https:\/\/www.tgrthaber.com\/mavikadin\/wp-json\/wp\/v2\/users\/5"}],"replies":[{"embeddable":true,"href":"https:\/\/www.tgrthaber.com\/mavikadin\/wp-json\/wp\/v2\/comments?post=150815"}],"version-history":[{"count":5,"href":"https:\/\/www.tgrthaber.com\/mavikadin\/wp-json\/wp\/v2\/posts\/150815\/revisions"}],"predecessor-version":[{"id":150826,"href":"https:\/\/www.tgrthaber.com\/mavikadin\/wp-json\/wp\/v2\/posts\/150815\/revisions\/150826"}],"wp:featuredmedia":[{"embeddable":true,"href":"https:\/\/www.tgrthaber.com\/mavikadin\/wp-json\/wp\/v2\/media\/150819"}],"wp:attachment":[{"href":"https:\/\/www.tgrthaber.com\/mavikadin\/wp-json\/wp\/v2\/media?parent=150815"}],"wp:term":[{"taxonomy":"category","embeddable":true,"href":"https:\/\/www.tgrthaber.com\/mavikadin\/wp-json\/wp\/v2\/categories?post=150815"},{"taxonomy":"post_tag","embeddable":true,"href":"https:\/\/www.tgrthaber.com\/mavikadin\/wp-json\/wp\/v2\/tags?post=150815"}],"curies":[{"name":"wp","href":"https:\/\/api.w.org\/{rel}","templated":true}]}}