{"id":150872,"date":"2025-03-22T13:20:08","date_gmt":"2025-03-22T10:20:08","guid":{"rendered":"https:\/\/www.tgrthaber.com\/mavikadin\/?p=150872"},"modified":"2025-03-22T13:20:08","modified_gmt":"2025-03-22T10:20:08","slug":"yesilcamin-usta-ismi-bahar-oztanin-birinci-olum-yildonumunde-oglu-yurekleri-burktu-duygusal-bir-mesaj-yayinladi","status":"publish","type":"post","link":"https:\/\/www.tgrthaber.com\/mavikadin\/yesilcamin-usta-ismi-bahar-oztanin-birinci-olum-yildonumunde-oglu-yurekleri-burktu-duygusal-bir-mesaj-yayinladi\/","title":{"rendered":"Ye\u015fil\u00e7am&#8217;\u0131n usta ismi Bahar \u00d6ztan&#8217;\u0131n birinci \u00f6l\u00fcm y\u0131ld\u00f6n\u00fcm\u00fcnde o\u011flu y\u00fcrekleri burktu! Duygusal bir mesaj yay\u0131nlad\u0131"},"content":{"rendered":"<p>Kanser tedavisi g\u00f6rd\u00fc\u011f\u00fc hastanede 21 Mart 2024&#8217;te hayata veda eden Ye\u015fil\u00e7am&#8221;\u0131n usta ismi Bahar \u00d6ztan&#8217;\u0131n o\u011flu Yi\u011fit \u00c7olak annesini and\u0131.<\/p>\n<h3>BAHAR \u00d6ZTAN&#8217;IN B\u0130R\u0130NC\u0130 \u00d6L\u00dcM YILD\u00d6N\u00dcM\u00dcNDE O\u011eLU ANNES\u0130N\u0130 ANDI<\/h3>\n<p>Bahar \u00d6ztan \u00f6l\u00fcm y\u0131ld\u00f6n\u00fcm\u00fcn\u00fcn birinci senesinde o\u011flu taraf\u0131ndan duygusal bir mesajla an\u0131ld\u0131. Karacaahmet\u2019teki mezar\u0131 ba\u015f\u0131nda an\u0131lan Bahar \u00d6ztan, 61 ya\u015f\u0131nda aram\u0131zdan ayr\u0131lm\u0131\u015ft\u0131.<\/p>\n<p><img loading=\"lazy\" decoding=\"async\" class=\"alignnone size-full wp-image-150885\" src=\"https:\/\/www.tgrthaber.com\/mavikadin\/wp-content\/uploads\/Bahar-Oztan-2.png\" alt=\"\" width=\"1208\" height=\"680\" title=\"\" srcset=\"https:\/\/www.tgrthaber.com\/mavikadin\/wp-content\/uploads\/Bahar-Oztan-2.png 1208w, https:\/\/www.tgrthaber.com\/mavikadin\/wp-content\/uploads\/Bahar-Oztan-2-300x169.png 300w, https:\/\/www.tgrthaber.com\/mavikadin\/wp-content\/uploads\/Bahar-Oztan-2-1024x576.png 1024w, https:\/\/www.tgrthaber.com\/mavikadin\/wp-content\/uploads\/Bahar-Oztan-2-768x432.png 768w\" sizes=\"(max-width: 1208px) 100vw, 1208px\" \/><\/p>\n<hr \/>\n<p>Yi\u011fit \u00c7olak annesinin an\u0131s\u0131na lokma da\u011f\u0131tt\u0131. \u00c7olak att\u0131\u011f\u0131 duygusal mesajla da annesine olan duygular\u0131n\u0131 ve hasretini dile getirdi.<\/p>\n<p>\u201cElbet d\u00fcnya zaman\u0131nda ben de yan\u0131na gelece\u011fim. Evrende zaman kavram\u0131 olmadan\u2026 Sen, ben, Allah hep beraber bir b\u00fct\u00fcn\u2026\u201d<\/p>\n<p><img loading=\"lazy\" decoding=\"async\" class=\"alignnone size-full wp-image-150884\" src=\"https:\/\/www.tgrthaber.com\/mavikadin\/wp-content\/uploads\/Bahar-Oztan-1.png\" alt=\"\" width=\"1208\" height=\"680\" title=\"\" srcset=\"https:\/\/www.tgrthaber.com\/mavikadin\/wp-content\/uploads\/Bahar-Oztan-1.png 1208w, https:\/\/www.tgrthaber.com\/mavikadin\/wp-content\/uploads\/Bahar-Oztan-1-300x169.png 300w, https:\/\/www.tgrthaber.com\/mavikadin\/wp-content\/uploads\/Bahar-Oztan-1-1024x576.png 1024w, https:\/\/www.tgrthaber.com\/mavikadin\/wp-content\/uploads\/Bahar-Oztan-1-768x432.png 768w\" sizes=\"(max-width: 1208px) 100vw, 1208px\" \/><\/p>\n<hr \/>\n<h3>BAHAR \u00d6ZTAN K\u0130MD\u0130R?<\/h3>\n<p>Bahar \u00d6ztan do\u011fum ad\u0131yla \u00dclk\u00fc Cerraho\u011flu 11 A\u011fustos 1962 y\u0131l\u0131nda d\u00fcnyaya geldi. Sinema ve dizi oyuncusu, \u015fark\u0131c\u0131 ve model olan Bahar \u00d6ztan, 1977-2019 y\u0131llar\u0131 aras\u0131nda 42 y\u0131ll\u0131k sanat hayat\u0131 boyunca 60&#8217;a yak\u0131n film ve dizide rol ald\u0131.<\/p>\n<p><img loading=\"lazy\" decoding=\"async\" class=\"alignnone wp-image-70341\" src=\"https:\/\/www.tgrthaber.com\/mavikadin\/wp-content\/uploads\/2024\/09\/yesilcamin-gamzeli-guzeli-bahar-oztan-kimdir-bahar-oztan-saglik-durumu.jpg\" alt=\"\" width=\"1208\" height=\"680\" title=\"\" srcset=\"https:\/\/www.tgrthaber.com\/mavikadin\/wp-content\/uploads\/2024\/09\/yesilcamin-gamzeli-guzeli-bahar-oztan-kimdir-bahar-oztan-saglik-durumu.jpg 1600w, https:\/\/www.tgrthaber.com\/mavikadin\/wp-content\/uploads\/2024\/09\/yesilcamin-gamzeli-guzeli-bahar-oztan-kimdir-bahar-oztan-saglik-durumu-300x169.jpg 300w, https:\/\/www.tgrthaber.com\/mavikadin\/wp-content\/uploads\/2024\/09\/yesilcamin-gamzeli-guzeli-bahar-oztan-kimdir-bahar-oztan-saglik-durumu-1024x576.jpg 1024w, https:\/\/www.tgrthaber.com\/mavikadin\/wp-content\/uploads\/2024\/09\/yesilcamin-gamzeli-guzeli-bahar-oztan-kimdir-bahar-oztan-saglik-durumu-768x432.jpg 768w, https:\/\/www.tgrthaber.com\/mavikadin\/wp-content\/uploads\/2024\/09\/yesilcamin-gamzeli-guzeli-bahar-oztan-kimdir-bahar-oztan-saglik-durumu-1536x864.jpg 1536w, https:\/\/www.tgrthaber.com\/mavikadin\/wp-content\/uploads\/2024\/09\/yesilcamin-gamzeli-guzeli-bahar-oztan-kimdir-bahar-oztan-saglik-durumu-533x300.jpg 533w, https:\/\/www.tgrthaber.com\/mavikadin\/wp-content\/uploads\/2024\/09\/yesilcamin-gamzeli-guzeli-bahar-oztan-kimdir-bahar-oztan-saglik-durumu-600x338.jpg 600w, https:\/\/www.tgrthaber.com\/mavikadin\/wp-content\/uploads\/2024\/09\/yesilcamin-gamzeli-guzeli-bahar-oztan-kimdir-bahar-oztan-saglik-durumu-30x16.jpg 30w, https:\/\/www.tgrthaber.com\/mavikadin\/wp-content\/uploads\/2024\/09\/yesilcamin-gamzeli-guzeli-bahar-oztan-kimdir-bahar-oztan-saglik-durumu-18x10.jpg 18w\" sizes=\"(max-width: 1208px) 100vw, 1208px\" \/><\/p>\n<hr \/>\n<p>1977 y\u0131l\u0131nda Oksal Pekmezo\u011flu&#8217;nun y\u00f6netmenlik koltu\u011funda oturdu\u011fu \u00c7\u0131r\u0131l\u00e7\u0131plak filmi ile oyunculuk kariyerine ad\u0131m att\u0131.<\/p>\n<p>Bahar \u00d6ztan, Ye\u015fil\u00e7am&#8217;\u0131n Gamzeli G\u00fczeli lakapl\u0131 en \u00f6nemli oyuncular\u0131ndan birisi oldu. \u00d6ztan 1980&#8217;lerde, Kanl\u0131 Nig\u00e2r, Doktor Civan\u0131m, Orta Direk \u015eaban gibi filmlerde Kemal Sunal ile ba\u015frol oynama f\u0131rsat\u0131 buldu.<\/p>\n<p><img loading=\"lazy\" decoding=\"async\" class=\"alignnone wp-image-36247\" src=\"https:\/\/www.tgrthaber.com\/mavikadin\/wp-content\/uploads\/2024\/09\/yesilcam-in-gamzeli-guzeli-bahar-oztan-dan-aci-haber-geldi.jpg\" alt=\"\" width=\"1208\" height=\"680\" title=\"\" srcset=\"https:\/\/www.tgrthaber.com\/mavikadin\/wp-content\/uploads\/2024\/09\/yesilcam-in-gamzeli-guzeli-bahar-oztan-dan-aci-haber-geldi.jpg 1600w, https:\/\/www.tgrthaber.com\/mavikadin\/wp-content\/uploads\/2024\/09\/yesilcam-in-gamzeli-guzeli-bahar-oztan-dan-aci-haber-geldi-300x169.jpg 300w, https:\/\/www.tgrthaber.com\/mavikadin\/wp-content\/uploads\/2024\/09\/yesilcam-in-gamzeli-guzeli-bahar-oztan-dan-aci-haber-geldi-1024x576.jpg 1024w, https:\/\/www.tgrthaber.com\/mavikadin\/wp-content\/uploads\/2024\/09\/yesilcam-in-gamzeli-guzeli-bahar-oztan-dan-aci-haber-geldi-768x432.jpg 768w, https:\/\/www.tgrthaber.com\/mavikadin\/wp-content\/uploads\/2024\/09\/yesilcam-in-gamzeli-guzeli-bahar-oztan-dan-aci-haber-geldi-1536x864.jpg 1536w, https:\/\/www.tgrthaber.com\/mavikadin\/wp-content\/uploads\/2024\/09\/yesilcam-in-gamzeli-guzeli-bahar-oztan-dan-aci-haber-geldi-533x300.jpg 533w, https:\/\/www.tgrthaber.com\/mavikadin\/wp-content\/uploads\/2024\/09\/yesilcam-in-gamzeli-guzeli-bahar-oztan-dan-aci-haber-geldi-600x338.jpg 600w, https:\/\/www.tgrthaber.com\/mavikadin\/wp-content\/uploads\/2024\/09\/yesilcam-in-gamzeli-guzeli-bahar-oztan-dan-aci-haber-geldi-30x16.jpg 30w, https:\/\/www.tgrthaber.com\/mavikadin\/wp-content\/uploads\/2024\/09\/yesilcam-in-gamzeli-guzeli-bahar-oztan-dan-aci-haber-geldi-18x10.jpg 18w\" sizes=\"(max-width: 1208px) 100vw, 1208px\" \/><\/p>\n<hr \/>\n<p>Oyunculuk d\u0131\u015f\u0131nda \u015fark\u0131c\u0131l\u0131k da yapan \u00d6ztan, 1987&#8217;de \u0130zmir Enternasyonal Fuar\u0131&#8217;nda B\u00fclent Ersoy&#8217;la halk konserlerinde ve Seda Sayan&#8217;la \u00e7al\u0131\u015fma f\u0131rsat\u0131 buldu.<\/p>\n<p>Yavuz \u00c7olak tan\u0131\u015ft\u0131 ve 1993 y\u0131l\u0131nda evlendi. 1996 y\u0131l\u0131nda o\u011flu Yi\u011fit&#8217;i d\u00fcnyaya getiren \u00d6ztan, ayn\u0131 y\u0131l Bodrum&#8217;da Prens Prenses isimli bir anaokulu a\u00e7t\u0131.<\/p>\n<p><img loading=\"lazy\" decoding=\"async\" class=\"alignnone wp-image-55567\" src=\"https:\/\/www.tgrthaber.com\/mavikadin\/wp-content\/uploads\/2024\/09\/bahar-oztan-dan-kotu-haber-5-kez-kansere-yakalandi.jpg\" alt=\"\" width=\"1208\" height=\"634\" title=\"\" srcset=\"https:\/\/www.tgrthaber.com\/mavikadin\/wp-content\/uploads\/2024\/09\/bahar-oztan-dan-kotu-haber-5-kez-kansere-yakalandi.jpg 1200w, https:\/\/www.tgrthaber.com\/mavikadin\/wp-content\/uploads\/2024\/09\/bahar-oztan-dan-kotu-haber-5-kez-kansere-yakalandi-300x158.jpg 300w, https:\/\/www.tgrthaber.com\/mavikadin\/wp-content\/uploads\/2024\/09\/bahar-oztan-dan-kotu-haber-5-kez-kansere-yakalandi-1024x538.jpg 1024w, https:\/\/www.tgrthaber.com\/mavikadin\/wp-content\/uploads\/2024\/09\/bahar-oztan-dan-kotu-haber-5-kez-kansere-yakalandi-768x403.jpg 768w, https:\/\/www.tgrthaber.com\/mavikadin\/wp-content\/uploads\/2024\/09\/bahar-oztan-dan-kotu-haber-5-kez-kansere-yakalandi-571x300.jpg 571w, https:\/\/www.tgrthaber.com\/mavikadin\/wp-content\/uploads\/2024\/09\/bahar-oztan-dan-kotu-haber-5-kez-kansere-yakalandi-600x315.jpg 600w, https:\/\/www.tgrthaber.com\/mavikadin\/wp-content\/uploads\/2024\/09\/bahar-oztan-dan-kotu-haber-5-kez-kansere-yakalandi-30x16.jpg 30w, https:\/\/www.tgrthaber.com\/mavikadin\/wp-content\/uploads\/2024\/09\/bahar-oztan-dan-kotu-haber-5-kez-kansere-yakalandi-19x10.jpg 19w\" sizes=\"(max-width: 1208px) 100vw, 1208px\" \/><\/p>\n<hr \/>\n<p>E\u015finin i\u015fleri dolay\u0131s\u0131yla Amerika Birle\u015fik Devletleri&#8217;ne 2001&#8217;de ta\u015f\u0131nd\u0131. 6 sene burada ya\u015fad\u0131. \u00dcnl\u00fc isim 2007&#8217;de T\u00fcrkiye&#8217;ye kesin d\u00f6n\u00fc\u015f yapt\u0131. \u00d6ztan, 2008&#8217;de e\u015fi Yavuz \u00c7olak&#8217;tan bo\u015fand\u0131.<\/p>\n<p>2011 y\u0131l\u0131nda y\u00f6netmenli\u011fini Fortuna Zafer&#8217;in yapt\u0131\u011f\u0131 NutriFin reklam filmiyle ekrana geri d\u00f6nd\u00fc.<\/p>\n","protected":false},"excerpt":{"rendered":"<p>Ye\u015fil\u00e7am&#8217;\u0131n usta ismi Bahar \u00d6ztan&#8217;\u0131n birinci \u00f6l\u00fcm y\u0131ld\u00f6n\u00fcm\u00fcnde o\u011flu Yi\u011fit \u00c7olak annesini and\u0131. Duygusal bir mesaj yay\u0131nlayan \u00c7olak, annesi \u00d6ztan&#8217;\u0131n sevenlerini h\u00fcz\u00fcnlendirdi.<\/p>\n","protected":false},"author":5,"featured_media":150883,"comment_status":"closed","ping_status":"closed","sticky":false,"template":"","format":"standard","meta":{"rank_math_lock_modified_date":false,"footnotes":""},"categories":[76],"tags":[15130],"class_list":["post-150872","post","type-post","status-publish","format-standard","has-post-thumbnail","hentry","category-magazin","tag-bahar-oztan"],"_links":{"self":[{"href":"https:\/\/www.tgrthaber.com\/mavikadin\/wp-json\/wp\/v2\/posts\/150872"}],"collection":[{"href":"https:\/\/www.tgrthaber.com\/mavikadin\/wp-json\/wp\/v2\/posts"}],"about":[{"href":"https:\/\/www.tgrthaber.com\/mavikadin\/wp-json\/wp\/v2\/types\/post"}],"author":[{"embeddable":true,"href":"https:\/\/www.tgrthaber.com\/mavikadin\/wp-json\/wp\/v2\/users\/5"}],"replies":[{"embeddable":true,"href":"https:\/\/www.tgrthaber.com\/mavikadin\/wp-json\/wp\/v2\/comments?post=150872"}],"version-history":[{"count":2,"href":"https:\/\/www.tgrthaber.com\/mavikadin\/wp-json\/wp\/v2\/posts\/150872\/revisions"}],"predecessor-version":[{"id":150888,"href":"https:\/\/www.tgrthaber.com\/mavikadin\/wp-json\/wp\/v2\/posts\/150872\/revisions\/150888"}],"wp:featuredmedia":[{"embeddable":true,"href":"https:\/\/www.tgrthaber.com\/mavikadin\/wp-json\/wp\/v2\/media\/150883"}],"wp:attachment":[{"href":"https:\/\/www.tgrthaber.com\/mavikadin\/wp-json\/wp\/v2\/media?parent=150872"}],"wp:term":[{"taxonomy":"category","embeddable":true,"href":"https:\/\/www.tgrthaber.com\/mavikadin\/wp-json\/wp\/v2\/categories?post=150872"},{"taxonomy":"post_tag","embeddable":true,"href":"https:\/\/www.tgrthaber.com\/mavikadin\/wp-json\/wp\/v2\/tags?post=150872"}],"curies":[{"name":"wp","href":"https:\/\/api.w.org\/{rel}","templated":true}]}}