{"id":150964,"date":"2025-03-22T16:11:00","date_gmt":"2025-03-22T13:11:00","guid":{"rendered":"https:\/\/www.tgrthaber.com\/mavikadin\/?p=150964"},"modified":"2025-03-22T16:11:01","modified_gmt":"2025-03-22T13:11:01","slug":"filiz-akin-ile-turker-inanoglu-kac-yil-evli-kaldi-oyuncu-ilker-inanoglunun-babasi-turker-inanoglu-kimdir","status":"publish","type":"post","link":"https:\/\/www.tgrthaber.com\/mavikadin\/filiz-akin-ile-turker-inanoglu-kac-yil-evli-kaldi-oyuncu-ilker-inanoglunun-babasi-turker-inanoglu-kimdir\/","title":{"rendered":"Filiz Ak\u0131n ile T\u00fcrker \u0130nano\u011flu ka\u00e7 y\u0131l evli kald\u0131? Oyuncu \u0130lker \u0130nano\u011flu&#8217;nun babas\u0131 T\u00fcrker \u0130nano\u011flu kimdir"},"content":{"rendered":"<p>5 sene \u00f6nce bel f\u0131t\u0131\u011f\u0131 rahats\u0131zl\u0131\u011f\u0131 nedeniyle belinden ameliyata giren usta y\u00f6netmen T\u00fcrker \u0130nano\u011flu, sonralar\u0131nda solunum s\u0131k\u0131nt\u0131s\u0131 sebebiyle bir s\u00fcre hastanede tedavi g\u00f6rmek zorunda kalm\u0131\u015ft\u0131.<\/p>\n<p>Art\u0131k ya\u015f\u0131 itibari ile de birtak\u0131m sa\u011fl\u0131k sorunlar\u0131 ile hayata tutunmaya \u00e7al\u0131\u015fan y\u00f6netmen T\u00fcrker \u0130nano\u011flu, 2 Nisan 2024 tarihinde \u0130stanbul&#8217;da kald\u0131r\u0131ld\u0131\u011f\u0131 bir hastanede 87 ya\u015f\u0131nda hayata g\u00f6zlerini yummu\u015ftu.<\/p>\n<p>T\u00fcrk sinemas\u0131n\u0131n unutulmaz isimlerinden olan Ye\u015fil\u00e7am g\u00fczeli Filiz Ak\u0131n&#8217;\u0131n e\u015fi olan T\u00fcrker \u0130nano\u011flu hakk\u0131nda merak edilenleri sizlere derledik. Peki y\u00f6netmen ve yap\u0131mc\u0131 T\u00fcrker \u0130nano\u011flu asl\u0131nda kimdir?<\/p>\n<h3>S\u0130NEMA OYUNCUSU F\u0130L\u0130Z AKIN&#8217;IN E\u015e\u0130 T\u00dcRKER \u0130NANO\u011eLU K\u0130MD\u0130R?<\/h3>\n<p>18 May\u0131s 1936&#8217;da Karab\u00fck&#8217;te do\u011fan usta y\u00f6netmen ve yap\u0131mc\u0131 T\u00fcrker \u0130nano\u011flu sinema sekt\u00f6r\u00fcne 1957 y\u0131l\u0131nda Tatbik\u00ee G\u00fczel Sanatlar Y\u00fcksek Okulu&#8217;nda okurken, y\u00f6netmen yard\u0131mc\u0131s\u0131 olarak giri\u015f yapm\u0131\u015ft\u0131.<\/p>\n<p><img loading=\"lazy\" decoding=\"async\" class=\"alignnone wp-image-150990\" src=\"https:\/\/www.tgrthaber.com\/mavikadin\/wp-content\/uploads\/rrrw-3.png\" alt=\"\" width=\"1208\" height=\"653\" title=\"\" srcset=\"https:\/\/www.tgrthaber.com\/mavikadin\/wp-content\/uploads\/rrrw-3.png 925w, https:\/\/www.tgrthaber.com\/mavikadin\/wp-content\/uploads\/rrrw-3-300x162.png 300w, https:\/\/www.tgrthaber.com\/mavikadin\/wp-content\/uploads\/rrrw-3-768x415.png 768w\" sizes=\"(max-width: 1208px) 100vw, 1208px\" \/><\/p>\n<hr \/>\n<p>L\u00fctfi \u00d6mer Akad ve Ni\u015fan Han\u00e7er gibi \u00e7e\u015fitli y\u00f6netmenlerin asistan\u0131 olarak meslekte kendini geli\u015ftiren \u0130nanoplu, 1959 y\u0131l\u0131nda &#8216;Senden Ayr\u0131 Ya\u015fayamam&#8217; isimli filmle y\u00f6netmenli\u011fe ba\u015flad\u0131.<\/p>\n<p>Y\u00f6netmen \u0130nano\u011flu, 1979 senesinde Ulusal Video Film Anonim \u015eirketi unvan\u0131yla bir \u015firket kurarak videoyu T\u00fcrkiye\u2019ye sokmu\u015f oldu. Ulusal Video, \u00fclke i\u00e7erisinde ilk defa video kaset da\u011f\u0131t\u0131m\u0131 ba\u015flatarak d\u00f6nemde adeta bir \u00e7\u0131\u011f\u0131r a\u00e7t\u0131.<\/p>\n<p><img loading=\"lazy\" decoding=\"async\" class=\"alignnone wp-image-150991\" src=\"https:\/\/www.tgrthaber.com\/mavikadin\/wp-content\/uploads\/hg-3.png\" alt=\"\" width=\"1208\" height=\"660\" title=\"\" srcset=\"https:\/\/www.tgrthaber.com\/mavikadin\/wp-content\/uploads\/hg-3.png 1137w, https:\/\/www.tgrthaber.com\/mavikadin\/wp-content\/uploads\/hg-3-300x164.png 300w, https:\/\/www.tgrthaber.com\/mavikadin\/wp-content\/uploads\/hg-3-1024x559.png 1024w, https:\/\/www.tgrthaber.com\/mavikadin\/wp-content\/uploads\/hg-3-768x419.png 768w\" sizes=\"(max-width: 1208px) 100vw, 1208px\" \/><\/p>\n<hr \/>\n<p>1994 senesinde Televizyon kanallar\u0131ndan ATV&#8217;nin kurucusu oldu. Ayr\u0131ca Beyo\u011flu&#8217;nda Atlas Sinemas\u0131, \u015ei\u015fli&#8217;de Kent Sinemas\u0131, Kavac\u0131k&#8217;ta Bo\u011fazi\u00e7i Sinemalar\u0131&#8217;n\u0131n da sahibi olmaktad\u0131r.<\/p>\n<h3>F\u0130L\u0130Z AKIN \u0130LE T\u00dcRKER \u0130NANO\u011eLU NE ZAMAN EVLEND\u0130, NE KADAR EVL\u0130 KALDILAR?<\/h3>\n<p>Y\u00f6netmen T\u00fcrker \u0130nano\u011flu, Ye\u015fil\u00e7am oyuncusu Filiz Ak\u0131n ile evlendi\u011finde \u0130lker \u0130nano\u011flu isimli bir \u00e7ocuklar\u0131 olmu\u015ftu. Ak\u0131n&#8217;dan ayr\u0131ld\u0131ktan sonra ise 1975 seneinde Ye\u015fil\u00e7am&#8217;\u0131n bir ba\u015fka g\u00fczeli G\u00fcl\u015fen Bubiko\u011flu ile evlenmi\u015fti.<\/p>\n<p><img loading=\"lazy\" decoding=\"async\" class=\"alignnone wp-image-71942\" src=\"https:\/\/www.tgrthaber.com\/mavikadin\/wp-content\/uploads\/2024\/09\/yesilcam-in-duayeni-turker-inanoglu-hayatini-kaybetti.jpg\" alt=\"\" width=\"1208\" height=\"680\" title=\"\" srcset=\"https:\/\/www.tgrthaber.com\/mavikadin\/wp-content\/uploads\/2024\/09\/yesilcam-in-duayeni-turker-inanoglu-hayatini-kaybetti.jpg 1600w, https:\/\/www.tgrthaber.com\/mavikadin\/wp-content\/uploads\/2024\/09\/yesilcam-in-duayeni-turker-inanoglu-hayatini-kaybetti-300x169.jpg 300w, https:\/\/www.tgrthaber.com\/mavikadin\/wp-content\/uploads\/2024\/09\/yesilcam-in-duayeni-turker-inanoglu-hayatini-kaybetti-1024x576.jpg 1024w, https:\/\/www.tgrthaber.com\/mavikadin\/wp-content\/uploads\/2024\/09\/yesilcam-in-duayeni-turker-inanoglu-hayatini-kaybetti-768x432.jpg 768w, https:\/\/www.tgrthaber.com\/mavikadin\/wp-content\/uploads\/2024\/09\/yesilcam-in-duayeni-turker-inanoglu-hayatini-kaybetti-1536x864.jpg 1536w, https:\/\/www.tgrthaber.com\/mavikadin\/wp-content\/uploads\/2024\/09\/yesilcam-in-duayeni-turker-inanoglu-hayatini-kaybetti-533x300.jpg 533w, https:\/\/www.tgrthaber.com\/mavikadin\/wp-content\/uploads\/2024\/09\/yesilcam-in-duayeni-turker-inanoglu-hayatini-kaybetti-600x338.jpg 600w, https:\/\/www.tgrthaber.com\/mavikadin\/wp-content\/uploads\/2024\/09\/yesilcam-in-duayeni-turker-inanoglu-hayatini-kaybetti-30x16.jpg 30w, https:\/\/www.tgrthaber.com\/mavikadin\/wp-content\/uploads\/2024\/09\/yesilcam-in-duayeni-turker-inanoglu-hayatini-kaybetti-18x10.jpg 18w\" sizes=\"(max-width: 1208px) 100vw, 1208px\" \/><\/p>\n<hr \/>\n<p>Ak\u0131n ile beraber on seneyi birden deviren merhum isim T\u00fcrker \u0130nano\u011flu&#8217;nun e\u015fi Filiz Ak\u0131n bug\u00fcn tedavi g\u00f6rd\u00fc\u011f\u00fc hastanede hayat\u0131n\u0131 kaybetti. Usta oyuncu Filiz Ak\u0131n, y\u00f6netmen e\u015fi T\u00fcrker \u0130nano\u011flu ile (1964\u20131974) y\u0131llar\u0131 aras\u0131nda mutlu bir beraberlik s\u00fcrd\u00fcrm\u00fc\u015ft\u00fc.<\/p>\n<p>https:\/\/www.instagram.com\/p\/DHgFr8st8YA\/<\/p>\n","protected":false},"excerpt":{"rendered":"<p>Vefat eden Ye\u015fil\u00e7am oyuncusu Filiz Ak\u0131n&#8217;\u0131n e\u015fi ve ayn\u0131 zamanda \u015fimdilerde oyunculuk yapan \u0130lker \u0130nano\u011flu&#8217;nun babas\u0131 T\u00fcrker \u0130nano\u011flu kimdir? Filiz Ak\u0131n ile T\u00fcrker \u0130nano\u011flu ne kadar evli kald\u0131?<\/p>\n","protected":false},"author":27,"featured_media":150996,"comment_status":"closed","ping_status":"closed","sticky":false,"template":"","format":"standard","meta":{"rank_math_lock_modified_date":false,"footnotes":""},"categories":[491],"tags":[8167,15148,15147,8170,15146],"class_list":["post-150964","post","type-post","status-publish","format-standard","has-post-thumbnail","hentry","category-biyografi","tag-filiz-akin","tag-filiz-akinin-esi","tag-ilker-inanoglunun-babasi-kimdir","tag-turker-inanoglu","tag-turker-inanoglu-kimdir"],"_links":{"self":[{"href":"https:\/\/www.tgrthaber.com\/mavikadin\/wp-json\/wp\/v2\/posts\/150964"}],"collection":[{"href":"https:\/\/www.tgrthaber.com\/mavikadin\/wp-json\/wp\/v2\/posts"}],"about":[{"href":"https:\/\/www.tgrthaber.com\/mavikadin\/wp-json\/wp\/v2\/types\/post"}],"author":[{"embeddable":true,"href":"https:\/\/www.tgrthaber.com\/mavikadin\/wp-json\/wp\/v2\/users\/27"}],"replies":[{"embeddable":true,"href":"https:\/\/www.tgrthaber.com\/mavikadin\/wp-json\/wp\/v2\/comments?post=150964"}],"version-history":[{"count":2,"href":"https:\/\/www.tgrthaber.com\/mavikadin\/wp-json\/wp\/v2\/posts\/150964\/revisions"}],"predecessor-version":[{"id":151005,"href":"https:\/\/www.tgrthaber.com\/mavikadin\/wp-json\/wp\/v2\/posts\/150964\/revisions\/151005"}],"wp:featuredmedia":[{"embeddable":true,"href":"https:\/\/www.tgrthaber.com\/mavikadin\/wp-json\/wp\/v2\/media\/150996"}],"wp:attachment":[{"href":"https:\/\/www.tgrthaber.com\/mavikadin\/wp-json\/wp\/v2\/media?parent=150964"}],"wp:term":[{"taxonomy":"category","embeddable":true,"href":"https:\/\/www.tgrthaber.com\/mavikadin\/wp-json\/wp\/v2\/categories?post=150964"},{"taxonomy":"post_tag","embeddable":true,"href":"https:\/\/www.tgrthaber.com\/mavikadin\/wp-json\/wp\/v2\/tags?post=150964"}],"curies":[{"name":"wp","href":"https:\/\/api.w.org\/{rel}","templated":true}]}}