{"id":151130,"date":"2025-03-22T23:04:22","date_gmt":"2025-03-22T20:04:22","guid":{"rendered":"https:\/\/www.tgrthaber.com\/mavikadin\/?p=151130"},"modified":"2025-03-31T01:49:41","modified_gmt":"2025-03-30T22:49:41","slug":"bu-ay-kac-unlu-isim-vefat-etti-mart-2025-yilinda-aramizdan-ayrilan-unlu-isimler","status":"publish","type":"post","link":"https:\/\/www.tgrthaber.com\/mavikadin\/bu-ay-kac-unlu-isim-vefat-etti-mart-2025-yilinda-aramizdan-ayrilan-unlu-isimler\/","title":{"rendered":"Bu ay ka\u00e7 \u00fcnl\u00fc isim vefat etti? Mart 2025 y\u0131l\u0131nda aram\u0131zdan ayr\u0131lan \u00fcnl\u00fc isimler"},"content":{"rendered":"<p>Sinema ve sanat d\u00fcnyas\u0131nda efsanele\u015fmi\u015f isimler Mart ay\u0131 2025 y\u0131l\u0131nda pe\u015f pe\u015fe aram\u0131zdan ayr\u0131ld\u0131. \u00dcnl\u00fc isimlerin ayr\u0131l\u0131\u015f\u0131n\u0131n ard\u0131ndan derin bir \u00fcz\u00fcnt\u00fc ve yas ya\u015fand\u0131. Ya\u015famlar\u0131 boyunca \u00fcrettikleri eserlerle sonsuza denk ya\u015fayacak olan isimler aras\u0131nda Tanyeli, Edip Akbayram, Osman S\u0131nav, Filiz Ak\u0131n, Erhan Baytimur, \u015einasi Yurtsever, gibi de\u011ferli sanat\u00e7\u0131lar\u0131 ve sinemac\u0131lar\u0131 kaybettik.<\/p>\n<h3>MART 2025 YILINDA ARAMIZDAN AYRILAN \u00dcNL\u00dc \u0130S\u0130MLER<\/h3>\n<p>Sinema ve sanat d\u00fcnyas\u0131na y\u0131llarca emek vermi\u015f, bir\u00e7ok ilklere imza atan \u00fcnl\u00fc isimler 2025 Mart ay\u0131nda aram\u0131zdan ayr\u0131ld\u0131. Filmleriyle, \u015fark\u0131lar\u0131yla ve oyunculuklar\u0131yla geni\u015f bir kitlelere kadar ula\u015fm\u0131\u015f, 7\u2019den 70\u2019e herkesin sevdi\u011fi 6 \u00fcnl\u00fc isim vefat etti.<\/p>\n<p><img loading=\"lazy\" decoding=\"async\" class=\"alignnone wp-image-151133\" src=\"https:\/\/www.tgrthaber.com\/mavikadin\/wp-content\/uploads\/Yonetmen-Erhan-Baytimur-1-Mart-2025-vefat-etti-300x169.jpg\" alt=\"Y\u00f6netmen Erhan Baytimur, 1 Mart 2025&#039;\" width=\"1208\" height=\"680\" title=\"\" srcset=\"https:\/\/www.tgrthaber.com\/mavikadin\/wp-content\/uploads\/Yonetmen-Erhan-Baytimur-1-Mart-2025-vefat-etti-300x169.jpg 300w, https:\/\/www.tgrthaber.com\/mavikadin\/wp-content\/uploads\/Yonetmen-Erhan-Baytimur-1-Mart-2025-vefat-etti-1024x576.jpg 1024w, https:\/\/www.tgrthaber.com\/mavikadin\/wp-content\/uploads\/Yonetmen-Erhan-Baytimur-1-Mart-2025-vefat-etti-768x432.jpg 768w, https:\/\/www.tgrthaber.com\/mavikadin\/wp-content\/uploads\/Yonetmen-Erhan-Baytimur-1-Mart-2025-vefat-etti-1536x864.jpg 1536w, https:\/\/www.tgrthaber.com\/mavikadin\/wp-content\/uploads\/Yonetmen-Erhan-Baytimur-1-Mart-2025-vefat-etti.jpg 1920w\" sizes=\"(max-width: 1208px) 100vw, 1208px\" \/><\/p>\n<hr \/>\n<h3>1 MART 2025 ERHAN BAYT\u0130MUR \u2013 Y\u00d6NETMEN<\/h3>\n<p>1 Ocak 1970 do\u011fum olan \u00fcnl\u00fc y\u00f6netmen Erhan Baytimur, son nefesine kadar ya\u015fam\u0131na bir\u00e7ok dizi ve film s\u0131\u011fd\u0131rd\u0131. 1991 y\u0131l\u0131nda ba\u015flad\u0131\u011f\u0131 sinema ve dizi sekt\u00f6r\u00fcne say\u0131s\u0131z eserini b\u0131rakt\u0131. Aynal\u0131 Tahir dizisi ile ad\u0131n\u0131 duyuran y\u00f6netmen Erhan Baytimur, \u0130psiz Recep, Bez Bebek A\u015fk\u0131na E\u015fkiya, \u015eefkat Tepe, El Gibi, Deli Divane, Bordo Bereliler Suriye, Bordo Bereliler 2: Afrin ve \u00c7at Kap\u0131 A\u015fk yap\u0131mlar\u0131n\u0131 y\u00f6netti. Y\u00f6netmen Erhan Baytimur, 1 Mart 2025&#8217;te yumu\u015fak doku kanseri rahats\u0131zl\u0131\u011f\u0131ndan dolay\u0131 \u0130stanbul&#8217;da 55 ya\u015f\u0131nda vefat etti. Y\u00f6netmenin cenazesi \u00dcsk\u00fcdar&#8217;daki B\u00fcy\u00fck Selimiye Camii&#8217;nden kald\u0131r\u0131larak \u00dcmraniye&#8217;deki Hekimba\u015f\u0131 Mezarl\u0131\u011f\u0131&#8217;na defnedildi.<\/p>\n<p><img loading=\"lazy\" decoding=\"async\" class=\"alignnone wp-image-151139\" src=\"https:\/\/www.tgrthaber.com\/mavikadin\/wp-content\/uploads\/2-Mart-2025-tarihinde-edip-akbayram-vefat-etti-300x169.jpg\" alt=\"2 Mart 2025 tarihinde edip akbayram vefat etti\" width=\"1208\" height=\"680\" title=\"\" srcset=\"https:\/\/www.tgrthaber.com\/mavikadin\/wp-content\/uploads\/2-Mart-2025-tarihinde-edip-akbayram-vefat-etti-300x169.jpg 300w, https:\/\/www.tgrthaber.com\/mavikadin\/wp-content\/uploads\/2-Mart-2025-tarihinde-edip-akbayram-vefat-etti-1024x576.jpg 1024w, https:\/\/www.tgrthaber.com\/mavikadin\/wp-content\/uploads\/2-Mart-2025-tarihinde-edip-akbayram-vefat-etti-768x432.jpg 768w, https:\/\/www.tgrthaber.com\/mavikadin\/wp-content\/uploads\/2-Mart-2025-tarihinde-edip-akbayram-vefat-etti-1536x864.jpg 1536w, https:\/\/www.tgrthaber.com\/mavikadin\/wp-content\/uploads\/2-Mart-2025-tarihinde-edip-akbayram-vefat-etti.jpg 1920w\" sizes=\"(max-width: 1208px) 100vw, 1208px\" \/><\/p>\n<hr \/>\n<h3>2 MART 2025 ED\u0130P AKBAYRAM \u2013 SANAT\u00c7I<\/h3>\n<p>29 Aral\u0131k 1920 do\u011fumlu olan Edip Akbayram, m\u00fczi\u011fe olan tutkusu \u00e7ocukluk y\u0131llar\u0131nda ba\u015flad\u0131. Efsane isim yapt\u0131\u011f\u0131 eserlerle 7\u2019den 70\u2019e herkesin sevgisini kazand\u0131. \u201cKendim Ettim Kendim Buldum\u201d \u015fark\u0131s\u0131 ile \u00e7\u0131k\u0131\u015f yakalayan Edip Akbayram, 55 y\u0131ll\u0131k sanat hayat\u0131 boyunca dillere destan olmu\u015f \u015fark\u0131lara imza att\u0131. 1979 y\u0131l\u0131nda Ayten Akbayram\u2019la d\u00fcnya evine giren Edip Akbayram\u2019\u0131n T\u00fcrk\u00fc ve Ozan ad\u0131nda iki evlad\u0131 bulunuyor.<\/p>\n<p>2 Mart 2025 tarihinde zat\u00fcrre tedavisi sonras\u0131 ge\u00e7irdi\u011fi i\u00e7 kanama nedeniyle 53 g\u00fcn yo\u011fun bak\u0131mda tedavi g\u00f6rd\u00fc. Haydarpa\u015fa Numune Hastanesi&#8217;nde, \u00e7oklu organ yetmezli\u011fi nedeniyle \u00f6ld\u00fc. 4 Mart 2025&#8217;te Akbayram i\u00e7in Cemal Re\u015fit Rey Konser Salonu&#8217;nda anma t\u00f6reni d\u00fczenlenerek, Te\u015fvikiye Camii&#8217;nde k\u0131l\u0131nan cenaze namaz\u0131n\u0131n ard\u0131ndan Karacaahmet Mezarl\u0131\u011f\u0131&#8217;nda defnedildi.<\/p>\n<p><img loading=\"lazy\" decoding=\"async\" class=\"alignnone wp-image-151140\" src=\"https:\/\/www.tgrthaber.com\/mavikadin\/wp-content\/uploads\/13-Mart-2025-tarihinde-sinasi-yurtsever-hayatini-kaybetti-300x169.jpg\" alt=\"13 Mart 2025 tarihinde \u015finasi yurtsever hayat\u0131n\u0131 kaybetti\" width=\"1208\" height=\"680\" title=\"\" srcset=\"https:\/\/www.tgrthaber.com\/mavikadin\/wp-content\/uploads\/13-Mart-2025-tarihinde-sinasi-yurtsever-hayatini-kaybetti-300x169.jpg 300w, https:\/\/www.tgrthaber.com\/mavikadin\/wp-content\/uploads\/13-Mart-2025-tarihinde-sinasi-yurtsever-hayatini-kaybetti-1024x576.jpg 1024w, https:\/\/www.tgrthaber.com\/mavikadin\/wp-content\/uploads\/13-Mart-2025-tarihinde-sinasi-yurtsever-hayatini-kaybetti-768x432.jpg 768w, https:\/\/www.tgrthaber.com\/mavikadin\/wp-content\/uploads\/13-Mart-2025-tarihinde-sinasi-yurtsever-hayatini-kaybetti-1536x864.jpg 1536w, https:\/\/www.tgrthaber.com\/mavikadin\/wp-content\/uploads\/13-Mart-2025-tarihinde-sinasi-yurtsever-hayatini-kaybetti.jpg 1920w\" sizes=\"(max-width: 1208px) 100vw, 1208px\" \/><\/p>\n<hr \/>\n<h3>13 MART 2025 \u015e\u0130NAS\u0130 YURTSEVER \u2013 OYUNCU<\/h3>\n<p>16 Temmuz 1973 do\u011fumlu olan \u015einasi Yurtsever, K\u00fc\u00e7\u00fck \u0130bo dizisinde oynad\u0131\u011f\u0131 Sel\u00e7uk karakteri ile T\u00fcrk televizyon ve sinema d\u00fcnyas\u0131na ad\u0131m att\u0131. 97 y\u0131l\u0131nda ba\u015flad\u0131\u011f\u0131 oyunculuk mesle\u011fini g\u00fcn\u00fcm\u00fcze kadar s\u00fcrd\u00fcrd\u00fc. D\u00fc\u011f\u00fcn Dernek ve Karde\u015f Pay\u0131 yap\u0131mlar\u0131yla geni\u015f bir kitle taraf\u0131ndan tan\u0131narak, \u00e7ok sevildi. 2006 y\u0131l\u0131nda e\u015fi Ferihan Kaya ile d\u00fcnya evine girdi.<\/p>\n<p>\u00dcnl\u00fc oyuncu 13 Mart 2025 tarihinde mide kanseri nedeniyle hayat\u0131n\u0131 kaybetti. Cenazesi 15 Mart 2025 tarihinde Barbaros Hayrettin Pa\u015fa Camii&#8217;nde k\u0131l\u0131nan cenaze namaz\u0131n\u0131n ard\u0131ndan Zincirlikuyu Mezarl\u0131\u011f\u0131&#8217;nda topra\u011fa verildi.<\/p>\n<p><img loading=\"lazy\" decoding=\"async\" class=\"alignnone wp-image-151158\" src=\"https:\/\/www.tgrthaber.com\/mavikadin\/wp-content\/uploads\/17-MART-tanyeli-vefat-etti-300x169.jpg\" alt=\"17 MART tanyeli vefat etti\" width=\"1208\" height=\"680\" title=\"\" srcset=\"https:\/\/www.tgrthaber.com\/mavikadin\/wp-content\/uploads\/17-MART-tanyeli-vefat-etti-300x169.jpg 300w, https:\/\/www.tgrthaber.com\/mavikadin\/wp-content\/uploads\/17-MART-tanyeli-vefat-etti-1024x576.jpg 1024w, https:\/\/www.tgrthaber.com\/mavikadin\/wp-content\/uploads\/17-MART-tanyeli-vefat-etti-768x432.jpg 768w, https:\/\/www.tgrthaber.com\/mavikadin\/wp-content\/uploads\/17-MART-tanyeli-vefat-etti-1536x864.jpg 1536w, https:\/\/www.tgrthaber.com\/mavikadin\/wp-content\/uploads\/17-MART-tanyeli-vefat-etti.jpg 1920w\" sizes=\"(max-width: 1208px) 100vw, 1208px\" \/><\/p>\n<hr \/>\n<h3>17 MART 2025 TANYEL\u0130 &#8211; \u015eARKISI VE SAHNE SANAT\u00c7ISI<\/h3>\n<p>Tanyeli, 15 Ocak 1971 y\u0131l\u0131nda \u0130zmir\u2019de d\u00fcnyaya geldi. \u00c7ocuk Esirgeme Kurumu\u2019nda b\u00fcy\u00fcyen Tanyeli, daha sonrada \u0130zmir\u2019deki b\u00fcy\u00fckannesinin yan\u0131na ya\u015fam\u0131na devam etti. 12 ya\u015f\u0131nda ya\u015fama tutunmak ad\u0131na bir s\u00fcr\u00fc i\u015fte \u00e7al\u0131\u015fan Tanyeli, \u015fark\u0131 s\u00f6yleyerek, sahne alarak dans alan\u0131nda da ad\u0131ndan s\u00f6z ettirdi. Tanyeli, ya\u015fam\u0131na 3 tane alb\u00fcm 1 tane de kitap s\u0131\u011fd\u0131rd\u0131. 3 y\u0131l boyunca Pankreas kanseri ile sava\u015f veren Tanyeli, 17 Mart 2025 g\u00fcn\u00fc \u00e7oklu organ yetmezli\u011fi sebebiyle tedavi g\u00f6rd\u00fc\u011f\u00fc hastane ya\u015fama veda etti.<\/p>\n<p><img loading=\"lazy\" decoding=\"async\" class=\"alignnone wp-image-151144\" src=\"https:\/\/www.tgrthaber.com\/mavikadin\/wp-content\/uploads\/20-Mart-2025te-osman-sinav-vefat-etti-300x169.jpg\" alt=\"20 Mart 2025&#039;te osman s\u0131nav vefat etti\" width=\"1208\" height=\"680\" title=\"\" srcset=\"https:\/\/www.tgrthaber.com\/mavikadin\/wp-content\/uploads\/20-Mart-2025te-osman-sinav-vefat-etti-300x169.jpg 300w, https:\/\/www.tgrthaber.com\/mavikadin\/wp-content\/uploads\/20-Mart-2025te-osman-sinav-vefat-etti-1024x576.jpg 1024w, https:\/\/www.tgrthaber.com\/mavikadin\/wp-content\/uploads\/20-Mart-2025te-osman-sinav-vefat-etti-768x432.jpg 768w, https:\/\/www.tgrthaber.com\/mavikadin\/wp-content\/uploads\/20-Mart-2025te-osman-sinav-vefat-etti-1536x864.jpg 1536w, https:\/\/www.tgrthaber.com\/mavikadin\/wp-content\/uploads\/20-Mart-2025te-osman-sinav-vefat-etti.jpg 1920w\" sizes=\"(max-width: 1208px) 100vw, 1208px\" \/><\/p>\n<hr \/>\n<h3>20 MART 2025 OSMAN SINAV \u2013 Y\u00d6NETMEN<\/h3>\n<p>1956 A\u011fustos do\u011fumlu olan Osman S\u0131nav, hayali olan sinema d\u00fcnyas\u0131na \u00e7ocuklu\u011fundan beri ilgisi vard\u0131. E\u011fitim hayat\u0131n\u0131 G\u00fczel Sanatlar \u00fczerine yapan \u00fcnl\u00fc y\u00f6netmen Osman S\u0131nav, 1980 y\u0131l\u0131nda reklamc\u0131l\u0131k hayat\u0131na ad\u0131m atarak, sinema ve televizyon d\u00fcnyas\u0131na emin ad\u0131mlarla ilerler. 984 y\u0131l\u0131nda Sinegraf Film Yap\u0131m\/Y\u00f6netim Ltd. \u015eti.ni kurarak, sinema sekt\u00f6r\u00fcne ge\u00e7i\u015f yapar. Deli Y\u00fcrek, S\u0131cak Saatler, Kurtlar Vadisi Pusu, S\u00fcper Baba, Sen Anlat Karadeniz, Ekmek Teknesi gibi bir\u00e7ok yap\u0131ma imzas\u0131n\u0131 att\u0131.<\/p>\n<p>1985 y\u0131l\u0131nda Tang\u00fcl S\u0131nav ile evlendi ve 3 \u00e7ocuklar\u0131 d\u00fcnyaya geldi. 2016 y\u0131l\u0131nda e\u015finden ayr\u0131lm\u0131\u015ft\u0131r. Osman S\u0131nav, 20 Mart 2025&#8217;te 68 ya\u015f\u0131nda kanser sebebiyle \u0130stanbul&#8217;da \u00f6ld\u00fc<\/p>\n<p><img loading=\"lazy\" decoding=\"async\" class=\"alignnone wp-image-151146\" src=\"https:\/\/www.tgrthaber.com\/mavikadin\/wp-content\/uploads\/Filiz-Akin-21-Mart-2025te-hayatini-kaybetti-300x169.jpg\" alt=\"Filiz Ak\u0131n, 21 Mart 2025&#039;te hayat\u0131n\u0131 kaybetti\" width=\"1208\" height=\"680\" title=\"\" srcset=\"https:\/\/www.tgrthaber.com\/mavikadin\/wp-content\/uploads\/Filiz-Akin-21-Mart-2025te-hayatini-kaybetti-300x169.jpg 300w, https:\/\/www.tgrthaber.com\/mavikadin\/wp-content\/uploads\/Filiz-Akin-21-Mart-2025te-hayatini-kaybetti-1024x576.jpg 1024w, https:\/\/www.tgrthaber.com\/mavikadin\/wp-content\/uploads\/Filiz-Akin-21-Mart-2025te-hayatini-kaybetti-768x432.jpg 768w, https:\/\/www.tgrthaber.com\/mavikadin\/wp-content\/uploads\/Filiz-Akin-21-Mart-2025te-hayatini-kaybetti-1536x864.jpg 1536w, https:\/\/www.tgrthaber.com\/mavikadin\/wp-content\/uploads\/Filiz-Akin-21-Mart-2025te-hayatini-kaybetti.jpg 1920w\" sizes=\"(max-width: 1208px) 100vw, 1208px\" \/><\/p>\n<hr \/>\n<h3>21 MART 2025 F\u0130L\u0130Z AKIN &#8211; OYUNCU<\/h3>\n<p>2 Ocak 1943 do\u011fumlu olan Filiz Ak\u0131n, 1962 y\u0131l\u0131nda \u2018 Artist\u2019 dergisine g\u00f6nderdi\u011fi foto\u011fraf\u0131 sayesinde ke\u015ffedildi. 13 y\u0131l boyunca Ye\u015fil\u00e7am sinemas\u0131nda say\u0131s\u0131z filmde yer ald\u0131. G\u00fczelli\u011fi ve oyunculu\u011fuyla gen\u00e7 neslin idol\u00fc olan Filiz Ak\u0131n, Ye\u015fil\u00e7am\u2019\u0131n 4 goncas\u0131ndan biriydi. Uzun s\u00fcredir kanser tedavisi g\u00f6ren Filiz Ak\u0131n, 21 Mart 2025&#8217;te \u0130stanbul&#8217;da tedavi g\u00f6rd\u00fc\u011f\u00fc hastanede 82 ya\u015f\u0131nda hayat\u0131n\u0131 kaybetti. Cenazesi ertesi g\u00fcn A\u015fiyan Mezarl\u0131\u011f\u0131&#8217;nda topra\u011fa verildi.<\/p>\n<p><img loading=\"lazy\" decoding=\"async\" class=\"alignnone wp-image-155017\" src=\"https:\/\/www.tgrthaber.com\/mavikadin\/wp-content\/uploads\/31-MART-2025-volkan-konak-vefat-etti-300x169.jpg\" alt=\"31 MART 2025 volkan konak vefat etti\" width=\"1208\" height=\"680\" title=\"\" srcset=\"https:\/\/www.tgrthaber.com\/mavikadin\/wp-content\/uploads\/31-MART-2025-volkan-konak-vefat-etti-300x169.jpg 300w, https:\/\/www.tgrthaber.com\/mavikadin\/wp-content\/uploads\/31-MART-2025-volkan-konak-vefat-etti-1024x576.jpg 1024w, https:\/\/www.tgrthaber.com\/mavikadin\/wp-content\/uploads\/31-MART-2025-volkan-konak-vefat-etti-768x432.jpg 768w, https:\/\/www.tgrthaber.com\/mavikadin\/wp-content\/uploads\/31-MART-2025-volkan-konak-vefat-etti-1536x864.jpg 1536w, https:\/\/www.tgrthaber.com\/mavikadin\/wp-content\/uploads\/31-MART-2025-volkan-konak-vefat-etti.jpg 1920w\" sizes=\"(max-width: 1208px) 100vw, 1208px\" \/><\/p>\n<hr \/>\n<h3>31 MART 2025 VOLKAN KONAK &#8211; SANAT\u00c7I<\/h3>\n<p>27 \u015eubat 1967&#8217;de Trabzon&#8217;un Ma\u00e7ka il\u00e7esinde do\u011fan Volkan Konak, \u00a0\u0130lk, orta ve lise e\u011fitimini Ma\u00e7ka&#8217;da tamamlad\u0131ktan sonra \u00f6\u011fretmeninin te\u015fvikiyle 1983 y\u0131l\u0131nda \u0130stanbul Teknik \u00dcniversitesi T\u00fcrk M\u00fczi\u011fi Devlet Konservatuvar\u0131&#8217;na girdi. 1988 y\u0131l\u0131nda konservatuvar\u0131 bitirip ayn\u0131 y\u0131l \u0130stanbul Teknik \u00dcniversitesi&#8217;nde Halk M\u00fczi\u011fi \u00fczerine Sosyal Bilimler y\u00fcksek lisans e\u011fitimine ba\u015flad\u0131. 1991 y\u0131l\u0131nda y\u00fcksek lisans e\u011fitimini tamamlad\u0131. Konak, 1993 y\u0131l\u0131nda Efulim \u015fark\u0131s\u0131 ile m\u00fczik d\u00fcnyas\u0131na giri\u015f yapt\u0131. Bir\u00e7ok beste ve \u015fark\u0131n\u0131n sahibi olan Volkan Konak, yapt\u0131\u011f\u0131 i\u015flerle ve \u015fark\u0131lar\u0131yla geni\u015f bir kitleye sahipti. Kuzeyin O\u011flu lakab\u0131yla sevilen \u00fcnl\u00fc sanat\u00e7\u0131 Volkan Konak, K\u0131br\u0131s&#8217;ta verdi\u011fi konser s\u0131ras\u0131nda kalp krizi ge\u00e7irerek kald\u0131r\u0131ld\u0131\u011f\u0131 hastanede yap\u0131lan t\u00fcm m\u00fcdahalelere ra\u011fmen kurtar\u0131lamad\u0131.<\/p>\n","protected":false},"excerpt":{"rendered":"<p>Sinema ve sanat d\u00fcnyas\u0131nda efsanele\u015fmi\u015f isimler Mart ay\u0131 2025 y\u0131l\u0131nda pe\u015f pe\u015fe aram\u0131zdan ayr\u0131ld\u0131. \u00dcnl\u00fc isimlerin ayr\u0131l\u0131\u015f\u0131n\u0131n ard\u0131ndan derin bir \u00fcz\u00fcnt\u00fc ve yas ya\u015fand\u0131. Ya\u015famlar\u0131 boyunca \u00fcrettikleri eserlerle sonsuza denk ya\u015fayacak olan isimler aras\u0131nda Edip Akbayram, Osman S\u0131nav, Filiz Ak\u0131n, Erhan Baytimur, \u015einasi Yurtsever, gibi de\u011ferli sanat\u00e7\u0131lar\u0131 ve sinemac\u0131lar\u0131 kaybettik. <\/p>\n","protected":false},"author":10,"featured_media":151148,"comment_status":"closed","ping_status":"closed","sticky":false,"template":"","format":"standard","meta":{"rank_math_lock_modified_date":false,"footnotes":""},"categories":[76],"tags":[7552,12505,8167,133,2218,15171,3667,14111],"class_list":["post-151130","post","type-post","status-publish","format-standard","has-post-thumbnail","hentry","category-magazin","tag-edip-akbayram","tag-erhan-baytimur","tag-filiz-akin","tag-magazin","tag-magazin-haberleri","tag-mart-2025-olen-unluler","tag-osman-sinav","tag-sinasi-yurtsever"],"_links":{"self":[{"href":"https:\/\/www.tgrthaber.com\/mavikadin\/wp-json\/wp\/v2\/posts\/151130"}],"collection":[{"href":"https:\/\/www.tgrthaber.com\/mavikadin\/wp-json\/wp\/v2\/posts"}],"about":[{"href":"https:\/\/www.tgrthaber.com\/mavikadin\/wp-json\/wp\/v2\/types\/post"}],"author":[{"embeddable":true,"href":"https:\/\/www.tgrthaber.com\/mavikadin\/wp-json\/wp\/v2\/users\/10"}],"replies":[{"embeddable":true,"href":"https:\/\/www.tgrthaber.com\/mavikadin\/wp-json\/wp\/v2\/comments?post=151130"}],"version-history":[{"count":4,"href":"https:\/\/www.tgrthaber.com\/mavikadin\/wp-json\/wp\/v2\/posts\/151130\/revisions"}],"predecessor-version":[{"id":155018,"href":"https:\/\/www.tgrthaber.com\/mavikadin\/wp-json\/wp\/v2\/posts\/151130\/revisions\/155018"}],"wp:featuredmedia":[{"embeddable":true,"href":"https:\/\/www.tgrthaber.com\/mavikadin\/wp-json\/wp\/v2\/media\/151148"}],"wp:attachment":[{"href":"https:\/\/www.tgrthaber.com\/mavikadin\/wp-json\/wp\/v2\/media?parent=151130"}],"wp:term":[{"taxonomy":"category","embeddable":true,"href":"https:\/\/www.tgrthaber.com\/mavikadin\/wp-json\/wp\/v2\/categories?post=151130"},{"taxonomy":"post_tag","embeddable":true,"href":"https:\/\/www.tgrthaber.com\/mavikadin\/wp-json\/wp\/v2\/tags?post=151130"}],"curies":[{"name":"wp","href":"https:\/\/api.w.org\/{rel}","templated":true}]}}