{"id":151131,"date":"2025-03-22T22:50:34","date_gmt":"2025-03-22T19:50:34","guid":{"rendered":"https:\/\/www.tgrthaber.com\/mavikadin\/?p=151131"},"modified":"2025-03-22T22:50:34","modified_gmt":"2025-03-22T19:50:34","slug":"orhan-gencebayin-esi-sevim-emreden-filiz-akinin-cenazesi-hakkinda-dikkat-ceken-yorum","status":"publish","type":"post","link":"https:\/\/www.tgrthaber.com\/mavikadin\/orhan-gencebayin-esi-sevim-emreden-filiz-akinin-cenazesi-hakkinda-dikkat-ceken-yorum\/","title":{"rendered":"Orhan Gencebay&#8217;\u0131n e\u015fi Sevim Emre\u2019den Filiz Ak\u0131n\u2019\u0131n cenazesi hakk\u0131nda dikkat \u00e7eken yorum!"},"content":{"rendered":"<p>Ye\u015fil\u00e7am\u2019\u0131n unutulmaz oyuncusu Filiz Ak\u0131n, 82 ya\u015f\u0131nda hayata veda etti. \u0130stanbul\u2019da bir s\u00fcredir tedavi g\u00f6ren \u00fcnl\u00fc sanat\u00e7\u0131, A\u015fiyan Mezarl\u0131\u011f\u0131\u2019na defnedildi. Ak\u0131n\u2019\u0131n cenazesi, sessiz ve sade bir \u015fekilde topra\u011fa verildi.<span class=\"Apple-converted-space\">\u00a0 <\/span>Filiz Ak\u0131n\u2019\u0131n kayb\u0131, hem T\u00fcrk sinemas\u0131 hem de magazin d\u00fcnyas\u0131nda b\u00fcy\u00fck yank\u0131 uyand\u0131rd\u0131. Ak\u0131n\u2019\u0131n son yolculu\u011fu, onun zarif ve m\u00fctevaz\u0131 ki\u015fili\u011fine uygun \u015fekilde ger\u00e7ekle\u015fti. Sanat camias\u0131, bu sessiz veday\u0131 konu\u015furken, \u00fcnl\u00fc \u015fark\u0131c\u0131 Orhan Gencebay\u2019\u0131n e\u015fi Sevim Emre de cenaze hakk\u0131nda dikkat \u00e7eken bir yorum geldi.<\/p>\n<h3>YE\u015e\u0130L\u00c7AM&#8217;IN USTA OYUNCUSU F\u0130L\u0130Z AKIN HAYATINI KAYBETT\u0130<\/h3>\n<p>Filiz Ak\u0131n, T\u00fcrk sinemas\u0131n\u0131n en de\u011ferli y\u0131ld\u0131zlar\u0131ndan biri olarak, Ye\u015fil\u00e7am\u2019\u0131n \u201cD\u00f6rt Yaprakl\u0131 Yoncas\u0131\u201d aras\u0131nda say\u0131l\u0131yordu. H\u00fclya Ko\u00e7yi\u011fit, T\u00fcrkan \u015eoray ve merhum Fatma Girik ile birlikte d\u00f6nemin unutulmaz isimlerinden olan Ak\u0131n, uzun s\u00fcredir sa\u011fl\u0131k sorunlar\u0131yla m\u00fccadele ediyordu.<\/p>\n<p><img loading=\"lazy\" decoding=\"async\" class=\"alignnone wp-image-151134 size-full\" src=\"https:\/\/www.tgrthaber.com\/mavikadin\/wp-content\/uploads\/Ekran-Resmi-2025-03-22-22.38.50.png\" alt=\"\" width=\"1002\" height=\"576\" title=\"\" srcset=\"https:\/\/www.tgrthaber.com\/mavikadin\/wp-content\/uploads\/Ekran-Resmi-2025-03-22-22.38.50.png 1002w, https:\/\/www.tgrthaber.com\/mavikadin\/wp-content\/uploads\/Ekran-Resmi-2025-03-22-22.38.50-300x172.png 300w, https:\/\/www.tgrthaber.com\/mavikadin\/wp-content\/uploads\/Ekran-Resmi-2025-03-22-22.38.50-768x441.png 768w\" sizes=\"(max-width: 1002px) 100vw, 1002px\" \/><\/p>\n<hr \/>\n<p>82 ya\u015f\u0131ndaki Filiz Ak\u0131n, 1 Eyl\u00fcl\u2019den itibaren zat\u00fcrre ve enfeksiyonlar nedeniyle Bodrum\u2019da tedavi g\u00f6rmekteydi. Ancak sa\u011fl\u0131k durumu k\u00f6t\u00fcle\u015fince, Cumhurba\u015fkanl\u0131\u011f\u0131\u2019n\u0131n talimat\u0131yla Sa\u011fl\u0131k Bakanl\u0131\u011f\u0131\u2019na ait bir ambulans u\u00e7akla \u0130stanbul\u2019a nakledildi. Filiz Ak\u0131n\u2019\u0131n tedavisi \u0130stanbul\u2019da devam ederken, sa\u011fl\u0131k durumu bir t\u00fcrl\u00fc istenilen d\u00fczeye gelmedi.<\/p>\n<p><img loading=\"lazy\" decoding=\"async\" class=\"alignnone wp-image-151135 size-full\" src=\"https:\/\/www.tgrthaber.com\/mavikadin\/wp-content\/uploads\/Ekran-Resmi-2025-03-22-22.38.54.png\" alt=\"\" width=\"1004\" height=\"582\" title=\"\" srcset=\"https:\/\/www.tgrthaber.com\/mavikadin\/wp-content\/uploads\/Ekran-Resmi-2025-03-22-22.38.54.png 1004w, https:\/\/www.tgrthaber.com\/mavikadin\/wp-content\/uploads\/Ekran-Resmi-2025-03-22-22.38.54-300x174.png 300w, https:\/\/www.tgrthaber.com\/mavikadin\/wp-content\/uploads\/Ekran-Resmi-2025-03-22-22.38.54-768x445.png 768w\" sizes=\"(max-width: 1004px) 100vw, 1004px\" \/><\/p>\n<hr \/>\n<h3><b>SA\u011eLIK BAKANLI\u011eI TAZ\u0130YE MESAJI PAYLA\u015eTI\u00a0<\/b><b><\/b><\/h3>\n<p>Filiz Ak\u0131n\u2019\u0131n vefat\u0131na ili\u015fkin ac\u0131 haber, Sa\u011fl\u0131k Bakanl\u0131\u011f\u0131 taraf\u0131ndan duyuruldu. Bakanl\u0131k yapt\u0131\u011f\u0131 a\u00e7\u0131klamada, \u201cT\u00fcrk sinemas\u0131n\u0131n nadide isimlerinden Filiz Ak\u0131n, bir s\u00fcredir tedavi g\u00f6rd\u00fc\u011f\u00fc hastanede hayat\u0131n\u0131 kaybetmi\u015ftir. Kendisine Allah\u2019tan rahmet; ailesine, yak\u0131nlar\u0131na ve sanat camias\u0131na ba\u015fsa\u011fl\u0131\u011f\u0131 diliyoruz.\u201d \u015feklinde ifadeler kulland\u0131.<\/p>\n<p><img loading=\"lazy\" decoding=\"async\" class=\"alignnone wp-image-151136 \" src=\"https:\/\/www.tgrthaber.com\/mavikadin\/wp-content\/uploads\/Ekran-Resmi-2025-03-22-22.38.59.png\" alt=\"\" width=\"853\" height=\"733\" title=\"\" srcset=\"https:\/\/www.tgrthaber.com\/mavikadin\/wp-content\/uploads\/Ekran-Resmi-2025-03-22-22.38.59.png 824w, https:\/\/www.tgrthaber.com\/mavikadin\/wp-content\/uploads\/Ekran-Resmi-2025-03-22-22.38.59-300x258.png 300w, https:\/\/www.tgrthaber.com\/mavikadin\/wp-content\/uploads\/Ekran-Resmi-2025-03-22-22.38.59-768x660.png 768w\" sizes=\"(max-width: 853px) 100vw, 853px\" \/><\/p>\n<hr \/>\n<h3>F\u0130L\u0130Z AKIN&#8217;IN SES\u0130Z SEDASIZ DEFNED\u0130LMES\u0130 HAKKINDA D\u0130KKAT \u00c7EKEN YORUM SEV\u0130M EMRE&#8217;DEN GELD\u0130<\/h3>\n<p>Filiz Ak\u0131n\u2019\u0131n vefat\u0131, T\u00fcrk sinemas\u0131n\u0131n \u00f6nemli bir kayb\u0131 olarak geni\u015f yank\u0131 uyand\u0131rd\u0131. Sanat\u00e7\u0131n\u0131n cenazesi, sade ve zarif bir t\u00f6renle topra\u011fa verildi. Sinema d\u00fcnyas\u0131ndan pek \u00e7ok isim bu sessiz veday\u0131 dile getirirken, \u00fcnl\u00fc \u015fark\u0131c\u0131 Orhan Gencebay\u2019\u0131n e\u015fi Sevim Emre de cenaze t\u00f6reniyle ilgili dikkat \u00e7eken bir yorumda bulundu. Emre, X hesab\u0131ndan payla\u015ft\u0131\u011f\u0131 yorumda, \u2018En g\u00fczelini yapm\u0131\u015f \u00e7\u00fcnk\u00fc malesef cenazelerde baz\u0131 ki\u015filer<span class=\"Apple-converted-space\">\u00a0 <\/span>oradaki ac\u0131y\u0131 payla\u015fmak yerine, sanat\u00e7\u0131larla selfie yapmak istiyor.Edep diyorum, ba\u015fka bir \u015fey demiyorum\u2019 ifadelerini kulland\u0131.<\/p>\n<p><img loading=\"lazy\" decoding=\"async\" class=\"alignnone wp-image-151137 \" src=\"https:\/\/www.tgrthaber.com\/mavikadin\/wp-content\/uploads\/Ekran-Resmi-2025-03-22-22.40.49.png\" alt=\"\" width=\"864\" height=\"483\" title=\"\" srcset=\"https:\/\/www.tgrthaber.com\/mavikadin\/wp-content\/uploads\/Ekran-Resmi-2025-03-22-22.40.49.png 422w, https:\/\/www.tgrthaber.com\/mavikadin\/wp-content\/uploads\/Ekran-Resmi-2025-03-22-22.40.49-300x168.png 300w\" sizes=\"(max-width: 864px) 100vw, 864px\" \/><\/p>\n<hr \/>\n<h3>SEV\u0130M EMRE K\u0130MD\u0130R?<\/h3>\n<p>Elif Sevim Emre, 2 Temmuz 1944\u2019te Eski\u015fehir\u2019de do\u011fdu. 1963 y\u0131l\u0131nda kat\u0131ld\u0131\u011f\u0131 G\u00fczellik Yar\u0131\u015fmas\u0131\u2019nda birinci olarak b\u00fcy\u00fck dikkat \u00e7ekti. Bu ba\u015far\u0131, onu Beyrut\u2019ta d\u00fczenlenen uluslararas\u0131 bir yar\u0131\u015fmada T\u00fcrkiye\u2019yi temsil etme f\u0131rsat\u0131na ta\u015f\u0131d\u0131 ve burada Avrupa 4.\u2019s\u00fc oldu.<\/p>\n<p><img loading=\"lazy\" decoding=\"async\" class=\"alignnone wp-image-151138 \" src=\"https:\/\/www.tgrthaber.com\/mavikadin\/wp-content\/uploads\/Ekran-Resmi-2025-03-22-22.39.18.png\" alt=\"\" width=\"849\" height=\"785\" title=\"\" srcset=\"https:\/\/www.tgrthaber.com\/mavikadin\/wp-content\/uploads\/Ekran-Resmi-2025-03-22-22.39.18.png 818w, https:\/\/www.tgrthaber.com\/mavikadin\/wp-content\/uploads\/Ekran-Resmi-2025-03-22-22.39.18-300x277.png 300w, https:\/\/www.tgrthaber.com\/mavikadin\/wp-content\/uploads\/Ekran-Resmi-2025-03-22-22.39.18-768x710.png 768w\" sizes=\"(max-width: 849px) 100vw, 849px\" \/><\/p>\n<hr \/>\n<p>G\u00fczelli\u011fi ve yar\u0131\u015fmalardaki zaferleri, onu sinema d\u00fcnyas\u0131n\u0131n ilgisini \u00fczerine \u00e7ekmesine sebep oldu. K\u0131sa s\u00fcrede b\u00fcy\u00fck bir tan\u0131nanl\u0131\u011fa sahip olan Sevim Emre, 1961\u2019deki K\u0131z\u0131l Vazo adl\u0131 filmle oyunculuk kariyerine ad\u0131m att\u0131. Esma karakteriyle g\u00f6sterdi\u011fi performans izleyicilerden b\u00fcy\u00fck takdir toplad\u0131, ard\u0131ndan bir\u00e7ok projede yer ald\u0131. Sevim Emre, \u00fcnl\u00fc sanat\u00e7\u0131 Orhan Gencebay ile uzun bir s\u00fcredir evli ve \u00e7iftin G\u00f6khan ad\u0131n\u0131 verdikleri bir o\u011fullar\u0131 bulunuyor.<\/p>\n","protected":false},"excerpt":{"rendered":"<p>Ye\u015fil\u00e7am\u2019\u0131n de\u011ferli oyuncusu Filiz Ak\u0131n, 82 ya\u015f\u0131nda hayat\u0131n\u0131 kaybetti. \u0130stanbul\u2019daki tedavisinin ard\u0131ndan A\u015fiyan Mezarl\u0131\u011f\u0131\u2019na defnedilen Ak\u0131n\u2019\u0131n cenazesi, sade bir t\u00f6renle topra\u011fa verildi. Filiz Ak\u0131n\u2019\u0131n kayb\u0131, T\u00fcrk sinemas\u0131 ve magazin d\u00fcnyas\u0131nda b\u00fcy\u00fck \u00fcz\u00fcnt\u00fcye neden oldu.  Orhan Gencebay\u2019\u0131n e\u015fi Sevim Emre\u2019den de cenaze hakk\u0131nda dikkat \u00e7ekici bir yorum geldi. <\/p>\n","protected":false},"author":16,"featured_media":151141,"comment_status":"closed","ping_status":"closed","sticky":false,"template":"","format":"standard","meta":{"rank_math_lock_modified_date":false,"footnotes":""},"categories":[76],"tags":[15169,15168,15170],"class_list":["post-151131","post","type-post","status-publish","format-standard","has-post-thumbnail","hentry","category-magazin","tag-orhan-gencebay-esi-sevim-emre-filiz-akin-cenaze-aciklama","tag-sevim-emre-filiz-akin-cenaze-yorum","tag-sevim-emre-kimdir"],"_links":{"self":[{"href":"https:\/\/www.tgrthaber.com\/mavikadin\/wp-json\/wp\/v2\/posts\/151131"}],"collection":[{"href":"https:\/\/www.tgrthaber.com\/mavikadin\/wp-json\/wp\/v2\/posts"}],"about":[{"href":"https:\/\/www.tgrthaber.com\/mavikadin\/wp-json\/wp\/v2\/types\/post"}],"author":[{"embeddable":true,"href":"https:\/\/www.tgrthaber.com\/mavikadin\/wp-json\/wp\/v2\/users\/16"}],"replies":[{"embeddable":true,"href":"https:\/\/www.tgrthaber.com\/mavikadin\/wp-json\/wp\/v2\/comments?post=151131"}],"version-history":[{"count":2,"href":"https:\/\/www.tgrthaber.com\/mavikadin\/wp-json\/wp\/v2\/posts\/151131\/revisions"}],"predecessor-version":[{"id":151143,"href":"https:\/\/www.tgrthaber.com\/mavikadin\/wp-json\/wp\/v2\/posts\/151131\/revisions\/151143"}],"wp:featuredmedia":[{"embeddable":true,"href":"https:\/\/www.tgrthaber.com\/mavikadin\/wp-json\/wp\/v2\/media\/151141"}],"wp:attachment":[{"href":"https:\/\/www.tgrthaber.com\/mavikadin\/wp-json\/wp\/v2\/media?parent=151131"}],"wp:term":[{"taxonomy":"category","embeddable":true,"href":"https:\/\/www.tgrthaber.com\/mavikadin\/wp-json\/wp\/v2\/categories?post=151131"},{"taxonomy":"post_tag","embeddable":true,"href":"https:\/\/www.tgrthaber.com\/mavikadin\/wp-json\/wp\/v2\/tags?post=151131"}],"curies":[{"name":"wp","href":"https:\/\/api.w.org\/{rel}","templated":true}]}}