{"id":151194,"date":"2025-03-23T01:33:47","date_gmt":"2025-03-22T22:33:47","guid":{"rendered":"https:\/\/www.tgrthaber.com\/mavikadin\/?p=151194"},"modified":"2025-03-23T01:38:25","modified_gmt":"2025-03-22T22:38:25","slug":"2-yil-aradan-sonra-dijital-platformda-oppenheimer-sansursuz-netflixte-yayinlanacak","status":"publish","type":"post","link":"https:\/\/www.tgrthaber.com\/mavikadin\/2-yil-aradan-sonra-dijital-platformda-oppenheimer-sansursuz-netflixte-yayinlanacak\/","title":{"rendered":"2 y\u0131l aradan sonra dijital platformda! Oppenheimer sans\u00fcrs\u00fcz Netflix\u2019te yay\u0131nlanacak!"},"content":{"rendered":"<p>2023 y\u0131l\u0131nda beyaz perdede yay\u0131nlanan Oppenheimer, sinema d\u00fcnyas\u0131nda ses getiren bir film oldu. Kat\u0131ld\u0131\u011f\u0131 b\u00fct\u00fcn sinema \u00f6d\u00fcllerinde en iyi film kategorisinde\u00a0 10 \u00f6d\u00fcl kazand\u0131. Filmin dijital platformlarda yay\u0131nlanmas\u0131na izin verilmemi\u015fti. \u0130ki y\u0131l aradan sonra Oppenheimer filmi Netflix platformunda sans\u00fcrs\u00fcz olarak yay\u0131nlanma karar ald\u0131.<\/p>\n<h3>OPPENHE\u0130MER NETFL\u0130X\u2019TE<\/h3>\n<p>Christopher Nolan&#8217;\u0131n son ba\u015fyap\u0131t\u0131 Oppenheimer filmi sans\u00fcrs\u00fcz olarak Netflix&#8217;te yay\u0131nlanacak. 2023 &#8216;teki sinema g\u00f6steriminden iki y\u0131l sonra Oppenheimer dijital platforma geliyor. Film, ge\u00e7en y\u0131l JioCinema&#8217;da yay\u0131nlanarak olumlu ele\u015ftirilerle a\u00e7\u0131lm\u0131\u015ft\u0131. Reliance birle\u015fmesinden sonra filmin sans\u00fcrl\u00fc versiyonu 1 y\u0131l boyunca JioHotstar&#8217;a da yay\u0131nland\u0131 ama sonras\u0131nda kald\u0131r\u0131lma karar\u0131 al\u0131nd\u0131.<\/p>\n<p>Oppenheimer 21 Mart&#8217;ta Netflix&#8217;te g\u00f6sterime girdi. Filmin sans\u00fcrs\u00fcz versiyonu Netflix&#8217;te yay\u0131nland\u0131. 4k kalitesine ve genel ses kalitesine sahip filmin sans\u00fcrs\u00fcz olmas\u0131 ise b\u00fcy\u00fck bir avantaj sa\u011flayacak.<\/p>\n<p><img loading=\"lazy\" decoding=\"async\" class=\"alignnone wp-image-151200\" src=\"https:\/\/www.tgrthaber.com\/mavikadin\/wp-content\/uploads\/oppenheimer-netflixte-300x169.jpg\" alt=\"oppenheimer netflixte\" width=\"1208\" height=\"680\" title=\"\" srcset=\"https:\/\/www.tgrthaber.com\/mavikadin\/wp-content\/uploads\/oppenheimer-netflixte-300x169.jpg 300w, https:\/\/www.tgrthaber.com\/mavikadin\/wp-content\/uploads\/oppenheimer-netflixte-1024x576.jpg 1024w, https:\/\/www.tgrthaber.com\/mavikadin\/wp-content\/uploads\/oppenheimer-netflixte-768x432.jpg 768w, https:\/\/www.tgrthaber.com\/mavikadin\/wp-content\/uploads\/oppenheimer-netflixte-1536x864.jpg 1536w, https:\/\/www.tgrthaber.com\/mavikadin\/wp-content\/uploads\/oppenheimer-netflixte.jpg 1920w\" sizes=\"(max-width: 1208px) 100vw, 1208px\" \/><\/p>\n<hr \/>\n<h3>OPPENHE\u0130MER F\u0130LM\u0130N KONUSU<\/h3>\n<p>&#8216;Atom Bombas\u0131n\u0131n Babas\u0131&#8217; olarak tan\u0131mlanan atom bilgini Robert Oppenheimer, hidrojen bombas\u0131n\u0131n \u00fcretimini engellemekle ve devletin \u00e7\u0131karlar\u0131n\u0131 g\u00f6zetmemi\u015f olmakla su\u00e7lanmas\u0131n\u0131 konu al\u0131yor. Robert Oppenheimer\u2019\u0131n hakk\u0131nda a\u00e7\u0131lan soru\u015fturma ve soru\u015fturma komisyonunun 12 Nisan 1954&#8217;te sorguya \u00e7ekti\u011fini s\u00fcre\u00e7leri izleyenlere aktarmaktad\u0131r.<\/p>\n<p><img loading=\"lazy\" decoding=\"async\" class=\"alignnone wp-image-151201\" src=\"https:\/\/www.tgrthaber.com\/mavikadin\/wp-content\/uploads\/oppenheimer-filmi-konusu-ve-oyuncu-kadrosu-300x169.jpg\" alt=\"oppenheimer filmi konusu ve oyuncu kadrosu\" width=\"1208\" height=\"680\" title=\"\" srcset=\"https:\/\/www.tgrthaber.com\/mavikadin\/wp-content\/uploads\/oppenheimer-filmi-konusu-ve-oyuncu-kadrosu-300x169.jpg 300w, https:\/\/www.tgrthaber.com\/mavikadin\/wp-content\/uploads\/oppenheimer-filmi-konusu-ve-oyuncu-kadrosu-1024x576.jpg 1024w, https:\/\/www.tgrthaber.com\/mavikadin\/wp-content\/uploads\/oppenheimer-filmi-konusu-ve-oyuncu-kadrosu-768x432.jpg 768w, https:\/\/www.tgrthaber.com\/mavikadin\/wp-content\/uploads\/oppenheimer-filmi-konusu-ve-oyuncu-kadrosu-1536x864.jpg 1536w, https:\/\/www.tgrthaber.com\/mavikadin\/wp-content\/uploads\/oppenheimer-filmi-konusu-ve-oyuncu-kadrosu.jpg 1920w\" sizes=\"(max-width: 1208px) 100vw, 1208px\" \/><\/p>\n<hr \/>\n<h3>OPPENHE\u0130MER F\u0130LM\u0130N\u0130N OYUNCU KADROSU<\/h3>\n<p>2023 y\u0131l\u0131nda gi\u015fede 976 milyon dolar\u0131n \u00fczerinde has\u0131lat elden Oppenheimer filminin oyuncu kadrosu:<\/p>\n<ul>\n<li>Robert Oppenheimer rol\u00fcnde Cillian Murphy<\/li>\n<li>Katherine &#8220;Kitty&#8221; Oppenheimer rol\u00fcnde Emily Blunt<\/li>\n<li>Leslie Groves rol\u00fcnde Matt Damon<\/li>\n<li>Lewis Strauss rol\u00fcnde Robert Downey Jr.<\/li>\n<li>Jean Tatlock rol\u00fcnde Florence Pugh<\/li>\n<li>Ernest Lawrence rol\u00fcnde Josh Hartnett<\/li>\n<li>Boris Pash rol\u00fcnde Casey Affleck<\/li>\n<li>David L. Hill rol\u00fcnde Rami Malek<\/li>\n<li>Niels Bohr rol\u00fcnde Kenneth Branagh<\/li>\n<li>Edward Teller rol\u00fcnde Benny Safdie<\/li>\n<li>Roger Robb rol\u00fcnde Jason Clarke<\/li>\n<li>Frank Oppenheimer rol\u00fcnde Dylan Arnold<\/li>\n<li>Hans Bethe rol\u00fcnde Gustaf Skarsg\u00e5rd<\/li>\n<li>Isidor Isaac Rabi rol\u00fcnde David Krumholtz<\/li>\n<li>Vannevar Bush rol\u00fcnde Matthew Modine<\/li>\n<li>Albert Einstein rol\u00fcnde Tom Conti<\/li>\n<li>Werner Heisenberg rol\u00fcnde Matthias Schweigh\u00f6fer<\/li>\n<li>Dane DeHaan<\/li>\n<li>Jack Quaid<\/li>\n<li>Olli Haaskivi<\/li>\n<li>Alden Ehrenreich<\/li>\n<li>Robert Serber rol\u00fcnde Michael Angarano<\/li>\n<li>David Dastmalchian<\/li>\n<li>Louise Lombard<\/li>\n<li>Scott Grimes<\/li>\n<li>Christopher Denham<\/li>\n<li>James D\u2019Arcy<\/li>\n<li>Harry S. Truman rol\u00fcnde Gary Oldman<\/li>\n<\/ul>\n","protected":false},"excerpt":{"rendered":"<p>2023 y\u0131l\u0131nda beyaz perdede yay\u0131nlanan Oppenheimer, sinema d\u00fcnyas\u0131nda ses getiren bir film oldu. Kat\u0131ld\u0131\u011f\u0131 b\u00fct\u00fcn sinema \u00f6d\u00fcllerinde kazanan film, dijital platformlarda yay\u0131nlanmas\u0131na izin verilmemi\u015fti. \u0130ki y\u0131l aradan sonra Oppenheimer filmi Netflix platformunda sans\u00fcrs\u00fcz olarak yay\u0131nlanma karar ald\u0131. <\/p>\n","protected":false},"author":10,"featured_media":151202,"comment_status":"closed","ping_status":"closed","sticky":false,"template":"","format":"standard","meta":{"rank_math_lock_modified_date":false,"footnotes":""},"categories":[602],"tags":[2597,15187,15186,15188,5621],"class_list":["post-151194","post","type-post","status-publish","format-standard","has-post-thumbnail","hentry","category-diziler","tag-oppenheimer","tag-oppenheimer-konusu","tag-oppenheimer-netflixte","tag-oppenheimer-oyuncu-kadrosu","tag-sinema"],"_links":{"self":[{"href":"https:\/\/www.tgrthaber.com\/mavikadin\/wp-json\/wp\/v2\/posts\/151194"}],"collection":[{"href":"https:\/\/www.tgrthaber.com\/mavikadin\/wp-json\/wp\/v2\/posts"}],"about":[{"href":"https:\/\/www.tgrthaber.com\/mavikadin\/wp-json\/wp\/v2\/types\/post"}],"author":[{"embeddable":true,"href":"https:\/\/www.tgrthaber.com\/mavikadin\/wp-json\/wp\/v2\/users\/10"}],"replies":[{"embeddable":true,"href":"https:\/\/www.tgrthaber.com\/mavikadin\/wp-json\/wp\/v2\/comments?post=151194"}],"version-history":[{"count":3,"href":"https:\/\/www.tgrthaber.com\/mavikadin\/wp-json\/wp\/v2\/posts\/151194\/revisions"}],"predecessor-version":[{"id":151205,"href":"https:\/\/www.tgrthaber.com\/mavikadin\/wp-json\/wp\/v2\/posts\/151194\/revisions\/151205"}],"wp:featuredmedia":[{"embeddable":true,"href":"https:\/\/www.tgrthaber.com\/mavikadin\/wp-json\/wp\/v2\/media\/151202"}],"wp:attachment":[{"href":"https:\/\/www.tgrthaber.com\/mavikadin\/wp-json\/wp\/v2\/media?parent=151194"}],"wp:term":[{"taxonomy":"category","embeddable":true,"href":"https:\/\/www.tgrthaber.com\/mavikadin\/wp-json\/wp\/v2\/categories?post=151194"},{"taxonomy":"post_tag","embeddable":true,"href":"https:\/\/www.tgrthaber.com\/mavikadin\/wp-json\/wp\/v2\/tags?post=151194"}],"curies":[{"name":"wp","href":"https:\/\/api.w.org\/{rel}","templated":true}]}}