{"id":151211,"date":"2025-03-23T02:54:59","date_gmt":"2025-03-22T23:54:59","guid":{"rendered":"https:\/\/www.tgrthaber.com\/mavikadin\/?p=151211"},"modified":"2025-03-23T02:54:59","modified_gmt":"2025-03-22T23:54:59","slug":"filiz-akinin-yakalandigi-nazofarenks-kanserine-dikkat-burun-ve-bogaz-arasindaki-buyuk-risk","status":"publish","type":"post","link":"https:\/\/www.tgrthaber.com\/mavikadin\/filiz-akinin-yakalandigi-nazofarenks-kanserine-dikkat-burun-ve-bogaz-arasindaki-buyuk-risk\/","title":{"rendered":"Filiz Ak\u0131n\u2019\u0131n yakaland\u0131\u011f\u0131 nazofarenks kanserine dikkat! Burun ve bo\u011faz aras\u0131ndaki b\u00fcy\u00fck risk"},"content":{"rendered":"<p>Filiz Ak\u0131n\u2019\u0131n vefat\u0131n\u0131n ard\u0131ndan nazofarenks kanseri hakk\u0131nda ara\u015ft\u0131rmalar yap\u0131lmaya ba\u015fland\u0131. Filiz Ak\u0131n\u2019\u0131n uzun seneler boyunca tedavi g\u00f6rd\u00fc\u011f\u00fc nazofarenks kanseri nedir? Belirtileri nelerdir? Nazofarenks kanseri nas\u0131l te\u015fhis edilir? Nazofarenks kanseri tedavisi nas\u0131l yap\u0131l\u0131r?<\/p>\n<h3>NAZOFARENKS KANSER\u0130 NED\u0130R?<\/h3>\n<p>Nazofarenks kanseri, ba\u015f ve boyun b\u00f6lgesinin aras\u0131nda bulunan nadir bir kanser t\u00fcr\u00fc. Burun bo\u015flu\u011funun arka b\u00f6l\u00fcm\u00fc ve bo\u011faz\u0131n \u00fcst k\u0131sm\u0131nda yer alan nazofarenkste meydana gelir. Nazofarenks kanseri, b\u00f6lgede bulunan h\u00fccrelerin anormal b\u00fcy\u00fcmesi ve \u00e7o\u011falmas\u0131yla olu\u015fur. Kanserin ilerleyi\u015fi ise \u00e7evresel fakt\u00f6rler, genetik yatk\u0131nl\u0131k ve Epstein-Barr vir\u00fcs\u00fc (EBV) gibi baz\u0131 enfeksiyonlarla ili\u015fkilendirilerek ortaya \u00e7\u0131kar. Nazofarenks kanserinin ileri a\u015famalar\u0131nda meydana gelen t\u00fcm\u00f6r \u00e7evre dokulara ve lenf d\u00fc\u011f\u00fcmlerine yay\u0131lma ihtimali olabilir.<\/p>\n<p><img loading=\"lazy\" decoding=\"async\" class=\"alignnone wp-image-151212\" src=\"https:\/\/www.tgrthaber.com\/mavikadin\/wp-content\/uploads\/nazofarenks-kanseri-nedir-300x169.jpg\" alt=\"nazofarenks kanseri nedir\" width=\"1208\" height=\"680\" title=\"\" srcset=\"https:\/\/www.tgrthaber.com\/mavikadin\/wp-content\/uploads\/nazofarenks-kanseri-nedir-300x169.jpg 300w, https:\/\/www.tgrthaber.com\/mavikadin\/wp-content\/uploads\/nazofarenks-kanseri-nedir-1024x576.jpg 1024w, https:\/\/www.tgrthaber.com\/mavikadin\/wp-content\/uploads\/nazofarenks-kanseri-nedir-768x432.jpg 768w, https:\/\/www.tgrthaber.com\/mavikadin\/wp-content\/uploads\/nazofarenks-kanseri-nedir-1536x864.jpg 1536w, https:\/\/www.tgrthaber.com\/mavikadin\/wp-content\/uploads\/nazofarenks-kanseri-nedir.jpg 1920w\" sizes=\"(max-width: 1208px) 100vw, 1208px\" \/><\/p>\n<hr \/>\n<h3>NAZOFARENKS KANSER\u0130 BEL\u0130RT\u0130LER\u0130<\/h3>\n<p>\u0130\u015fte nazofarenks kanseri belirtileri \u015f\u00f6yledir:<\/p>\n<ul>\n<li>Boyunda a\u011fr\u0131s\u0131z \u015fi\u015flik<\/li>\n<li>Burun t\u0131kan\u0131kl\u0131\u011f\u0131 ya da kanama<\/li>\n<li>Kulakta dolgunluk veya i\u015fitme kayb\u0131<\/li>\n<li>Ba\u015f a\u011fr\u0131s\u0131<\/li>\n<li>Bo\u011faz a\u011fr\u0131s\u0131yla birlikte yutma g\u00fc\u00e7l\u00fc\u011f\u00fc ya\u015fama<\/li>\n<li>Y\u00fczde uyu\u015fma<\/li>\n<li>Kas zay\u0131fl\u0131\u011f\u0131<\/li>\n<li>G\u00f6rme bozukluklar\u0131<\/li>\n<\/ul>\n<p><img loading=\"lazy\" decoding=\"async\" class=\"alignnone wp-image-151213\" src=\"https:\/\/www.tgrthaber.com\/mavikadin\/wp-content\/uploads\/azofarenks-kanseri-belirtiler-300x169.jpg\" alt=\"azofarenks kanseri belirtiler\" width=\"1208\" height=\"680\" title=\"\" srcset=\"https:\/\/www.tgrthaber.com\/mavikadin\/wp-content\/uploads\/azofarenks-kanseri-belirtiler-300x169.jpg 300w, https:\/\/www.tgrthaber.com\/mavikadin\/wp-content\/uploads\/azofarenks-kanseri-belirtiler-1024x576.jpg 1024w, https:\/\/www.tgrthaber.com\/mavikadin\/wp-content\/uploads\/azofarenks-kanseri-belirtiler-768x432.jpg 768w, https:\/\/www.tgrthaber.com\/mavikadin\/wp-content\/uploads\/azofarenks-kanseri-belirtiler-1536x864.jpg 1536w, https:\/\/www.tgrthaber.com\/mavikadin\/wp-content\/uploads\/azofarenks-kanseri-belirtiler.jpg 1920w\" sizes=\"(max-width: 1208px) 100vw, 1208px\" \/><\/p>\n<hr \/>\n<h3>NAZOFARENKS KANSER\u0130 NEDEN OLUR?<\/h3>\n<p>Her hastal\u0131k t\u00fcr\u00fcnde oldu\u011fu gibi nazofarenks kanseri de genetik fakt\u00f6rlerden kaynakl\u0131 olabilir. Aile ge\u00e7mi\u015finde bu tarz kanser ya\u015fayan biri varsa ileri ki ya\u015flarda g\u00f6r\u00fclme olas\u0131l\u0131\u011f\u0131 ger\u00e7ekle\u015febilir. Nazofarenks kanserine neden olan di\u011fer fakt\u00f6rler ise; Epstein-Barr vir\u00fcs\u00fc (EBV): EBV, bir\u00e7ok insan\u0131n v\u00fccudunda olan bir enfeksiyon \u00e7e\u015fididir. Vir\u00fcs\u00fcn ortaya \u00e7\u0131kma sebebi ise bireyin ba\u011f\u0131\u015f\u0131kl\u0131\u011f\u0131n\u0131n d\u00fc\u015fmesi sonucu ve genetik fakt\u00f6rlerinde devreye girmesiyle ortaya \u00e7\u0131kar.<\/p>\n<p>EBV&#8217;nin nazofarenks kanseri \u00f6zellikle lenf dokular\u0131n\u0131 etkiler. Hava kirlili\u011fi ve toksik kimyasallara y\u0131llarca s\u00fcrekli olarak bireyin maruz kalmas\u0131 ba\u015f ve boyun b\u00f6lgesinde bu kanserin geli\u015fimesine zemin haz\u0131rlar.<\/p>\n<p><img loading=\"lazy\" decoding=\"async\" class=\"alignnone wp-image-151214\" src=\"https:\/\/www.tgrthaber.com\/mavikadin\/wp-content\/uploads\/Nazofarenks-kanseri-neden-olur-tedavi-yontem-300x169.jpg\" alt=\"Nazofarenks kanseri neden olur tedavi y\u00f6ntem\" width=\"1208\" height=\"680\" title=\"\" srcset=\"https:\/\/www.tgrthaber.com\/mavikadin\/wp-content\/uploads\/Nazofarenks-kanseri-neden-olur-tedavi-yontem-300x169.jpg 300w, https:\/\/www.tgrthaber.com\/mavikadin\/wp-content\/uploads\/Nazofarenks-kanseri-neden-olur-tedavi-yontem-1024x576.jpg 1024w, https:\/\/www.tgrthaber.com\/mavikadin\/wp-content\/uploads\/Nazofarenks-kanseri-neden-olur-tedavi-yontem-768x432.jpg 768w, https:\/\/www.tgrthaber.com\/mavikadin\/wp-content\/uploads\/Nazofarenks-kanseri-neden-olur-tedavi-yontem-1536x864.jpg 1536w, https:\/\/www.tgrthaber.com\/mavikadin\/wp-content\/uploads\/Nazofarenks-kanseri-neden-olur-tedavi-yontem.jpg 1920w\" sizes=\"(max-width: 1208px) 100vw, 1208px\" \/><\/p>\n<hr \/>\n<h3>NAZOFARENKS KANSER\u0130 NASIL TE\u015eH\u0130S ED\u0130L\u0130R?<\/h3>\n<p>Doktor, hastan\u0131n genetik olarak hangi hastal\u0131klar\u0131n \u00e7evresinde bulundu\u011funu \u00f6\u011frenir. Hastan\u0131n \u015fikayetleri do\u011frultusunda muayene i\u015flemini ger\u00e7ekle\u015ftirir. Ki\u015finin \u015fikayeti \u00fczerine durumu daha net anlamland\u0131rabilmek ad\u0131na endoskopi i\u015flemi yaparak, o b\u00f6lgeyi ince bir taramadan ge\u00e7irir. \u015e\u00fcphelendi\u011fi bir durum varsa da bir par\u00e7a alarak patolojiye yollar. \u00c7\u0131kan sonu\u00e7 do\u011frultusunda al\u0131nan par\u00e7a kanser h\u00fccresi \u00e7\u0131karsa, ek olarak farkl\u0131 g\u00f6r\u00fcnt\u00fcleme i\u015flemleri yapt\u0131rabilir. Bunlar; PET, MRI, CT gibi filmler olabilir.<\/p>\n<p><img loading=\"lazy\" decoding=\"async\" class=\"alignnone wp-image-151215\" src=\"https:\/\/www.tgrthaber.com\/mavikadin\/wp-content\/uploads\/Nazofarenks-kanseri-icin-uygulanacak-yontemler-300x169.jpg\" alt=\"Nazofarenks kanseri i\u00e7in uygulanacak y\u00f6ntemler\" width=\"1208\" height=\"680\" title=\"\" srcset=\"https:\/\/www.tgrthaber.com\/mavikadin\/wp-content\/uploads\/Nazofarenks-kanseri-icin-uygulanacak-yontemler-300x169.jpg 300w, https:\/\/www.tgrthaber.com\/mavikadin\/wp-content\/uploads\/Nazofarenks-kanseri-icin-uygulanacak-yontemler-1024x576.jpg 1024w, https:\/\/www.tgrthaber.com\/mavikadin\/wp-content\/uploads\/Nazofarenks-kanseri-icin-uygulanacak-yontemler-768x432.jpg 768w, https:\/\/www.tgrthaber.com\/mavikadin\/wp-content\/uploads\/Nazofarenks-kanseri-icin-uygulanacak-yontemler-1536x864.jpg 1536w, https:\/\/www.tgrthaber.com\/mavikadin\/wp-content\/uploads\/Nazofarenks-kanseri-icin-uygulanacak-yontemler.jpg 1920w\" sizes=\"(max-width: 1208px) 100vw, 1208px\" \/><\/p>\n<hr \/>\n<h3>NAZOFARENKS KANSER\u0130 TEDAV\u0130S\u0130 NASIL YAPILIR?<\/h3>\n<p>Doktor, taraf\u0131ndan t\u00fcm tetkikler yap\u0131ld\u0131ktan sonra tedavi y\u00f6ntemine karar verilir. Kanserin ka\u00e7\u0131nc\u0131 derecede ne \u00f6l\u00e7\u00fcde oldu\u011fu belirlenir. Kanser t\u00fcr\u00fcn\u00fcn cinsine ve yay\u0131l\u0131m\u0131na g\u00f6re bireye uygulanacak i\u015flemler onkoloji doktoru ve hasta aras\u0131nda konu\u015fularak ayarlan\u0131r. Nazofarenks kanseri i\u00e7in uygulanacak y\u00f6ntemler:<\/p>\n<ul>\n<li>Cerrahi \u0130\u015flem( kanser h\u00fccresinin oldu\u011fu b\u00f6lge cerrahi m\u00fcdahale ile temizlenir ve sonraki ad\u0131ma ge\u00e7ilir)<\/li>\n<li>Radyoterapi<\/li>\n<li>Kemoterapi<\/li>\n<\/ul>\n<p>&nbsp;<\/p>\n","protected":false},"excerpt":{"rendered":"<p>Filiz Ak\u0131n\u2019\u0131n vefat\u0131n\u0131n ard\u0131ndan nazofarenks kanseri hakk\u0131nda ara\u015ft\u0131rmalar yap\u0131lmaya ba\u015fland\u0131. Filiz Ak\u0131n\u2019\u0131n uzun seneler boyunca tedavi g\u00f6rd\u00fc\u011f\u00fc nazofarenks kanseri nedir? Belirtileri nelerdir? Nazofarenks kanseri nas\u0131l te\u015fhis edilir? Nazofarenks kanseri tedavisi nas\u0131l yap\u0131l\u0131r?<\/p>\n","protected":false},"author":10,"featured_media":151216,"comment_status":"closed","ping_status":"closed","sticky":false,"template":"","format":"standard","meta":{"rank_math_lock_modified_date":false,"footnotes":""},"categories":[1991],"tags":[8167,15191,15192,15193,15194,173],"class_list":["post-151211","post","type-post","status-publish","format-standard","has-post-thumbnail","hentry","category-saglik","tag-filiz-akin","tag-nazofarenks-kanseri","tag-nazofarenks-kanseri-belirtilier","tag-nazofarenks-kanseri-nedir","tag-nazofarenks-kanseri-tedavi","tag-saglik"],"_links":{"self":[{"href":"https:\/\/www.tgrthaber.com\/mavikadin\/wp-json\/wp\/v2\/posts\/151211"}],"collection":[{"href":"https:\/\/www.tgrthaber.com\/mavikadin\/wp-json\/wp\/v2\/posts"}],"about":[{"href":"https:\/\/www.tgrthaber.com\/mavikadin\/wp-json\/wp\/v2\/types\/post"}],"author":[{"embeddable":true,"href":"https:\/\/www.tgrthaber.com\/mavikadin\/wp-json\/wp\/v2\/users\/10"}],"replies":[{"embeddable":true,"href":"https:\/\/www.tgrthaber.com\/mavikadin\/wp-json\/wp\/v2\/comments?post=151211"}],"version-history":[{"count":1,"href":"https:\/\/www.tgrthaber.com\/mavikadin\/wp-json\/wp\/v2\/posts\/151211\/revisions"}],"predecessor-version":[{"id":151217,"href":"https:\/\/www.tgrthaber.com\/mavikadin\/wp-json\/wp\/v2\/posts\/151211\/revisions\/151217"}],"wp:featuredmedia":[{"embeddable":true,"href":"https:\/\/www.tgrthaber.com\/mavikadin\/wp-json\/wp\/v2\/media\/151216"}],"wp:attachment":[{"href":"https:\/\/www.tgrthaber.com\/mavikadin\/wp-json\/wp\/v2\/media?parent=151211"}],"wp:term":[{"taxonomy":"category","embeddable":true,"href":"https:\/\/www.tgrthaber.com\/mavikadin\/wp-json\/wp\/v2\/categories?post=151211"},{"taxonomy":"post_tag","embeddable":true,"href":"https:\/\/www.tgrthaber.com\/mavikadin\/wp-json\/wp\/v2\/tags?post=151211"}],"curies":[{"name":"wp","href":"https:\/\/api.w.org\/{rel}","templated":true}]}}