{"id":151334,"date":"2025-03-23T14:46:07","date_gmt":"2025-03-23T11:46:07","guid":{"rendered":"https:\/\/www.tgrthaber.com\/mavikadin\/?p=151334"},"modified":"2025-03-27T17:05:36","modified_gmt":"2025-03-27T14:05:36","slug":"bayram-haftasinda-diziler-yayinlanacak-mi-2025-bayram-haftasinda-hangi-diziler-yok","status":"publish","type":"post","link":"https:\/\/www.tgrthaber.com\/mavikadin\/bayram-haftasinda-diziler-yayinlanacak-mi-2025-bayram-haftasinda-hangi-diziler-yok\/","title":{"rendered":"Bayram haftas\u0131nda diziler yay\u0131nlanacak m\u0131 2025? Bayram haftas\u0131nda hangi diziler yok?"},"content":{"rendered":"<p>Ramazan Bayram\u0131 haftas\u0131na girmeye neredeyse g\u00fcnler kald\u0131. Ramazan\u2019\u0131n yava\u015f yava\u015f sonlanmas\u0131yla birlikte herkesi bayram sevinci sard\u0131. Dizi severler ise bayram haftas\u0131nda dizilerin yay\u0131nlan\u0131p yay\u0131nlanmayaca\u011f\u0131n\u0131 merak ediyor. \u0130zleyiciler bu hafta diziler var m\u0131, yok mu \u00f6\u011frenmek istiyor. Peki, bayram haftas\u0131nda diziler yay\u0131nlanacak m\u0131 2025? Bayram haftas\u0131nda hangi diziler yok? \u0130\u015fte bayram haftas\u0131 dizilerin yay\u0131nlan\u0131p yay\u0131nlanmayaca\u011f\u0131na dair detaylar\u2026<\/p>\n<h3>BAYRAM HAFTASINDA D\u0130Z\u0130LER YAYINLANMAYACAK!<\/h3>\n<p>Bayram ile bulu\u015fmaya say\u0131l\u0131 g\u00fcnler kald\u0131. Ramazan\u2019\u0131n sonuna yakla\u015ft\u0131\u011f\u0131m\u0131z \u015fu g\u00fcnlerde herkesi bayram sevinci sard\u0131. Dizi severler ise bayram haftas\u0131nda dizilerin yay\u0131nlan\u0131p yay\u0131nlanmayaca\u011f\u0131n\u0131 merak etti. \u0130zleyiciler bu hafta dizilerin var olup olmad\u0131\u011f\u0131n\u0131 ara\u015ft\u0131r\u0131yor.<\/p>\n<p>Birbirinden ba\u015far\u0131l\u0131 dizilerin yer ald\u0131\u011f\u0131 televizyon ekranlar\u0131nda hangi dizilerin bayram haftas\u0131nda yay\u0131nlanmayaca\u011f\u0131 merak ediliyor.<\/p>\n<p><img loading=\"lazy\" decoding=\"async\" class=\"alignnone wp-image-151338\" src=\"https:\/\/www.tgrthaber.com\/mavikadin\/wp-content\/uploads\/bayramda-yayinlanmayacak-diziler-1024x576.jpg\" alt=\"Bayram haftas\u0131nda diziler yay\u0131nlanacak m\u0131 2025? \" width=\"1208\" height=\"680\" title=\"\" srcset=\"https:\/\/www.tgrthaber.com\/mavikadin\/wp-content\/uploads\/bayramda-yayinlanmayacak-diziler-1024x576.jpg 1024w, https:\/\/www.tgrthaber.com\/mavikadin\/wp-content\/uploads\/bayramda-yayinlanmayacak-diziler-300x169.jpg 300w, https:\/\/www.tgrthaber.com\/mavikadin\/wp-content\/uploads\/bayramda-yayinlanmayacak-diziler-768x432.jpg 768w, https:\/\/www.tgrthaber.com\/mavikadin\/wp-content\/uploads\/bayramda-yayinlanmayacak-diziler-1536x864.jpg 1536w, https:\/\/www.tgrthaber.com\/mavikadin\/wp-content\/uploads\/bayramda-yayinlanmayacak-diziler.jpg 1600w\" sizes=\"(max-width: 1208px) 100vw, 1208px\" \/><\/p>\n<hr \/>\n<p>Show TV, TRT 1, Kanal D, ATV, NOW ve Star TV kanallar\u0131n\u0131n bayram haftas\u0131ndaki yay\u0131n ak\u0131\u015flar\u0131 merak ediliyor. \u0130zleyiciler bayram haftas\u0131nda hangi dizilerin yay\u0131nda olmayaca\u011f\u0131n\u0131 ara\u015ft\u0131r\u0131yor. Bayram haftas\u0131nda genellikle \u00e7o\u011fu kanallar yay\u0131n hayat\u0131na ara veriyor.<\/p>\n<p>Kanallar\u0131n yay\u0131n hayat\u0131na ara vermesiyle birlikte dizilerin yeni b\u00f6l\u00fcmleri de ekranlarda yer alm\u0131yor. B\u00f6ylece bayram haftas\u0131nda \u00e7o\u011fu dizinin yay\u0131nlanmayaca\u011f\u0131 d\u00fc\u015f\u00fcn\u00fcl\u00fcyor. Hen\u00fcz kanallar\u0131n \u00f6n\u00fcm\u00fczdeki hafta yay\u0131n ak\u0131\u015flar\u0131 yay\u0131nlanmad\u0131\u011f\u0131 i\u00e7in hangi dizilerin yay\u0131nlan\u0131p yay\u0131nlanmayaca\u011f\u0131 belirsizli\u011fini korusa da ba\u0131 dizilerin ekranlarda olmayaca\u011f\u0131 kesinle\u015fti.<\/p>\n<p><img loading=\"lazy\" decoding=\"async\" class=\"alignnone wp-image-151340\" src=\"https:\/\/www.tgrthaber.com\/mavikadin\/wp-content\/uploads\/bayramda-yayinlanmayacak-diziler-3-1024x576.jpg\" alt=\"Bayram haftas\u0131nda diziler yay\u0131nlanacak m\u0131 2025? \" width=\"1208\" height=\"680\" title=\"\" srcset=\"https:\/\/www.tgrthaber.com\/mavikadin\/wp-content\/uploads\/bayramda-yayinlanmayacak-diziler-3-1024x576.jpg 1024w, https:\/\/www.tgrthaber.com\/mavikadin\/wp-content\/uploads\/bayramda-yayinlanmayacak-diziler-3-300x169.jpg 300w, https:\/\/www.tgrthaber.com\/mavikadin\/wp-content\/uploads\/bayramda-yayinlanmayacak-diziler-3-768x432.jpg 768w, https:\/\/www.tgrthaber.com\/mavikadin\/wp-content\/uploads\/bayramda-yayinlanmayacak-diziler-3-1536x864.jpg 1536w, https:\/\/www.tgrthaber.com\/mavikadin\/wp-content\/uploads\/bayramda-yayinlanmayacak-diziler-3.jpg 1600w\" sizes=\"(max-width: 1208px) 100vw, 1208px\" \/><\/p>\n<hr \/>\n<h3>BAYRAM HAFTASINDA YAYINDA OLMAYACAK D\u0130Z\u0130LER!<\/h3>\n<p>Bayram haftas\u0131nda hangi dizilerin var olup olmad\u0131\u011f\u0131 merakla ara\u015ft\u0131r\u0131l\u0131yor. Genellikle \u00e7o\u011fu dizinin bayram tatiline girdi\u011fi bu s\u00fcre\u00e7te televizyon ekranlar\u0131nda hangi dizilerin olmad\u0131\u011f\u0131 merak ediliyor. Kanallar\u0131n g\u00fcncel yay\u0131n ak\u0131\u015flar\u0131n\u0131 payla\u015fmalar\u0131yla birlikte bayram haftas\u0131nda hangi dizilerin olup olmad\u0131\u011f\u0131 netlik kazanacak.<\/p>\n<p><img loading=\"lazy\" decoding=\"async\" class=\"alignnone wp-image-151341\" src=\"https:\/\/www.tgrthaber.com\/mavikadin\/wp-content\/uploads\/bayramda-yayinlanmayacak-diziler-1-1024x576.jpg\" alt=\"Bayram haftas\u0131nda diziler yay\u0131nlanacak m\u0131 2025? \" width=\"1208\" height=\"680\" title=\"\" srcset=\"https:\/\/www.tgrthaber.com\/mavikadin\/wp-content\/uploads\/bayramda-yayinlanmayacak-diziler-1-1024x576.jpg 1024w, https:\/\/www.tgrthaber.com\/mavikadin\/wp-content\/uploads\/bayramda-yayinlanmayacak-diziler-1-300x169.jpg 300w, https:\/\/www.tgrthaber.com\/mavikadin\/wp-content\/uploads\/bayramda-yayinlanmayacak-diziler-1-768x432.jpg 768w, https:\/\/www.tgrthaber.com\/mavikadin\/wp-content\/uploads\/bayramda-yayinlanmayacak-diziler-1-1536x864.jpg 1536w, https:\/\/www.tgrthaber.com\/mavikadin\/wp-content\/uploads\/bayramda-yayinlanmayacak-diziler-1.jpg 1600w\" sizes=\"(max-width: 1208px) 100vw, 1208px\" \/><\/p>\n<hr \/>\n<p>Hen\u00fcz Show TV, TRT 1, ATV, NOW ve Star TV g\u00fcncel yay\u0131n ak\u0131\u015flar\u0131n\u0131 payla\u015fmad\u0131. Fakat kanallar dizilerin tatilini 29 Mart Cumartesi g\u00fcn\u00fcnden itibaren ba\u015flatt\u0131. 29 Mart\u2019ta ba\u015flayacak olan bayram tatilinin 6 Nisan\u2019a kadar devam edece\u011fi d\u00fc\u015f\u00fcn\u00fcl\u00fcyor. Hen\u00fcz netlik kazanmayan tarihler yay\u0131n ak\u0131\u015flar\u0131n\u0131n yay\u0131nlanmas\u0131yla birlikte netlik kazansa da \u00e7o\u011fu dizinin \u00f6n\u00fcm\u00fczdeki hafta yay\u0131nlanmayaca\u011f\u0131 s\u00f6yleniyor.<\/p>\n<p><img loading=\"lazy\" decoding=\"async\" class=\"alignnone wp-image-151343\" src=\"https:\/\/www.tgrthaber.com\/mavikadin\/wp-content\/uploads\/bayramda-yayinlanmayacak-diziler-4-1024x576.jpg\" alt=\"Bayram haftas\u0131nda diziler yay\u0131nlanacak m\u0131 2025? \" width=\"1208\" height=\"680\" title=\"\" srcset=\"https:\/\/www.tgrthaber.com\/mavikadin\/wp-content\/uploads\/bayramda-yayinlanmayacak-diziler-4-1024x576.jpg 1024w, https:\/\/www.tgrthaber.com\/mavikadin\/wp-content\/uploads\/bayramda-yayinlanmayacak-diziler-4-300x169.jpg 300w, https:\/\/www.tgrthaber.com\/mavikadin\/wp-content\/uploads\/bayramda-yayinlanmayacak-diziler-4-768x432.jpg 768w, https:\/\/www.tgrthaber.com\/mavikadin\/wp-content\/uploads\/bayramda-yayinlanmayacak-diziler-4-1536x864.jpg 1536w, https:\/\/www.tgrthaber.com\/mavikadin\/wp-content\/uploads\/bayramda-yayinlanmayacak-diziler-4.jpg 1600w\" sizes=\"(max-width: 1208px) 100vw, 1208px\" \/><\/p>\n<hr \/>\n<h3><strong>SHOW TV EKRANLARININ BAYRAM HAFTASINDA YAYINLANMAYACAK D\u0130Z\u0130LER\u0130!<\/strong><\/h3>\n<p>Show TV ekranlar\u0131 \u00f6n\u00fcm\u00fczdeki haftan\u0131n g\u00fcncel yay\u0131n ak\u0131\u015f\u0131n\u0131 hen\u00fcz payla\u015fmad\u0131. 29 Mart Cumartesi g\u00fcn\u00fcnden itibaren bayram tatilini ba\u015flatan Show TV ekranlar\u0131nda 29 Mart Cumartesi g\u00fcn\u00fc \u201cG\u00fcld\u00fcr G\u00fcld\u00fcr Show\u201d program\u0131 tekrar b\u00f6l\u00fcm\u00fcyle izleyici kar\u015f\u0131s\u0131na \u00e7\u0131kacak.30 Mart Pazar g\u00fcn\u00fc ise yeni b\u00f6l\u00fcmleriyle izleyici kar\u015f\u0131s\u0131na \u00e7\u0131kan \u201cDeha\u201d dizisi, bu hafta yay\u0131nlanmayacak. Deha\u2019n\u0131n yerine 30 Mart Pazar ak\u015fam\u0131 \u201cTokat\u00e7\u0131\u201d ve \u201cKorkusuz Korkak\u201d yerli sinemalar\u0131 izleyici ile bulu\u015facak.<\/p>\n<p><img loading=\"lazy\" decoding=\"async\" class=\"alignnone wp-image-153454\" src=\"https:\/\/www.tgrthaber.com\/mavikadin\/wp-content\/uploads\/Deha-1-3-1024x576.jpg\" alt=\"bayram tatilinde yay\u0131nlanmayacak diziler\" width=\"1208\" height=\"680\" title=\"\" srcset=\"https:\/\/www.tgrthaber.com\/mavikadin\/wp-content\/uploads\/Deha-1-3-1024x576.jpg 1024w, https:\/\/www.tgrthaber.com\/mavikadin\/wp-content\/uploads\/Deha-1-3-300x169.jpg 300w, https:\/\/www.tgrthaber.com\/mavikadin\/wp-content\/uploads\/Deha-1-3-768x432.jpg 768w, https:\/\/www.tgrthaber.com\/mavikadin\/wp-content\/uploads\/Deha-1-3-1536x864.jpg 1536w, https:\/\/www.tgrthaber.com\/mavikadin\/wp-content\/uploads\/Deha-1-3.jpg 1600w\" sizes=\"(max-width: 1208px) 100vw, 1208px\" \/><\/p>\n<hr \/>\n<p>Show TV 1 Nisan haftas\u0131 g\u00fcncel yay\u0131n ak\u0131\u015f\u0131 hen\u00fcz yay\u0131nlanmad\u0131. Fakat \u00f6n\u00fcm\u00fczdeki hafta Show TV ekranlar\u0131n\u0131n fenomen dizileri; Bahar, Siyah Kalp ve K\u0131z\u0131lc\u0131k \u015eerbeti\u2019nin de bayram tatili nedeniyle ekranlarda olmayaca\u011f\u0131 d\u00fc\u015f\u00fcn\u00fcl\u00fcyor.<\/p>\n<h3><strong>TRT 1 EKRANLARININ BAYRAM HAFTASINDA YAYINLANMAYACAK D\u0130Z\u0130LER\u0130!<\/strong><\/h3>\n<p>TRT 1 ekranlar\u0131 \u00f6n\u00fcm\u00fczdeki haftan\u0131n g\u00fcncel yay\u0131n ak\u0131\u015f\u0131n\u0131 hen\u00fcz payla\u015fmad\u0131. 30 Mart Pazar g\u00fcn\u00fcnden itibaren bayram tatilini ba\u015flatan TRT 1 ekranlar\u0131nda 29 Mart Cumartesi g\u00fcn\u00fc \u201cG\u00f6n\u00fcl Da\u011f\u0131\u201d dizisi yeni b\u00f6l\u00fcm\u00fcyle ekranlara gelecek. 30 Mart Pazar g\u00fcn\u00fc ise TRT 1 ekranlar\u0131n\u0131n fenomen dizisi \u201cTe\u015fkilat\u201d yerine \u201c3\u2019te 3\u201d tarih program\u0131 yay\u0131nlanacak.<\/p>\n<p><img loading=\"lazy\" decoding=\"async\" class=\"alignnone wp-image-153458\" src=\"https:\/\/www.tgrthaber.com\/mavikadin\/wp-content\/uploads\/bayram-tatili-yayinlanmayacak-diziler-2-1024x576.jpg\" alt=\"bayram tatilinde yay\u0131nlanmayacak diziler\" width=\"1208\" height=\"680\" title=\"\" srcset=\"https:\/\/www.tgrthaber.com\/mavikadin\/wp-content\/uploads\/bayram-tatili-yayinlanmayacak-diziler-2-1024x576.jpg 1024w, https:\/\/www.tgrthaber.com\/mavikadin\/wp-content\/uploads\/bayram-tatili-yayinlanmayacak-diziler-2-300x169.jpg 300w, https:\/\/www.tgrthaber.com\/mavikadin\/wp-content\/uploads\/bayram-tatili-yayinlanmayacak-diziler-2-768x432.jpg 768w, https:\/\/www.tgrthaber.com\/mavikadin\/wp-content\/uploads\/bayram-tatili-yayinlanmayacak-diziler-2-1536x864.jpg 1536w, https:\/\/www.tgrthaber.com\/mavikadin\/wp-content\/uploads\/bayram-tatili-yayinlanmayacak-diziler-2.jpg 1600w\" sizes=\"(max-width: 1208px) 100vw, 1208px\" \/><\/p>\n<hr \/>\n<p>TRT 1ekranlar\u0131n\u0131n 1 Nisan haftas\u0131 g\u00fcncel yay\u0131n ak\u0131\u015f\u0131 hen\u00fcz yay\u0131nlanmad\u0131. Fakat \u00f6n\u00fcm\u00fczdeki hafta TRT 1 ekranlar\u0131n\u0131n fenomen dizileri; Kud\u00fcs Fatihi Selahattin Eyyubi, Mehmed: Fetihler Sultan\u0131, Bir Zamanlar \u0130stanbul ve G\u00f6n\u00fcl Da\u011f\u0131\u2019n\u0131n da bayram tatili nedeniyle ekranlarda olmayaca\u011f\u0131 tahmin ediliyor.<\/p>\n<h3>\u00a0<strong>KANAL D EKRANLARININ BAYRAM HAFTASINDA YAYINLANMAYACAK D\u0130Z\u0130LER\u0130!<\/strong><\/h3>\n<p>Kanal D ekranlar\u0131 \u00f6n\u00fcm\u00fczdeki haftan\u0131n g\u00fcncel yay\u0131n ak\u0131\u015f\u0131n\u0131 hen\u00fcz payla\u015fmad\u0131. 29 Mart Cumartesi g\u00fcn\u00fcnden itibaren bayram tatilini ba\u015flatan Kanal D ekranlar\u0131nda 29 Mart Cumartesi g\u00fcn\u00fc \u201cPiyasa\u201d dizisi yerine \u201cE\u015fref R\u00fcya\u201d dizisinin tekrar b\u00f6l\u00fcm\u00fc yay\u0131nlanacak.<\/p>\n<p><img loading=\"lazy\" decoding=\"async\" class=\"alignnone wp-image-153455\" src=\"https:\/\/www.tgrthaber.com\/mavikadin\/wp-content\/uploads\/Uzak-Sehir-3-19-1024x576.jpg\" alt=\"bayram tatilinde yay\u0131nlanmayacak diziler\" width=\"1208\" height=\"680\" title=\"\" srcset=\"https:\/\/www.tgrthaber.com\/mavikadin\/wp-content\/uploads\/Uzak-Sehir-3-19-1024x576.jpg 1024w, https:\/\/www.tgrthaber.com\/mavikadin\/wp-content\/uploads\/Uzak-Sehir-3-19-300x169.jpg 300w, https:\/\/www.tgrthaber.com\/mavikadin\/wp-content\/uploads\/Uzak-Sehir-3-19-768x432.jpg 768w, https:\/\/www.tgrthaber.com\/mavikadin\/wp-content\/uploads\/Uzak-Sehir-3-19-1536x864.jpg 1536w, https:\/\/www.tgrthaber.com\/mavikadin\/wp-content\/uploads\/Uzak-Sehir-3-19.jpg 1600w\" sizes=\"(max-width: 1208px) 100vw, 1208px\" \/><\/p>\n<hr \/>\n<p>Kanal D ekranlar\u0131n\u0131n 1 Nisan haftas\u0131 g\u00fcncel yay\u0131n ak\u0131\u015f\u0131 hen\u00fcz yay\u0131nlanmad\u0131. Fakat \u00f6n\u00fcm\u00fczdeki hafta Kanal D ekranlar\u0131n\u0131n fenomen dizisi Uzak \u015eehir, ekranlara gelmeyecek. Bununla birlikte kanal\u0131n fenomen dizileri E\u015fref R\u00fcya, \u0130nci Taneleri, Arka Sokaklar\u2019\u0131n da yeni b\u00f6l\u00fcmlerinin bayram tatili nedeniyle ekranlarda olmayaca\u011f\u0131 d\u00fc\u015f\u00fcn\u00fcl\u00fcyor.<\/p>\n<h3><strong>ATV EKRANLARININ BAYRAM HAFTASINDA YAYINLANMAYACAK D\u0130Z\u0130LER\u0130!<\/strong><\/h3>\n<p>ATV ekranlar\u0131 \u00f6n\u00fcm\u00fczdeki haftan\u0131n g\u00fcncel yay\u0131n ak\u0131\u015f\u0131n\u0131 hen\u00fcz payla\u015fmad\u0131. 29 Mart Cumartesi g\u00fcn\u00fcnden itibaren bayram tatilini ba\u015flatan ATV ekranlar\u0131nda 29 Mart Cumartesi g\u00fcn\u00fc yay\u0131nlanan \u201cCan Borcu\u201d dizisi tekrar b\u00f6l\u00fcm\u00fcyle izleyici kar\u015f\u0131s\u0131na \u00e7\u0131kacak. 30 Mart Pazar g\u00fcn\u00fc ise \u201cKardelenler\u201d dizisi yerine \u201cBal Kaymak\u201d adl\u0131 yerli sinema filmi yay\u0131nlanacak.<\/p>\n<p><img loading=\"lazy\" decoding=\"async\" class=\"alignnone wp-image-153453\" src=\"https:\/\/www.tgrthaber.com\/mavikadin\/wp-content\/uploads\/Bir-Gece-Masali-Sevde-5-1-1024x576.jpg\" alt=\"bayram tatilinde yay\u0131nlanmayacak diziler\" width=\"1208\" height=\"680\" title=\"\" srcset=\"https:\/\/www.tgrthaber.com\/mavikadin\/wp-content\/uploads\/Bir-Gece-Masali-Sevde-5-1-1024x576.jpg 1024w, https:\/\/www.tgrthaber.com\/mavikadin\/wp-content\/uploads\/Bir-Gece-Masali-Sevde-5-1-300x169.jpg 300w, https:\/\/www.tgrthaber.com\/mavikadin\/wp-content\/uploads\/Bir-Gece-Masali-Sevde-5-1-768x432.jpg 768w, https:\/\/www.tgrthaber.com\/mavikadin\/wp-content\/uploads\/Bir-Gece-Masali-Sevde-5-1-1536x864.jpg 1536w, https:\/\/www.tgrthaber.com\/mavikadin\/wp-content\/uploads\/Bir-Gece-Masali-Sevde-5-1.jpg 1600w\" sizes=\"(max-width: 1208px) 100vw, 1208px\" \/><\/p>\n<hr \/>\n<p>ATV ekranlar\u0131n\u0131n 1 Nisan haftas\u0131 g\u00fcncel yay\u0131n ak\u0131\u015f\u0131 hen\u00fcz yay\u0131nlanmad\u0131. Fakat \u00f6n\u00fcm\u00fczdeki hafta ATV ekranlar\u0131n\u0131n fenomen dizileri; Bir Gece Masal\u0131, Kurulu\u015f Osman ve Ba\u015fka Bir G\u00fcn\u2019\u00fcn de yeni b\u00f6l\u00fcmlerinin bayram tatili nedeniyle ekranlarda olmayaca\u011f\u0131 tahmin ediliyor.<\/p>\n<h3><strong>NOW TV EKRANLARININ BAYRAM HAFTASINDA YAYINLANMAYACAK D\u0130Z\u0130LER\u0130!<\/strong><\/h3>\n<p>NOW TV ekranlar\u0131 \u00f6n\u00fcm\u00fczdeki haftan\u0131n g\u00fcncel yay\u0131n ak\u0131\u015f\u0131n\u0131 hen\u00fcz payla\u015fmad\u0131. 30 Mart Pazar g\u00fcn\u00fcnden itibaren bayram tatilini ba\u015flatan NOW TV ekranlar\u0131nda 30 Mart Pazar g\u00fcn\u00fc yay\u0131nlanan \u201c\u015eakir Pa\u015fa Ailesi: Mucizeler ve Skandallar\u201d dizisi tekrar b\u00f6l\u00fcm\u00fcyle izleyici kar\u015f\u0131s\u0131na \u00e7\u0131kacak.<\/p>\n<p><img loading=\"lazy\" decoding=\"async\" class=\"alignnone wp-image-153457\" src=\"https:\/\/www.tgrthaber.com\/mavikadin\/wp-content\/uploads\/bayram-tatili-yayinlanmayacak-diziler-1024x576.jpg\" alt=\"bayram tatilinde yay\u0131nlanmayacak diziler\" width=\"1208\" height=\"680\" title=\"\" srcset=\"https:\/\/www.tgrthaber.com\/mavikadin\/wp-content\/uploads\/bayram-tatili-yayinlanmayacak-diziler-1024x576.jpg 1024w, https:\/\/www.tgrthaber.com\/mavikadin\/wp-content\/uploads\/bayram-tatili-yayinlanmayacak-diziler-300x169.jpg 300w, https:\/\/www.tgrthaber.com\/mavikadin\/wp-content\/uploads\/bayram-tatili-yayinlanmayacak-diziler-768x432.jpg 768w, https:\/\/www.tgrthaber.com\/mavikadin\/wp-content\/uploads\/bayram-tatili-yayinlanmayacak-diziler-1536x864.jpg 1536w, https:\/\/www.tgrthaber.com\/mavikadin\/wp-content\/uploads\/bayram-tatili-yayinlanmayacak-diziler.jpg 1600w\" sizes=\"(max-width: 1208px) 100vw, 1208px\" \/><\/p>\n<hr \/>\n<p>NOW TV ekranlar\u0131n\u0131n 1 Nisan haftas\u0131 g\u00fcncel yay\u0131n ak\u0131\u015f\u0131 hen\u00fcz yay\u0131nlanmad\u0131. Fakat \u00f6n\u00fcm\u00fczdeki hafta NOW TV ekranlar\u0131n\u0131n fenomen dizileri; K\u0131z\u0131l Goncalar, Leyla Hayat\u2026A\u015fk\u2026Adalet\u2026 ve Hudutsuz Sevda\u2019n\u0131n da yeni b\u00f6l\u00fcmlerinin bayram tatili nedeniyle ekranlarda olmayaca\u011f\u0131 d\u00fc\u015f\u00fcn\u00fcl\u00fcyor.<\/p>\n<h3>STAR TV <strong>EKRANLARININ BAYRAM HAFTASINDA YAYINLANMAYACAK D\u0130Z\u0130LER\u0130!<\/strong><\/h3>\n<p>Star TV ekranlar\u0131 \u00f6n\u00fcm\u00fczdeki haftan\u0131n g\u00fcncel yay\u0131n ak\u0131\u015f\u0131n\u0131 hen\u00fcz payla\u015fmad\u0131. 30 Mart Pazar g\u00fcn\u00fcnden itibaren bayram tatilini ba\u015flatan Star TV ekranlar\u0131nda 30 Mart Pazar g\u00fcn\u00fc yay\u0131nlanan \u201c\u00c7ok G\u00fczel Hareketler Bunlar 2\u201d program\u0131 yerine \u201cD\u00fc\u011f\u00fcn Dernek 2: S\u00fcnnet\u201d adl\u0131 sinema filmi izleyici kar\u015f\u0131s\u0131na \u00e7\u0131kacak.<\/p>\n<p><img loading=\"lazy\" decoding=\"async\" class=\"alignnone wp-image-153456\" src=\"https:\/\/www.tgrthaber.com\/mavikadin\/wp-content\/uploads\/bayram-tatili-yayinlanmayacak-diziler-1-1024x576.jpg\" alt=\"bayram tatilinde yay\u0131nlanmayacak diziler\" width=\"1208\" height=\"680\" title=\"\" srcset=\"https:\/\/www.tgrthaber.com\/mavikadin\/wp-content\/uploads\/bayram-tatili-yayinlanmayacak-diziler-1-1024x576.jpg 1024w, https:\/\/www.tgrthaber.com\/mavikadin\/wp-content\/uploads\/bayram-tatili-yayinlanmayacak-diziler-1-300x169.jpg 300w, https:\/\/www.tgrthaber.com\/mavikadin\/wp-content\/uploads\/bayram-tatili-yayinlanmayacak-diziler-1-768x432.jpg 768w, https:\/\/www.tgrthaber.com\/mavikadin\/wp-content\/uploads\/bayram-tatili-yayinlanmayacak-diziler-1-1536x864.jpg 1536w, https:\/\/www.tgrthaber.com\/mavikadin\/wp-content\/uploads\/bayram-tatili-yayinlanmayacak-diziler-1.jpg 1600w\" sizes=\"(max-width: 1208px) 100vw, 1208px\" \/><\/p>\n<hr \/>\n<p>Star TV ekranlar\u0131n\u0131n 1 Nisan haftas\u0131 g\u00fcncel yay\u0131n ak\u0131\u015f\u0131 hen\u00fcz yay\u0131nlanmad\u0131. Fakat \u00f6n\u00fcm\u00fczdeki hafta Star TV ekranlar\u0131n\u0131n fenomen dizileri; Kral Kaybederse, Sahipsizler ve Yal\u0131 \u00c7apk\u0131n\u0131\u2019n\u0131n da da yeni b\u00f6l\u00fcmlerinin bayram tatili nedeniyle ekranlarda olmayaca\u011f\u0131 tahmin ediliyor.<\/p>\n","protected":false},"excerpt":{"rendered":"<p>Ramazan\u2019\u0131n yava\u015f yava\u015f sonlanmas\u0131yla birlikte bayram sevinci herkesi sard\u0131. \u0130zleyiciler ise bayram haftas\u0131nda dizilerin yay\u0131nlan\u0131p yay\u0131nlanmayaca\u011f\u0131n\u0131 merak ediyor. Peki, bayram haftas\u0131nda diziler yay\u0131nlanacak m\u0131 2025? Bayram haftas\u0131nda hangi diziler yok? \u0130\u015fte detaylar\u2026<\/p>\n","protected":false},"author":26,"featured_media":151337,"comment_status":"closed","ping_status":"closed","sticky":false,"template":"","format":"standard","meta":{"rank_math_lock_modified_date":false,"footnotes":""},"categories":[101],"tags":[8686,15236,9612,15237,3602],"class_list":["post-151334","post","type-post","status-publish","format-standard","has-post-thumbnail","hentry","category-kesfet","tag-2025-dizileri","tag-2025-ramazan-bayrami","tag-bayram","tag-bayramda-yayinlanmayacak-diziler","tag-diziler"],"_links":{"self":[{"href":"https:\/\/www.tgrthaber.com\/mavikadin\/wp-json\/wp\/v2\/posts\/151334"}],"collection":[{"href":"https:\/\/www.tgrthaber.com\/mavikadin\/wp-json\/wp\/v2\/posts"}],"about":[{"href":"https:\/\/www.tgrthaber.com\/mavikadin\/wp-json\/wp\/v2\/types\/post"}],"author":[{"embeddable":true,"href":"https:\/\/www.tgrthaber.com\/mavikadin\/wp-json\/wp\/v2\/users\/26"}],"replies":[{"embeddable":true,"href":"https:\/\/www.tgrthaber.com\/mavikadin\/wp-json\/wp\/v2\/comments?post=151334"}],"version-history":[{"count":4,"href":"https:\/\/www.tgrthaber.com\/mavikadin\/wp-json\/wp\/v2\/posts\/151334\/revisions"}],"predecessor-version":[{"id":153459,"href":"https:\/\/www.tgrthaber.com\/mavikadin\/wp-json\/wp\/v2\/posts\/151334\/revisions\/153459"}],"wp:featuredmedia":[{"embeddable":true,"href":"https:\/\/www.tgrthaber.com\/mavikadin\/wp-json\/wp\/v2\/media\/151337"}],"wp:attachment":[{"href":"https:\/\/www.tgrthaber.com\/mavikadin\/wp-json\/wp\/v2\/media?parent=151334"}],"wp:term":[{"taxonomy":"category","embeddable":true,"href":"https:\/\/www.tgrthaber.com\/mavikadin\/wp-json\/wp\/v2\/categories?post=151334"},{"taxonomy":"post_tag","embeddable":true,"href":"https:\/\/www.tgrthaber.com\/mavikadin\/wp-json\/wp\/v2\/tags?post=151334"}],"curies":[{"name":"wp","href":"https:\/\/api.w.org\/{rel}","templated":true}]}}