{"id":151382,"date":"2025-03-23T15:56:58","date_gmt":"2025-03-23T12:56:58","guid":{"rendered":"https:\/\/www.tgrthaber.com\/mavikadin\/?p=151382"},"modified":"2025-03-23T15:56:58","modified_gmt":"2025-03-23T12:56:58","slug":"evde-bayram-sekeri-yapmanin-tam-zamani-unlu-markalara-fark-atacaksiniz","status":"publish","type":"post","link":"https:\/\/www.tgrthaber.com\/mavikadin\/evde-bayram-sekeri-yapmanin-tam-zamani-unlu-markalara-fark-atacaksiniz\/","title":{"rendered":"Evde bayram \u015fekeri yapman\u0131n tam zaman\u0131! \u00dcnl\u00fc markalara fark atacaks\u0131n\u0131z"},"content":{"rendered":"<p>Evde bayram \u015fekeri yapman\u0131n tam zaman\u0131! Bayramda misafirlerinize sadece lezzetli de\u011fil, ayn\u0131 zamanda sa\u011fl\u0131kl\u0131 ve do\u011fal bir tatl\u0131 sunmak isterseniz, \u00fcnl\u00fc markalar\u0131n \u00fcretimlerine fark atacak kadar enfes bir bayram \u015fekeri haz\u0131rlayabilirsiniz. Haz\u0131r almak yerine evde kendinizin yapaca\u011f\u0131 bu tatl\u0131, hem ekonomik hem de herkesin damak zevkine hitap edecek kadar lezzetli olacak. \u00dcstelik, bu geleneksel tatlar\u0131 kendi mutfa\u011f\u0131n\u0131zda haz\u0131rlayarak bayram\u0131n keyfini bir kat daha art\u0131rabilirsiniz. Peki evde bayram \u015fekeri nas\u0131l haz\u0131rlan\u0131r? \u0130\u015fte tarifi&#8230;<\/p>\n<p><b>EVDE BAYRAM \u015eEKER\u0130 NASIL YAPILIR?<\/b><b><\/b><\/p>\n<p><strong>Malzemeler:\u00a0<\/strong><\/p>\n<p>2 su barda\u011f\u0131 toz \u015feker<\/p>\n<p>1\/2 su barda\u011f\u0131 su<\/p>\n<p>1\/2 su barda\u011f\u0131 limon suyu<\/p>\n<p><img loading=\"lazy\" decoding=\"async\" class=\"alignnone wp-image-151383 size-large\" src=\"https:\/\/www.tgrthaber.com\/mavikadin\/wp-content\/uploads\/Ekran-Resmi-2025-03-23-15.51.52-1024x644.png\" alt=\"\" width=\"1024\" height=\"644\" title=\"\" srcset=\"https:\/\/www.tgrthaber.com\/mavikadin\/wp-content\/uploads\/Ekran-Resmi-2025-03-23-15.51.52-1024x644.png 1024w, https:\/\/www.tgrthaber.com\/mavikadin\/wp-content\/uploads\/Ekran-Resmi-2025-03-23-15.51.52-300x189.png 300w, https:\/\/www.tgrthaber.com\/mavikadin\/wp-content\/uploads\/Ekran-Resmi-2025-03-23-15.51.52-768x483.png 768w, https:\/\/www.tgrthaber.com\/mavikadin\/wp-content\/uploads\/Ekran-Resmi-2025-03-23-15.51.52-1536x966.png 1536w, https:\/\/www.tgrthaber.com\/mavikadin\/wp-content\/uploads\/Ekran-Resmi-2025-03-23-15.51.52.png 1618w\" sizes=\"(max-width: 1024px) 100vw, 1024px\" \/><\/p>\n<hr \/>\n<p>1 tatl\u0131 ka\u015f\u0131\u011f\u0131 tereya\u011f\u0131<\/p>\n<p>1 \u00e7ay barda\u011f\u0131 s\u00fct<\/p>\n<p>1 su barda\u011f\u0131 pudra \u015fekeri<\/p>\n<p>Birka\u00e7 damla vanilya esans\u0131<\/p>\n<p>Yar\u0131m su barda\u011f\u0131 ni\u015fasta<\/p>\n<p>1 su barda\u011f\u0131 su (ni\u015fasta i\u00e7in)<\/p>\n<p><img loading=\"lazy\" decoding=\"async\" class=\"alignnone wp-image-151384 size-large\" src=\"https:\/\/www.tgrthaber.com\/mavikadin\/wp-content\/uploads\/Ekran-Resmi-2025-03-23-15.52.04-1024x658.png\" alt=\"\" width=\"1024\" height=\"658\" title=\"\" srcset=\"https:\/\/www.tgrthaber.com\/mavikadin\/wp-content\/uploads\/Ekran-Resmi-2025-03-23-15.52.04-1024x658.png 1024w, https:\/\/www.tgrthaber.com\/mavikadin\/wp-content\/uploads\/Ekran-Resmi-2025-03-23-15.52.04-300x193.png 300w, https:\/\/www.tgrthaber.com\/mavikadin\/wp-content\/uploads\/Ekran-Resmi-2025-03-23-15.52.04-768x493.png 768w, https:\/\/www.tgrthaber.com\/mavikadin\/wp-content\/uploads\/Ekran-Resmi-2025-03-23-15.52.04-1536x986.png 1536w, https:\/\/www.tgrthaber.com\/mavikadin\/wp-content\/uploads\/Ekran-Resmi-2025-03-23-15.52.04.png 1610w\" sizes=\"(max-width: 1024px) 100vw, 1024px\" \/><\/p>\n<hr \/>\n<p><b>Haz\u0131rlan\u0131\u015f\u0131:<\/b><b><\/b><\/p>\n<p>\u00d6ncelikle \u015feker, su ve limon suyunu bir tencereye al\u0131p, kar\u0131\u015ft\u0131rarak k\u0131s\u0131k ate\u015fte \u015fekerin tamamen erimesini sa\u011flay\u0131n. Kar\u0131\u015f\u0131m kaynamaya ba\u015flad\u0131\u011f\u0131nda, \u00fczerine tereya\u011f\u0131n\u0131 ekleyin ve 10 dakika kadar kaynamaya b\u0131rak\u0131n. Ard\u0131ndan ni\u015fastay\u0131 bir su barda\u011f\u0131 suyla a\u00e7\u0131n ve kaynayan kar\u0131\u015f\u0131ma ekleyin. Kar\u0131\u015f\u0131m\u0131 s\u00fcrekli kar\u0131\u015ft\u0131rarak p\u00fcr\u00fczs\u00fcz bir k\u0131vam elde edin. Kar\u0131\u015f\u0131m koyula\u015fmaya ba\u015flad\u0131\u011f\u0131nda, vanilya esans\u0131n\u0131 ve s\u00fct\u00fc ilave edin. \u0130yice kar\u0131\u015ft\u0131rd\u0131ktan sonra, kar\u0131\u015f\u0131m\u0131 hafif ya\u011flanm\u0131\u015f bir tepsiye d\u00f6k\u00fcn ve oda s\u0131cakl\u0131\u011f\u0131nda so\u011fumaya b\u0131rak\u0131n. 2-3 saat so\u011fuduktan sonra, bayram \u015fekerinizi k\u00fcp \u015feklinde dilimleyebilirsiniz.<\/p>\n<p><img loading=\"lazy\" decoding=\"async\" class=\"alignnone wp-image-151385 size-large\" src=\"https:\/\/www.tgrthaber.com\/mavikadin\/wp-content\/uploads\/Ekran-Resmi-2025-03-23-15.51.36-1024x584.png\" alt=\"\" width=\"1024\" height=\"584\" title=\"\" srcset=\"https:\/\/www.tgrthaber.com\/mavikadin\/wp-content\/uploads\/Ekran-Resmi-2025-03-23-15.51.36-1024x584.png 1024w, https:\/\/www.tgrthaber.com\/mavikadin\/wp-content\/uploads\/Ekran-Resmi-2025-03-23-15.51.36-300x171.png 300w, https:\/\/www.tgrthaber.com\/mavikadin\/wp-content\/uploads\/Ekran-Resmi-2025-03-23-15.51.36-768x438.png 768w, https:\/\/www.tgrthaber.com\/mavikadin\/wp-content\/uploads\/Ekran-Resmi-2025-03-23-15.51.36.png 1304w\" sizes=\"(max-width: 1024px) 100vw, 1024px\" \/><\/p>\n<hr \/>\n<p>Son olarak, \u015fekerlerin \u00fczerine pudra \u015fekeri serpip, yap\u0131\u015fmas\u0131n\u0131 \u00f6nlemek i\u00e7in ni\u015fasta ile kar\u0131\u015ft\u0131rabilirsiniz. \u0130\u015fte, bayramda misafirlerinize sunabilece\u011finiz, \u00fcnl\u00fc markalardan \u00e7ok daha lezzetli ve sa\u011fl\u0131kl\u0131 ev yap\u0131m\u0131 bayram \u015fekeriniz haz\u0131r! Hem pratik hem de e\u015fsiz lezzetiyle herkesi etkileyeceksiniz.<\/p>\n<p><img loading=\"lazy\" decoding=\"async\" class=\"alignnone wp-image-151387 size-large\" src=\"https:\/\/www.tgrthaber.com\/mavikadin\/wp-content\/uploads\/Ekran-Resmi-2025-03-23-15.52.15-1024x631.png\" alt=\"\" width=\"1024\" height=\"631\" title=\"\" srcset=\"https:\/\/www.tgrthaber.com\/mavikadin\/wp-content\/uploads\/Ekran-Resmi-2025-03-23-15.52.15-1024x631.png 1024w, https:\/\/www.tgrthaber.com\/mavikadin\/wp-content\/uploads\/Ekran-Resmi-2025-03-23-15.52.15-300x185.png 300w, https:\/\/www.tgrthaber.com\/mavikadin\/wp-content\/uploads\/Ekran-Resmi-2025-03-23-15.52.15-768x473.png 768w, https:\/\/www.tgrthaber.com\/mavikadin\/wp-content\/uploads\/Ekran-Resmi-2025-03-23-15.52.15.png 1536w\" sizes=\"(max-width: 1024px) 100vw, 1024px\" \/><\/p>\n<hr \/>\n<h3>BAYRAM \u015eEKER\u0130 T\u00dcKETMEK K\u0130LO ALDIRIR MI?<\/h3>\n<p>Bayram \u015fekerinin kilo ald\u0131r\u0131p ald\u0131rmad\u0131\u011f\u0131, t\u00fcketilen miktara ve bireysel metabolizmaya ba\u011fl\u0131d\u0131r. Evde yap\u0131lan bayram \u015fekerleri, genellikle katk\u0131 maddesi ve koruyucu i\u00e7ermedi\u011fi i\u00e7in daha sa\u011fl\u0131kl\u0131 olabilir, ancak y\u00fcksek miktarda \u015feker ve ni\u015fasta i\u00e7ermesi nedeniyle a\u015f\u0131r\u0131 t\u00fcketimi kilo al\u0131m\u0131na yol a\u00e7abilir. Tatl\u0131lar, fazla kalori al\u0131m\u0131na sebep olabilir, bu y\u00fczden dengeli bir \u015fekilde t\u00fcketilmesi \u00f6nerilir. Bayramda \u015fekerleri keyifle yiyebilirsiniz, ancak porsiyon kontrol\u00fcne dikkat etmek, fazla kalori al\u0131m\u0131n\u0131 engelleyecektir. Sa\u011fl\u0131kl\u0131 bir bayram ge\u00e7irmek i\u00e7in tatl\u0131n\u0131z\u0131 \u00f6l\u00e7\u00fcl\u00fc \u015fekilde t\u00fcketmek en do\u011frusu olacakt\u0131r.<\/p>\n","protected":false},"excerpt":{"rendered":"<p>Bayramda misafirlerinize sunabilece\u011finiz, sa\u011fl\u0131kl\u0131 ve do\u011fal bir tatl\u0131 yapmak isterseniz, ev yap\u0131m\u0131 bayram \u015fekerleri m\u00fckemmel bir se\u00e7enek. Haz\u0131r almak yerine, kendi mutfa\u011f\u0131n\u0131zda haz\u0131rlayaca\u011f\u0131n\u0131z bu tatl\u0131, hem ekonomik hem de lezzetli olacak. \u0130\u015fte haz\u0131rlan\u0131\u015f\u0131\u2026 <\/p>\n","protected":false},"author":16,"featured_media":151388,"comment_status":"closed","ping_status":"closed","sticky":false,"template":"","format":"standard","meta":{"rank_math_lock_modified_date":false,"footnotes":""},"categories":[101],"tags":[15253,15251,15252],"class_list":["post-151382","post","type-post","status-publish","format-standard","has-post-thumbnail","hentry","category-kesfet","tag-bayram-sekeri-nasil-yapilir","tag-evde-bayram-sekeri-nasil-yapilir","tag-evde-bayram-sekeri-tarifi"],"_links":{"self":[{"href":"https:\/\/www.tgrthaber.com\/mavikadin\/wp-json\/wp\/v2\/posts\/151382"}],"collection":[{"href":"https:\/\/www.tgrthaber.com\/mavikadin\/wp-json\/wp\/v2\/posts"}],"about":[{"href":"https:\/\/www.tgrthaber.com\/mavikadin\/wp-json\/wp\/v2\/types\/post"}],"author":[{"embeddable":true,"href":"https:\/\/www.tgrthaber.com\/mavikadin\/wp-json\/wp\/v2\/users\/16"}],"replies":[{"embeddable":true,"href":"https:\/\/www.tgrthaber.com\/mavikadin\/wp-json\/wp\/v2\/comments?post=151382"}],"version-history":[{"count":1,"href":"https:\/\/www.tgrthaber.com\/mavikadin\/wp-json\/wp\/v2\/posts\/151382\/revisions"}],"predecessor-version":[{"id":151389,"href":"https:\/\/www.tgrthaber.com\/mavikadin\/wp-json\/wp\/v2\/posts\/151382\/revisions\/151389"}],"wp:featuredmedia":[{"embeddable":true,"href":"https:\/\/www.tgrthaber.com\/mavikadin\/wp-json\/wp\/v2\/media\/151388"}],"wp:attachment":[{"href":"https:\/\/www.tgrthaber.com\/mavikadin\/wp-json\/wp\/v2\/media?parent=151382"}],"wp:term":[{"taxonomy":"category","embeddable":true,"href":"https:\/\/www.tgrthaber.com\/mavikadin\/wp-json\/wp\/v2\/categories?post=151382"},{"taxonomy":"post_tag","embeddable":true,"href":"https:\/\/www.tgrthaber.com\/mavikadin\/wp-json\/wp\/v2\/tags?post=151382"}],"curies":[{"name":"wp","href":"https:\/\/api.w.org\/{rel}","templated":true}]}}