{"id":151434,"date":"2025-03-23T17:29:25","date_gmt":"2025-03-23T14:29:25","guid":{"rendered":"https:\/\/www.tgrthaber.com\/mavikadin\/?p=151434"},"modified":"2025-03-23T17:29:25","modified_gmt":"2025-03-23T14:29:25","slug":"bayram-alisverisinde-sekerlere-dikkat-bayram-sekeri-alirken-nelere-dikkat-edilmeli","status":"publish","type":"post","link":"https:\/\/www.tgrthaber.com\/mavikadin\/bayram-alisverisinde-sekerlere-dikkat-bayram-sekeri-alirken-nelere-dikkat-edilmeli\/","title":{"rendered":"Bayram al\u0131\u015fveri\u015finde \u015fekerlere dikkat! Bayram \u015fekeri al\u0131rken nelere dikkat edilmeli?"},"content":{"rendered":"<p>Ramazan ay\u0131n\u0131n yava\u015f yava\u015f bitmesiyle birlikte bayram heyecan\u0131 herkesi sard\u0131. Ramazan Bayram\u0131\u2019na say\u0131l\u0131 g\u00fcnler kala vatanda\u015flar bayram al\u0131\u015fveri\u015fi yapmaya ba\u015flad\u0131. \u00c7ikolata ve \u015feker t\u00fcketiminin art\u0131\u015f g\u00f6sterdi\u011fi bayramlarda ise vatanda\u015flar, bayram \u015fekeri al\u0131rken nelere dikkat edilmesi gerekti\u011fini ara\u015ft\u0131r\u0131yor. Ramazan Bayram\u0131 i\u00e7in evinize ya da misafir olarak gitti\u011finiz yak\u0131nlar\u0131n\u0131za \u015feker veya \u00e7ikolata al\u0131rken nelere dikkat etmelisiniz hi\u00e7 d\u00fc\u015f\u00fcnd\u00fcn\u00fcz m\u00fc? \u0130\u015fte bayram \u015fekeri al\u0131rken dikkat edilmesi gerekenler\u2026<\/p>\n<h3>BAYRAM ALI\u015eVER\u0130\u015e\u0130NDE \u015eEKERLERE D\u0130KKAT!<\/h3>\n<p>Bayram\u0131n en tatl\u0131 yanlar\u0131ndan biri, b\u00fcy\u00fck k\u00fc\u00e7\u00fck demeden herkesin severek t\u00fcketti\u011fi bayram \u015fekerleridir. Ramazan Bayram\u0131\u2019na say\u0131l\u0131 g\u00fcnler kala \u015feker, \u00e7ikolata ve lokumlara talep artarken, uzmanlar ise taklit ve ta\u011f\u015fi\u015f \u00fcr\u00fcnlerden uzak durulmas\u0131 konusunda uyar\u0131larda bulunmaya devam ediyor.<\/p>\n<p><img loading=\"lazy\" decoding=\"async\" class=\"alignnone wp-image-151436\" src=\"https:\/\/www.tgrthaber.com\/mavikadin\/wp-content\/uploads\/bayram-sekeri-3-1024x576.jpg\" alt=\"Bayram al\u0131\u015fveri\u015finde \u015fekerlere dikkat! Bayram \u015fekeri al\u0131rken nelere dikkat edilmeli?\" width=\"1208\" height=\"680\" title=\"\" srcset=\"https:\/\/www.tgrthaber.com\/mavikadin\/wp-content\/uploads\/bayram-sekeri-3-1024x576.jpg 1024w, https:\/\/www.tgrthaber.com\/mavikadin\/wp-content\/uploads\/bayram-sekeri-3-300x169.jpg 300w, https:\/\/www.tgrthaber.com\/mavikadin\/wp-content\/uploads\/bayram-sekeri-3-768x432.jpg 768w, https:\/\/www.tgrthaber.com\/mavikadin\/wp-content\/uploads\/bayram-sekeri-3-1536x864.jpg 1536w, https:\/\/www.tgrthaber.com\/mavikadin\/wp-content\/uploads\/bayram-sekeri-3.jpg 1600w\" sizes=\"(max-width: 1208px) 100vw, 1208px\" \/><\/p>\n<hr \/>\n<p>T\u00fcrkiye\u2019de \u015fekerlemelerin ve \u00e7ikolatan\u0131n en fazla bayramlarda t\u00fcketildi\u011fi s\u00f6yleniyor. Vatanda\u015flar, 7\u2019den 70\u2019e herkesin doyas\u0131ya \u015feker t\u00fcketti\u011fi bayramlarda ise bayram \u015fekeri al\u0131rken nelere dikkat edilmesi gerekti\u011fini ara\u015ft\u0131r\u0131yor. Bayram al\u0131\u015fveri\u015flerinde en fazla \u015feker ve \u00e7ikolata tercih ediliyor. Peki, bayram \u015fekeri al\u0131rken nelere dikkat edilmeli? \u0130\u015fte bayram \u015fekeri al\u0131rken dikkat edilmesi gerekenler\u2026<\/p>\n<p><img loading=\"lazy\" decoding=\"async\" class=\"alignnone wp-image-151437\" src=\"https:\/\/www.tgrthaber.com\/mavikadin\/wp-content\/uploads\/bayram-sekeri-1-1024x576.jpg\" alt=\"Bayram al\u0131\u015fveri\u015finde \u015fekerlere dikkat! Bayram \u015fekeri al\u0131rken nelere dikkat edilmeli?\" width=\"1208\" height=\"680\" title=\"\" srcset=\"https:\/\/www.tgrthaber.com\/mavikadin\/wp-content\/uploads\/bayram-sekeri-1-1024x576.jpg 1024w, https:\/\/www.tgrthaber.com\/mavikadin\/wp-content\/uploads\/bayram-sekeri-1-300x169.jpg 300w, https:\/\/www.tgrthaber.com\/mavikadin\/wp-content\/uploads\/bayram-sekeri-1-768x432.jpg 768w, https:\/\/www.tgrthaber.com\/mavikadin\/wp-content\/uploads\/bayram-sekeri-1-1536x864.jpg 1536w, https:\/\/www.tgrthaber.com\/mavikadin\/wp-content\/uploads\/bayram-sekeri-1.jpg 1600w\" sizes=\"(max-width: 1208px) 100vw, 1208px\" \/><\/p>\n<hr \/>\n<h3>BAYRAM \u015eEKER\u0130 ALIRKEN D\u0130KKAT ED\u0130LMES\u0130 GEREKENLER!<\/h3>\n<p>Bayram\u0131n en tatl\u0131 yanlar\u0131ndan biri, b\u00fcy\u00fck k\u00fc\u00e7\u00fck demeden herkesin severek t\u00fcketti\u011fi bayram \u015fekerleridir. Ancak \u015feker al\u0131rken dikkat edilmesi gereken baz\u0131 \u00f6nemli noktalar var. \u0130\u015fte sa\u011fl\u0131kl\u0131 ve g\u00fcvenilir bir bayram \u015fekeri se\u00e7imi i\u00e7in bilmeniz gerekenler\u2026<\/p>\n<h4>\u0130\u00e7eri\u011fini Kontrol Edin<\/h4>\n<p>Renkli ve cazip g\u00f6r\u00fcnen \u015fekerler bazen sa\u011fl\u0131\u011fa zararl\u0131 katk\u0131 maddeleri i\u00e7erebilir. \u00d6zellikle Y\u00fcksek Fruktozlu M\u0131s\u0131r \u015eurubu (HFCS) ve yapay tatland\u0131r\u0131c\u0131lardan ka\u00e7\u0131n\u0131n. Do\u011fal meyve \u00f6zleriyle tatland\u0131r\u0131lm\u0131\u015f veya \u015feker kam\u0131\u015f\u0131ndan \u00fcretilmi\u015f \u00fcr\u00fcnleri tercih edin.<\/p>\n<h4>Ambalaj\u0131 ve Son Kullanma Tarihini \u0130nceleyin<\/h4>\n<p>A\u00e7\u0131kta sat\u0131lan, ambalajs\u0131z veya son kullanma tarihi yakla\u015fm\u0131\u015f \u015fekerlerden uzak durun. Hijyenik ko\u015fullarda \u00fcretilmi\u015f, paketli ve g\u00fcvenilir markalar\u0131n \u00fcr\u00fcnlerini tercih etmek g\u0131da g\u00fcvenli\u011fi a\u00e7\u0131s\u0131ndan b\u00fcy\u00fck \u00f6nem ta\u015f\u0131r.<\/p>\n<p><img loading=\"lazy\" decoding=\"async\" class=\"alignnone wp-image-151438\" src=\"https:\/\/www.tgrthaber.com\/mavikadin\/wp-content\/uploads\/bayram-sekeri-5-1024x576.jpg\" alt=\"Bayram al\u0131\u015fveri\u015finde \u015fekerlere dikkat! Bayram \u015fekeri al\u0131rken nelere dikkat edilmeli?\" width=\"1208\" height=\"680\" title=\"\" srcset=\"https:\/\/www.tgrthaber.com\/mavikadin\/wp-content\/uploads\/bayram-sekeri-5-1024x576.jpg 1024w, https:\/\/www.tgrthaber.com\/mavikadin\/wp-content\/uploads\/bayram-sekeri-5-300x169.jpg 300w, https:\/\/www.tgrthaber.com\/mavikadin\/wp-content\/uploads\/bayram-sekeri-5-768x432.jpg 768w, https:\/\/www.tgrthaber.com\/mavikadin\/wp-content\/uploads\/bayram-sekeri-5-1536x864.jpg 1536w, https:\/\/www.tgrthaber.com\/mavikadin\/wp-content\/uploads\/bayram-sekeri-5.jpg 1600w\" sizes=\"(max-width: 1208px) 100vw, 1208px\" \/><\/p>\n<hr \/>\n<h4>A\u015f\u0131r\u0131 \u0130\u015flenmi\u015f \u00dcr\u00fcnlerden Ka\u00e7\u0131n\u0131n<\/h4>\n<p>\u00c7ok parlak, a\u015f\u0131r\u0131 renklendirilmi\u015f \u015fekerler genellikle sentetik boyalar i\u00e7erir. E kodlu katk\u0131 maddeleri i\u00e7eren \u00fcr\u00fcnleri se\u00e7erken dikkatli olun, \u00e7\u00fcnk\u00fc baz\u0131lar\u0131 sa\u011fl\u0131k a\u00e7\u0131s\u0131ndan risk ta\u015f\u0131yabilir.<\/p>\n<h4>\u015eeker Alternatiflerini De\u011ferlendirin<\/h4>\n<p>Sa\u011fl\u0131kl\u0131 bir bayram i\u00e7in hurma, kuru meyveler, bitter \u00e7ikolata veya do\u011fal lokumlar gibi daha besleyici alternatifler de d\u00fc\u015f\u00fcn\u00fclebilir. \u00d6zellikle \u00e7ocuklar i\u00e7in besin de\u011feri y\u00fcksek, katk\u0131 maddesi i\u00e7ermeyen tatl\u0131lar tercih edilmelidir.<\/p>\n<h4>G\u00fcvenilir Sat\u0131n Alma Noktalar\u0131n\u0131 Se\u00e7in<\/h4>\n<p>Bayram \u015fekerlerini al\u0131rken b\u00fcy\u00fck marketler, g\u00fcvenilir \u00fcreticiler veya yerel pastaneler gibi hijyen kurallar\u0131na uygun sat\u0131\u015f noktalar\u0131n\u0131 tercih edin. A\u00e7\u0131kta sat\u0131lan veya merdiven alt\u0131 \u00fcretim yap\u0131lan \u015fekerler sa\u011fl\u0131k a\u00e7\u0131s\u0131ndan risk olu\u015fturabilir.<\/p>\n<p><img loading=\"lazy\" decoding=\"async\" class=\"alignnone wp-image-151439\" src=\"https:\/\/www.tgrthaber.com\/mavikadin\/wp-content\/uploads\/bayram-sekeri-2-1024x576.jpg\" alt=\"Bayram al\u0131\u015fveri\u015finde \u015fekerlere dikkat! Bayram \u015fekeri al\u0131rken nelere dikkat edilmeli?\" width=\"1208\" height=\"680\" title=\"\" srcset=\"https:\/\/www.tgrthaber.com\/mavikadin\/wp-content\/uploads\/bayram-sekeri-2-1024x576.jpg 1024w, https:\/\/www.tgrthaber.com\/mavikadin\/wp-content\/uploads\/bayram-sekeri-2-300x169.jpg 300w, https:\/\/www.tgrthaber.com\/mavikadin\/wp-content\/uploads\/bayram-sekeri-2-768x432.jpg 768w, https:\/\/www.tgrthaber.com\/mavikadin\/wp-content\/uploads\/bayram-sekeri-2-1536x864.jpg 1536w, https:\/\/www.tgrthaber.com\/mavikadin\/wp-content\/uploads\/bayram-sekeri-2.jpg 1600w\" sizes=\"(max-width: 1208px) 100vw, 1208px\" \/><\/p>\n<hr \/>\n<p><strong>Bayram \u015fekeri al\u0131rken di\u011fer dikkat etmeniz gerekenler;<\/strong><\/p>\n<ul>\n<li>\u015eeker ya da \u00e7ikolata ambalaj\u0131n\u0131n \u00fcr\u00fcn\u00fc tamamen sard\u0131\u011f\u0131ndan emin olun.<\/li>\n<li>\u00c7ikolatalar\u0131n\u0131z\u0131n g\u00f6r\u00fcn\u00fcm\u00fcn\u00fcn parlak olmas\u0131na \u00f6zen g\u00f6sterin. \u00d6zellikle \u00e7ikolatalar\u0131n\u0131z\u0131n \u00fczerinde beyazlama olmamal\u0131. B\u00f6yle bir durumla kar\u015f\u0131la\u015ft\u0131\u011f\u0131n\u0131z taktirde \u00fcr\u00fcn\u00fcn\u00fcz y\u00fcksek s\u0131cakl\u0131kta ya da so\u011fukta kalm\u0131\u015f olabilir.<\/li>\n<li>\u015eekerlemelerde, ambalajlar\u0131n kapal\u0131 olmas\u0131na ve \u00fcr\u00fcnlerin 30 derecenin alt\u0131nda, oda \u015fartlar\u0131nda, g\u00fcne\u015f g\u00f6rmeyen serin ortamda saklan\u0131ld\u0131\u011f\u0131ndan emin olun.<\/li>\n<li>\u015eekerlemelerinizi al\u0131rken; sat\u0131n al\u0131nan \u00fcr\u00fcn\u00fc \u00fcreten g\u0131da i\u015fletmesinin Tar\u0131m ve Orman Bakanl\u0131\u011f\u0131\u2019na kay\u0131tl\u0131 olup olmad\u0131\u011f\u0131 kontrol edin.<\/li>\n<li>Etiket \u00fczerinde renklendiriciyle ilgili sa\u011fl\u0131k uyar\u0131s\u0131 olup olmad\u0131\u011f\u0131 \u00f6zellikle \u00e7ocuklar i\u00e7in kontrol edin.<\/li>\n<\/ul>\n","protected":false},"excerpt":{"rendered":"<p>Ramazan Bayram\u0131\u2019n\u0131n gelmesiyle birlikte bayram al\u0131\u015fveri\u015fi de kendini g\u00f6sterdi. Bayram al\u0131\u015fveri\u015finde \u015fekerlere dikkat! Peki, bayram \u015fekeri al\u0131rken nelere dikkat edilmeli? \u0130\u015fte detaylar\u2026<\/p>\n","protected":false},"author":26,"featured_media":151435,"comment_status":"closed","ping_status":"closed","sticky":false,"template":"","format":"standard","meta":{"rank_math_lock_modified_date":false,"footnotes":""},"categories":[101,78],"tags":[15265,15264,15266,495,9496],"class_list":["post-151434","post","type-post","status-publish","format-standard","has-post-thumbnail","hentry","category-kesfet","category-yasam","tag-bayram-alisverisi","tag-bayram-sekeri","tag-bayram-sekeri-alirken-dikkat-edilmesi-gerekenler","tag-ramazan","tag-ramazan-bayrami"],"_links":{"self":[{"href":"https:\/\/www.tgrthaber.com\/mavikadin\/wp-json\/wp\/v2\/posts\/151434"}],"collection":[{"href":"https:\/\/www.tgrthaber.com\/mavikadin\/wp-json\/wp\/v2\/posts"}],"about":[{"href":"https:\/\/www.tgrthaber.com\/mavikadin\/wp-json\/wp\/v2\/types\/post"}],"author":[{"embeddable":true,"href":"https:\/\/www.tgrthaber.com\/mavikadin\/wp-json\/wp\/v2\/users\/26"}],"replies":[{"embeddable":true,"href":"https:\/\/www.tgrthaber.com\/mavikadin\/wp-json\/wp\/v2\/comments?post=151434"}],"version-history":[{"count":2,"href":"https:\/\/www.tgrthaber.com\/mavikadin\/wp-json\/wp\/v2\/posts\/151434\/revisions"}],"predecessor-version":[{"id":151441,"href":"https:\/\/www.tgrthaber.com\/mavikadin\/wp-json\/wp\/v2\/posts\/151434\/revisions\/151441"}],"wp:featuredmedia":[{"embeddable":true,"href":"https:\/\/www.tgrthaber.com\/mavikadin\/wp-json\/wp\/v2\/media\/151435"}],"wp:attachment":[{"href":"https:\/\/www.tgrthaber.com\/mavikadin\/wp-json\/wp\/v2\/media?parent=151434"}],"wp:term":[{"taxonomy":"category","embeddable":true,"href":"https:\/\/www.tgrthaber.com\/mavikadin\/wp-json\/wp\/v2\/categories?post=151434"},{"taxonomy":"post_tag","embeddable":true,"href":"https:\/\/www.tgrthaber.com\/mavikadin\/wp-json\/wp\/v2\/tags?post=151434"}],"curies":[{"name":"wp","href":"https:\/\/api.w.org\/{rel}","templated":true}]}}