{"id":151617,"date":"2025-03-24T12:41:16","date_gmt":"2025-03-24T09:41:16","guid":{"rendered":"https:\/\/www.tgrthaber.com\/mavikadin\/?p=151617"},"modified":"2025-03-24T12:43:23","modified_gmt":"2025-03-24T09:43:23","slug":"selim-nasit-ozcan-kimdir-kac-yasinda-selime-nasit-ozcanin-dizi-ve-filmleri-neler","status":"publish","type":"post","link":"https:\/\/www.tgrthaber.com\/mavikadin\/selim-nasit-ozcan-kimdir-kac-yasinda-selime-nasit-ozcanin-dizi-ve-filmleri-neler\/","title":{"rendered":"Selim Na\u015fit \u00d6zcan kimdir, ka\u00e7 ya\u015f\u0131nda? Selim Na\u015fit \u00d6zcan&#8217;\u0131n dizi ve filmleri neler?"},"content":{"rendered":"<p>Tiyatro ve sinema d\u00fcnyas\u0131n\u0131n \u00f6nemli isimlerinden biri olan Selim Na\u015fit \u00d6zcan, sahne \u0131\u015f\u0131klar\u0131 alt\u0131nda ge\u00e7en hayat\u0131yla unutulmaz sanat\u00e7\u0131lar aras\u0131na ad\u0131n\u0131 yazd\u0131rd\u0131. Ye\u015fil\u00e7am\u2019\u0131n alt\u0131n \u00e7a\u011f\u0131nda rol ald\u0131\u011f\u0131 filmler ve televizyon projeleriyle geni\u015f bir hayran kitlesine ula\u015fan usta oyuncu, \u00f6zellikle s\u0131cak, samimi ve ne\u015feli karakterleriyle haf\u0131zalara kaz\u0131nd\u0131. Peki, Selim Na\u015fit \u00d6zcan kimdir, ka\u00e7 ya\u015f\u0131nda? Selim Na\u015fit \u00d6zcan\u2019\u0131n dizi ve filmleri neler? Sorular\u0131n\u0131 sizler i\u00e7in ara\u015ft\u0131rd\u0131k. Merak edilenler ve daha fazlas\u0131 haberimizde\u2026<\/p>\n<h3>SEL\u0130M NA\u015e\u0130T \u00d6ZCAN K\u0130MD\u0130R?<\/h3>\n<p>Selim Na\u015fit \u00d6zcan, 15 A\u011fustos 1928\u2019de \u0130stanbul\u2019da d\u00fcnyaya geldi. Sanat onun i\u00e7in bir tercih de\u011fil, adeta bir mirast\u0131. Babas\u0131 \u00fcnl\u00fc tuluat ustas\u0131 Na\u015fit \u00d6zcan, annesi ise d\u00f6nemin sevilen kantocular\u0131ndan Amelya Han\u0131m\u2019d\u0131. Bu sanat dolu ortamda b\u00fcy\u00fcyen Selim Na\u015fit\u2019in ablas\u0131 da \u00fcnl\u00fc tiyatrocu ve sinema oyuncusu Adile Na\u015fit\u2019ti. Ailede sanata duyulan bu b\u00fcy\u00fck sevgi, onun kariyer yolunu belirleyen en \u00f6nemli etkenlerden biri oldu.<\/p>\n<h3><img loading=\"lazy\" decoding=\"async\" class=\"alignnone wp-image-151637\" src=\"https:\/\/www.tgrthaber.com\/mavikadin\/wp-content\/uploads\/haber-gorselleri-fotoshop-83-1-1024x576.jpg\" alt=\"selim na\u015fit kimdir, ka\u00e7 ya\u015f\u0131nda\" width=\"1208\" height=\"680\" title=\"\" srcset=\"https:\/\/www.tgrthaber.com\/mavikadin\/wp-content\/uploads\/haber-gorselleri-fotoshop-83-1-1024x576.jpg 1024w, https:\/\/www.tgrthaber.com\/mavikadin\/wp-content\/uploads\/haber-gorselleri-fotoshop-83-1-300x169.jpg 300w, https:\/\/www.tgrthaber.com\/mavikadin\/wp-content\/uploads\/haber-gorselleri-fotoshop-83-1-768x432.jpg 768w, https:\/\/www.tgrthaber.com\/mavikadin\/wp-content\/uploads\/haber-gorselleri-fotoshop-83-1-1536x864.jpg 1536w, https:\/\/www.tgrthaber.com\/mavikadin\/wp-content\/uploads\/haber-gorselleri-fotoshop-83-1.jpg 1600w\" sizes=\"(max-width: 1208px) 100vw, 1208px\" \/><\/h3>\n<hr \/>\n<h3>KA\u00c7 YA\u015eINDA?<\/h3>\n<p>K\u00fc\u00e7\u00fck ya\u015flardan itibaren tiyatroya ilgi duyan Selim Na\u015fit, sahneye ilk ad\u0131mlar\u0131n\u0131 \u00e7ocuk ya\u015flarda att\u0131. \u015eimdilerde 72 ya\u015f\u0131nda olan sanat\u00e7\u0131, sahne sanatlar\u0131na duydu\u011fu ilgisini profesyonel boyuta ta\u015f\u0131yarak tiyatro d\u00fcnyas\u0131nda kendine sa\u011flam bir yer edindi. \u0130stanbul \u015eehir Tiyatrolar\u0131\u2019nda uzun y\u0131llar g\u00f6rev alan usta sanat\u00e7\u0131, sahnedeki enerjisiyle izleyiciyi kendine hayran b\u0131rakt\u0131.<\/p>\n<h3><img loading=\"lazy\" decoding=\"async\" class=\"alignnone wp-image-151636\" src=\"https:\/\/www.tgrthaber.com\/mavikadin\/wp-content\/uploads\/haber-gorselleri-fotoshop-84-1-1024x576.jpg\" alt=\"selim na\u015fit kimdir, ka\u00e7 ya\u015f\u0131nda\" width=\"1208\" height=\"680\" title=\"\" srcset=\"https:\/\/www.tgrthaber.com\/mavikadin\/wp-content\/uploads\/haber-gorselleri-fotoshop-84-1-1024x576.jpg 1024w, https:\/\/www.tgrthaber.com\/mavikadin\/wp-content\/uploads\/haber-gorselleri-fotoshop-84-1-300x169.jpg 300w, https:\/\/www.tgrthaber.com\/mavikadin\/wp-content\/uploads\/haber-gorselleri-fotoshop-84-1-768x432.jpg 768w, https:\/\/www.tgrthaber.com\/mavikadin\/wp-content\/uploads\/haber-gorselleri-fotoshop-84-1-1536x864.jpg 1536w, https:\/\/www.tgrthaber.com\/mavikadin\/wp-content\/uploads\/haber-gorselleri-fotoshop-84-1.jpg 1600w\" sizes=\"(max-width: 1208px) 100vw, 1208px\" \/><\/h3>\n<hr \/>\n<h3>SEL\u0130M NA\u015e\u0130T \u00d6ZCAN\u2019IN D\u0130Z\u0130 VE F\u0130LMLER\u0130<\/h3>\n<p>Tiyatro ile ba\u015flad\u0131\u011f\u0131 sanat hayat\u0131n\u0131 sinema ve televizyon projeleriyle de ta\u00e7land\u0131ran Selim Na\u015fit \u00d6zcan, 1970\u2019li ve 1980\u2019li y\u0131llarda Ye\u015fil\u00e7am\u2019\u0131n unutulmaz filmlerinde yer ald\u0131. \u00d6zellikle aile s\u0131cakl\u0131\u011f\u0131n\u0131 yans\u0131tan filmlerdeki rolleriyle izleyicinin g\u00f6nl\u00fcnde taht kurdu.<\/p>\n<p><img loading=\"lazy\" decoding=\"async\" class=\"alignnone wp-image-151634\" src=\"https:\/\/www.tgrthaber.com\/mavikadin\/wp-content\/uploads\/haber-gorselleri-fotoshop-87-1-1024x576.jpg\" alt=\"selim na\u015fit kimdir, ka\u00e7 ya\u015f\u0131nda\" width=\"1208\" height=\"680\" title=\"\" srcset=\"https:\/\/www.tgrthaber.com\/mavikadin\/wp-content\/uploads\/haber-gorselleri-fotoshop-87-1-1024x576.jpg 1024w, https:\/\/www.tgrthaber.com\/mavikadin\/wp-content\/uploads\/haber-gorselleri-fotoshop-87-1-300x169.jpg 300w, https:\/\/www.tgrthaber.com\/mavikadin\/wp-content\/uploads\/haber-gorselleri-fotoshop-87-1-768x432.jpg 768w, https:\/\/www.tgrthaber.com\/mavikadin\/wp-content\/uploads\/haber-gorselleri-fotoshop-87-1-1536x864.jpg 1536w, https:\/\/www.tgrthaber.com\/mavikadin\/wp-content\/uploads\/haber-gorselleri-fotoshop-87-1.jpg 1600w\" sizes=\"(max-width: 1208px) 100vw, 1208px\" \/><\/p>\n<hr \/>\n<p>Hababam S\u0131n\u0131f\u0131, Bizim Aile, Ne\u015feli G\u00fcnler, Sultan, \u00c7\u00f6p\u00e7\u00fcler Kral\u0131, \u015eark B\u00fclb\u00fcl\u00fc gibi T\u00fcrk sinemas\u0131n\u0131n efsane yap\u0131mlar\u0131nda yer alarak b\u00fcy\u00fck bir hayran kitlesi edindi. Onun s\u0131cak ve do\u011fal oyunculu\u011fu, bu filmlere samimi bir hava kat\u0131yordu. 1990\u2019l\u0131 y\u0131llarda televizyon dizilerine y\u00f6nelen Selim Na\u015fit \u00d6zcan, S\u0131d\u0131ka ve Aynal\u0131 Tahir gibi d\u00f6nemin pop\u00fcler yap\u0131mlar\u0131nda da rol ald\u0131. Ekran ba\u015f\u0131ndaki izleyiciler i\u00e7in bir nevi Ye\u015fil\u00e7am nostaljisi ya\u015fatan sanat\u00e7\u0131, televizyon projelerinde de ba\u015far\u0131s\u0131n\u0131 s\u00fcrd\u00fcrd\u00fc.<\/p>\n<p><img loading=\"lazy\" decoding=\"async\" class=\"wp-image-151635\" src=\"https:\/\/www.tgrthaber.com\/mavikadin\/wp-content\/uploads\/haber-gorselleri-fotoshop-85-1-1024x576.jpg\" alt=\"selim na\u015fit kimdir, ka\u00e7 ya\u015f\u0131nda\" width=\"1208\" height=\"680\" title=\"\" srcset=\"https:\/\/www.tgrthaber.com\/mavikadin\/wp-content\/uploads\/haber-gorselleri-fotoshop-85-1-1024x576.jpg 1024w, https:\/\/www.tgrthaber.com\/mavikadin\/wp-content\/uploads\/haber-gorselleri-fotoshop-85-1-300x169.jpg 300w, https:\/\/www.tgrthaber.com\/mavikadin\/wp-content\/uploads\/haber-gorselleri-fotoshop-85-1-768x432.jpg 768w, https:\/\/www.tgrthaber.com\/mavikadin\/wp-content\/uploads\/haber-gorselleri-fotoshop-85-1-1536x864.jpg 1536w, https:\/\/www.tgrthaber.com\/mavikadin\/wp-content\/uploads\/haber-gorselleri-fotoshop-85-1.jpg 1600w\" sizes=\"(max-width: 1208px) 100vw, 1208px\" \/><\/p>\n<hr \/>\n<p>Usta sanat\u00e7\u0131, 18 A\u011fustos 2000\u2019de \u0130stanbul\u2019da hayata g\u00f6zlerini yumdu. Ard\u0131nda unutulmaz karakterler ve sevgiyle an\u0131lan bir sanat miras\u0131 b\u0131rakt\u0131. Bug\u00fcn bile onun filmleri izlenmeye devam ediyor ve sanat d\u00fcnyas\u0131ndaki yeri asla unutulmuyor. T\u00fcrk tiyatro ve sinema d\u00fcnyas\u0131nda kendine sa\u011flam bir yer edinmi\u015f olan Selim Na\u015fit \u00d6zcan, s\u0131cak g\u00fcl\u00fcmsemesi, sempatik tav\u0131rlar\u0131 ve usta oyunculu\u011fuyla haf\u0131zalarda ya\u015famaya devam edecek.<\/p>\n","protected":false},"excerpt":{"rendered":"<p>Tiyatro ve sinema d\u00fcnyas\u0131n\u0131n \u00f6nemli isimlerinden biri olan Selim Na\u015fit \u00d6zcan, sahne \u0131\u015f\u0131klar\u0131 alt\u0131nda ge\u00e7en hayat\u0131yla unutulmaz sanat\u00e7\u0131lar aras\u0131na ad\u0131n\u0131 yazd\u0131rd\u0131. Ye\u015fil\u00e7am\u2019\u0131n alt\u0131n \u00e7a\u011f\u0131nda rol ald\u0131\u011f\u0131 filmler ve televizyon projeleriyle geni\u015f bir hayran kitlesine ula\u015fan usta oyuncu, \u00f6zellikle s\u0131cak, samimi ve ne\u015feli karakterleriyle haf\u0131zalara kaz\u0131nd\u0131. Peki, Selim Na\u015fit \u00d6zcan kimdir, ka\u00e7 ya\u015f\u0131nda? Selim Na\u015fit \u00d6zcan\u2019\u0131n dizi ve filmleri neler? Sorular\u0131n\u0131 sizler i\u00e7in ara\u015ft\u0131rd\u0131k. Merak edilenler ve daha fazlas\u0131 haberimizde\u2026<\/p>\n","protected":false},"author":34,"featured_media":151635,"comment_status":"closed","ping_status":"closed","sticky":false,"template":"","format":"standard","meta":{"rank_math_lock_modified_date":false,"footnotes":""},"categories":[491],"tags":[8274,15315,15314,15313],"class_list":["post-151617","post","type-post","status-publish","format-standard","has-post-thumbnail","hentry","category-biyografi","tag-adile-nasit","tag-hababam-sinifi","tag-selim-nasit-kimdir","tag-selim-nasit-ozcan"],"_links":{"self":[{"href":"https:\/\/www.tgrthaber.com\/mavikadin\/wp-json\/wp\/v2\/posts\/151617"}],"collection":[{"href":"https:\/\/www.tgrthaber.com\/mavikadin\/wp-json\/wp\/v2\/posts"}],"about":[{"href":"https:\/\/www.tgrthaber.com\/mavikadin\/wp-json\/wp\/v2\/types\/post"}],"author":[{"embeddable":true,"href":"https:\/\/www.tgrthaber.com\/mavikadin\/wp-json\/wp\/v2\/users\/34"}],"replies":[{"embeddable":true,"href":"https:\/\/www.tgrthaber.com\/mavikadin\/wp-json\/wp\/v2\/comments?post=151617"}],"version-history":[{"count":3,"href":"https:\/\/www.tgrthaber.com\/mavikadin\/wp-json\/wp\/v2\/posts\/151617\/revisions"}],"predecessor-version":[{"id":151639,"href":"https:\/\/www.tgrthaber.com\/mavikadin\/wp-json\/wp\/v2\/posts\/151617\/revisions\/151639"}],"wp:featuredmedia":[{"embeddable":true,"href":"https:\/\/www.tgrthaber.com\/mavikadin\/wp-json\/wp\/v2\/media\/151635"}],"wp:attachment":[{"href":"https:\/\/www.tgrthaber.com\/mavikadin\/wp-json\/wp\/v2\/media?parent=151617"}],"wp:term":[{"taxonomy":"category","embeddable":true,"href":"https:\/\/www.tgrthaber.com\/mavikadin\/wp-json\/wp\/v2\/categories?post=151617"},{"taxonomy":"post_tag","embeddable":true,"href":"https:\/\/www.tgrthaber.com\/mavikadin\/wp-json\/wp\/v2\/tags?post=151617"}],"curies":[{"name":"wp","href":"https:\/\/api.w.org\/{rel}","templated":true}]}}