{"id":151710,"date":"2025-03-24T16:20:09","date_gmt":"2025-03-24T13:20:09","guid":{"rendered":"https:\/\/www.tgrthaber.com\/mavikadin\/?p=151710"},"modified":"2025-03-24T16:20:09","modified_gmt":"2025-03-24T13:20:09","slug":"piyasa-dizisi-final-mi-yapiyor-piyasa-dizisinin-son-bolumunde-neler-oldu","status":"publish","type":"post","link":"https:\/\/www.tgrthaber.com\/mavikadin\/piyasa-dizisi-final-mi-yapiyor-piyasa-dizisinin-son-bolumunde-neler-oldu\/","title":{"rendered":"Piyasa dizisi final mi yap\u0131yor? Piyasa dizisinin son b\u00f6l\u00fcm\u00fcnde neler oldu?"},"content":{"rendered":"<p>Kanal D ekranlar\u0131nda yay\u0131nlanan ve k\u0131sa s\u00fcrede dikkatleri \u00fczerine \u00e7eken Piyasa dizisi, final karar\u0131 ile g\u00fcndeme geldi. Ba\u015frollerini Alp Navruz ve \u0130layda Ali\u015fan\u2019\u0131n payla\u015ft\u0131\u011f\u0131 dizinin ani final karar\u0131, izleyicileri hayal k\u0131r\u0131kl\u0131\u011f\u0131na u\u011fratsa da son b\u00f6l\u00fcmlerde ya\u015fanan olaylar tansiyonu iyice y\u00fckseltti. Peki, Piyasa dizisi final mi yap\u0131yor? Piyasa dizisinin son b\u00f6l\u00fcmde neler oldu? sorular\u0131n\u0131 sizler i\u00e7in ara\u015ft\u0131rd\u0131k. Merak edilenler ve daha fazlas\u0131 haberimizde\u2026<\/p>\n<h3>P\u0130YASA D\u0130Z\u0130S\u0130 F\u0130NAL M\u0130 YAPIYOR<\/h3>\n<p>Kanal D\u2019de ilgi ile takip edilen yeni dizisi Piyasa, 6. b\u00f6l\u00fcm\u00fcyle ekranlara veda etmeye haz\u0131rlan\u0131yor. Gazeteci Birsen Altunta\u015f\u2019\u0131n haberine g\u00f6re, ekranlarda ya\u015fanan yaprak d\u00f6k\u00fcm\u00fc Piyasa dizisini de etkiledi. Pe\u015f Pe\u015fe gelen diziler i\u00e7in final haberleri seyircilerde \u00fcz\u00fcnt\u00fcler ya\u015fat\u0131yor. Dizi neden final karar\u0131 ald\u0131 tam olarak bilinmiyor. Reytinglerde istenilen ba\u015far\u0131y\u0131 elde edemedi\u011fi d\u00fc\u015f\u00fcn\u00fcl\u00fcyor. Dizinin ani final karar\u0131, izleyicileri hayal k\u0131r\u0131kl\u0131\u011f\u0131na u\u011fratsa da son b\u00f6l\u00fcmlerde ya\u015fanan olaylar tansiyonu iyice y\u00fckseltti. \u00d6zellikle 5. b\u00f6l\u00fcmde ya\u015fanan geli\u015fmeler, dizinin final \u00f6ncesinde b\u00fcy\u00fck bir k\u0131r\u0131lma noktas\u0131na geldi\u011fini g\u00f6sterdi.<\/p>\n<h3><img loading=\"lazy\" decoding=\"async\" class=\"alignnone wp-image-151729\" src=\"https:\/\/www.tgrthaber.com\/mavikadin\/wp-content\/uploads\/haber-gorselleri-fotoshop-2025-03-24T161732.047-1024x576.jpg\" alt=\"Piyasa dizisi final mi yap\u0131yor? Piyasa dizisinin son b\u00f6l\u00fcm\u00fcnde neler oldu?\" width=\"1208\" height=\"680\" title=\"\" srcset=\"https:\/\/www.tgrthaber.com\/mavikadin\/wp-content\/uploads\/haber-gorselleri-fotoshop-2025-03-24T161732.047-1024x576.jpg 1024w, https:\/\/www.tgrthaber.com\/mavikadin\/wp-content\/uploads\/haber-gorselleri-fotoshop-2025-03-24T161732.047-300x169.jpg 300w, https:\/\/www.tgrthaber.com\/mavikadin\/wp-content\/uploads\/haber-gorselleri-fotoshop-2025-03-24T161732.047-768x432.jpg 768w, https:\/\/www.tgrthaber.com\/mavikadin\/wp-content\/uploads\/haber-gorselleri-fotoshop-2025-03-24T161732.047-1536x864.jpg 1536w, https:\/\/www.tgrthaber.com\/mavikadin\/wp-content\/uploads\/haber-gorselleri-fotoshop-2025-03-24T161732.047.jpg 1600w\" sizes=\"(max-width: 1208px) 100vw, 1208px\" \/><\/h3>\n<hr \/>\n<h3>P\u0130YASA D\u0130Z\u0130S\u0130N\u0130N SON B\u00d6L\u00dcMDE NELER OLDU<\/h3>\n<p>Dizinin 5. b\u00f6l\u00fcm\u00fcnde en dikkat \u00e7eken olaylardan biri, Adar\u2019\u0131n hislerini bast\u0131ramayarak Kenan ve M\u00fcnevver aras\u0131ndaki yak\u0131nla\u015fmaya tepki g\u00f6stermesi oldu. Set ortam\u0131nda ba\u015flayan bir karga\u015fa, olaylar\u0131n karakola ta\u015f\u0131nmas\u0131na sebep oldu. Bu s\u0131rada Kenan, M\u00fcnevver\u2019i korumak ad\u0131na \u015fikayetini geri \u00e7ekmeyi d\u00fc\u015f\u00fcnmezken, Adar\u2019\u0131n ona olan \u00f6fkesi daha da derinle\u015fti.<\/p>\n<p><img loading=\"lazy\" decoding=\"async\" class=\"alignnone wp-image-151726\" src=\"https:\/\/www.tgrthaber.com\/mavikadin\/wp-content\/uploads\/haber-gorselleri-fotoshop-2025-03-24T161753.751-1024x576.jpg\" alt=\"Piyasa dizisi final mi yap\u0131yor? Piyasa dizisinin son b\u00f6l\u00fcm\u00fcnde neler oldu?\" width=\"1208\" height=\"680\" title=\"\" srcset=\"https:\/\/www.tgrthaber.com\/mavikadin\/wp-content\/uploads\/haber-gorselleri-fotoshop-2025-03-24T161753.751-1024x576.jpg 1024w, https:\/\/www.tgrthaber.com\/mavikadin\/wp-content\/uploads\/haber-gorselleri-fotoshop-2025-03-24T161753.751-300x169.jpg 300w, https:\/\/www.tgrthaber.com\/mavikadin\/wp-content\/uploads\/haber-gorselleri-fotoshop-2025-03-24T161753.751-768x432.jpg 768w, https:\/\/www.tgrthaber.com\/mavikadin\/wp-content\/uploads\/haber-gorselleri-fotoshop-2025-03-24T161753.751-1536x864.jpg 1536w, https:\/\/www.tgrthaber.com\/mavikadin\/wp-content\/uploads\/haber-gorselleri-fotoshop-2025-03-24T161753.751.jpg 1600w\" sizes=\"(max-width: 1208px) 100vw, 1208px\" \/><\/p>\n<hr \/>\n<p>M\u00fcnevver\u2019in Kenan\u2019a olan g\u00fcveni ve ona yak\u0131n duru\u015fu, Adar\u2019\u0131n i\u00e7inde b\u00fcy\u00fck bir f\u0131rt\u0131na kopmas\u0131na neden oldu. M\u00fcnevver\u2019in bu s\u00fcre\u00e7te ya\u015fad\u0131\u011f\u0131 duygusal \u00e7alkant\u0131lar ise final \u00f6ncesinde izleyicilere b\u00fcy\u00fck ipu\u00e7lar\u0131 verdi. \u00c7\u00fcnk\u00fc M\u00fcnevver\u2019in Kenan\u2019\u0131 hayat\u0131nda ne kadar ileriye ta\u015f\u0131yaca\u011f\u0131 ve Adar\u2019a nas\u0131l bir cevap verece\u011fi hala belirsizli\u011fini koruyor.<\/p>\n<p><img loading=\"lazy\" decoding=\"async\" class=\"alignnone wp-image-151725\" src=\"https:\/\/www.tgrthaber.com\/mavikadin\/wp-content\/uploads\/haber-gorselleri-fotoshop-2025-03-24T161800.361-1024x576.jpg\" alt=\"Piyasa dizisi final mi yap\u0131yor? Piyasa dizisinin son b\u00f6l\u00fcm\u00fcnde neler oldu?\" width=\"1208\" height=\"680\" title=\"\" srcset=\"https:\/\/www.tgrthaber.com\/mavikadin\/wp-content\/uploads\/haber-gorselleri-fotoshop-2025-03-24T161800.361-1024x576.jpg 1024w, https:\/\/www.tgrthaber.com\/mavikadin\/wp-content\/uploads\/haber-gorselleri-fotoshop-2025-03-24T161800.361-300x169.jpg 300w, https:\/\/www.tgrthaber.com\/mavikadin\/wp-content\/uploads\/haber-gorselleri-fotoshop-2025-03-24T161800.361-768x432.jpg 768w, https:\/\/www.tgrthaber.com\/mavikadin\/wp-content\/uploads\/haber-gorselleri-fotoshop-2025-03-24T161800.361-1536x864.jpg 1536w, https:\/\/www.tgrthaber.com\/mavikadin\/wp-content\/uploads\/haber-gorselleri-fotoshop-2025-03-24T161800.361.jpg 1600w\" sizes=\"(max-width: 1208px) 100vw, 1208px\" \/><\/p>\n<hr \/>\n<p>Bu s\u00fcre\u00e7te Kenan, M\u00fcnevver\u2019i yaln\u0131z b\u0131rakmad\u0131 ve ona beklenmedik bir teklif sundu. Kenan\u2019\u0131n bu teklifi, dizinin finaline do\u011fru giden yolda b\u00fcy\u00fck bir k\u0131r\u0131lma noktas\u0131 olabilir. M\u00fcnevver\u2019in \u00e7aresiz an\u0131nda ald\u0131\u011f\u0131 bu teklif, onun gelece\u011fini \u015fekillendirecek en kritik kararlardan biri olacak.<\/p>\n<p><img loading=\"lazy\" decoding=\"async\" class=\"alignnone wp-image-151728\" src=\"https:\/\/www.tgrthaber.com\/mavikadin\/wp-content\/uploads\/haber-gorselleri-fotoshop-2025-03-24T161739.411-1024x576.jpg\" alt=\"Piyasa dizisi final mi yap\u0131yor? Piyasa dizisinin son b\u00f6l\u00fcm\u00fcnde neler oldu?\" width=\"1208\" height=\"680\" title=\"\" srcset=\"https:\/\/www.tgrthaber.com\/mavikadin\/wp-content\/uploads\/haber-gorselleri-fotoshop-2025-03-24T161739.411-1024x576.jpg 1024w, https:\/\/www.tgrthaber.com\/mavikadin\/wp-content\/uploads\/haber-gorselleri-fotoshop-2025-03-24T161739.411-300x169.jpg 300w, https:\/\/www.tgrthaber.com\/mavikadin\/wp-content\/uploads\/haber-gorselleri-fotoshop-2025-03-24T161739.411-768x432.jpg 768w, https:\/\/www.tgrthaber.com\/mavikadin\/wp-content\/uploads\/haber-gorselleri-fotoshop-2025-03-24T161739.411-1536x864.jpg 1536w, https:\/\/www.tgrthaber.com\/mavikadin\/wp-content\/uploads\/haber-gorselleri-fotoshop-2025-03-24T161739.411.jpg 1600w\" sizes=\"(max-width: 1208px) 100vw, 1208px\" \/><\/p>\n<hr \/>\n<p>Dizinin son b\u00f6l\u00fcmlerinde giderek b\u00fcy\u00fcyen bir ba\u015fka gerilim ise Ahsen ve Keriman aras\u0131ndaki \u00e7at\u0131\u015fma oldu. \u0130kili aras\u0131ndaki rekabet ve gerginlik, 5. b\u00f6l\u00fcmde doruk noktas\u0131na ula\u015ft\u0131. Ahsen\u2019in sert \u00e7\u0131k\u0131\u015flar\u0131 ve Keriman\u2019\u0131n buna verdi\u011fi cevaplar, dizinin final \u00f6ncesinde izleyicileri bir hayli merakland\u0131rd\u0131.<\/p>\n","protected":false},"excerpt":{"rendered":"<p>Kanal D ekranlar\u0131nda yay\u0131nlanan ve k\u0131sa s\u00fcrede dikkatleri \u00fczerine \u00e7eken Piyasa dizisi, final karar\u0131 ile g\u00fcndeme geldi. Ba\u015frollerini Alp Nevruz ve \u0130layda Ali\u015fan\u2019\u0131n payla\u015ft\u0131\u011f\u0131 dizinin ani final karar\u0131, izleyicileri hayal k\u0131r\u0131kl\u0131\u011f\u0131na u\u011fratsa da son b\u00f6l\u00fcmlerde ya\u015fanan olaylar tansiyonu iyice y\u00fckseltti. Peki, Piyasa dizisi final mi yap\u0131yor? Piyasa dizisinin son b\u00f6l\u00fcmde neler oldu? sorular\u0131n\u0131 sizler i\u00e7in ara\u015ft\u0131rd\u0131k. Merak edilenler ve daha fazlas\u0131 haberimizde\u2026<\/p>\n","protected":false},"author":34,"featured_media":151727,"comment_status":"closed","ping_status":"closed","sticky":false,"template":"","format":"standard","meta":{"rank_math_lock_modified_date":false,"footnotes":""},"categories":[602],"tags":[15333,12009,6182,6183,15334],"class_list":["post-151710","post","type-post","status-publish","format-standard","has-post-thumbnail","hentry","category-diziler","tag-alp-navruz-piyasa-dizisi","tag-ilayda-alisan-piyasa-dizisi","tag-piyasa","tag-piyasa-dizisi","tag-piyasa-dizisi-final-mi-yapiyor"],"_links":{"self":[{"href":"https:\/\/www.tgrthaber.com\/mavikadin\/wp-json\/wp\/v2\/posts\/151710"}],"collection":[{"href":"https:\/\/www.tgrthaber.com\/mavikadin\/wp-json\/wp\/v2\/posts"}],"about":[{"href":"https:\/\/www.tgrthaber.com\/mavikadin\/wp-json\/wp\/v2\/types\/post"}],"author":[{"embeddable":true,"href":"https:\/\/www.tgrthaber.com\/mavikadin\/wp-json\/wp\/v2\/users\/34"}],"replies":[{"embeddable":true,"href":"https:\/\/www.tgrthaber.com\/mavikadin\/wp-json\/wp\/v2\/comments?post=151710"}],"version-history":[{"count":2,"href":"https:\/\/www.tgrthaber.com\/mavikadin\/wp-json\/wp\/v2\/posts\/151710\/revisions"}],"predecessor-version":[{"id":151730,"href":"https:\/\/www.tgrthaber.com\/mavikadin\/wp-json\/wp\/v2\/posts\/151710\/revisions\/151730"}],"wp:featuredmedia":[{"embeddable":true,"href":"https:\/\/www.tgrthaber.com\/mavikadin\/wp-json\/wp\/v2\/media\/151727"}],"wp:attachment":[{"href":"https:\/\/www.tgrthaber.com\/mavikadin\/wp-json\/wp\/v2\/media?parent=151710"}],"wp:term":[{"taxonomy":"category","embeddable":true,"href":"https:\/\/www.tgrthaber.com\/mavikadin\/wp-json\/wp\/v2\/categories?post=151710"},{"taxonomy":"post_tag","embeddable":true,"href":"https:\/\/www.tgrthaber.com\/mavikadin\/wp-json\/wp\/v2\/tags?post=151710"}],"curies":[{"name":"wp","href":"https:\/\/api.w.org\/{rel}","templated":true}]}}