{"id":151744,"date":"2025-03-24T16:48:04","date_gmt":"2025-03-24T13:48:04","guid":{"rendered":"https:\/\/www.tgrthaber.com\/mavikadin\/?p=151744"},"modified":"2025-03-24T16:48:04","modified_gmt":"2025-03-24T13:48:04","slug":"kara-kis-dizisinin-erzurum-cekimleri-136-yillik-tarihi-lisede-devam-ediyor","status":"publish","type":"post","link":"https:\/\/www.tgrthaber.com\/mavikadin\/kara-kis-dizisinin-erzurum-cekimleri-136-yillik-tarihi-lisede-devam-ediyor\/","title":{"rendered":"Kara K\u0131\u015f dizisinin Erzurum \u00e7ekimleri 136 y\u0131ll\u0131k tarihi lisede devam ediyor!"},"content":{"rendered":"<p>B\u00fcy\u00fck bir merakla beklenen Kara K\u0131\u015f dizisinin Erzurum\u2019daki \u00e7ekimleri, 136 y\u0131ll\u0131k tarihi lisede devam ediyor. TRT\u2019nin dijital platformu Tabii\u2019nin iddial\u0131 dizileri aras\u0131nda yer alan Kara K\u0131\u015f dizisi, hummal\u0131 \u00e7al\u0131\u015fmalar\u0131n\u0131 ara vermeden s\u00fcrd\u00fcr\u00fcyor. Ge\u00e7ti\u011fimiz g\u00fcnlerde Erzurum\u2019da \u00e7ekimlerine ba\u015flanan dizinin \u00e7ekimleri b\u00fcy\u00fck bir \u00f6zveriyle s\u00fcr\u00fcyor.<\/p>\n<h3>KARA KI\u015e D\u0130Z\u0130S\u0130N\u0130N ERZURUM \u00c7EK\u0130MLER\u0130 136 YILLIK TAR\u0130H\u0130 L\u0130SEDE DEVAM ED\u0130YOR!<\/h3>\n<p>Kara K\u0131\u015f dizisinin Erzurum\u2019daki \u00e7ekimleri, 136 y\u0131ll\u0131k tarihi lisede devam ediyor. Son zamanlarda iddial\u0131 i\u00e7erikleriyle ad\u0131ndan s\u00f6z ettiren TRT ekranlar\u0131n\u0131n dijital platformu Tabii, ba\u015far\u0131l\u0131 projelerle seyirci kar\u015f\u0131s\u0131na \u00e7\u0131kmaya devam ediyor.<\/p>\n<p>Tabii, yeni projelerine bir yenisini daha ekledi. Kara K\u0131\u015f dizisi hem konusu hem de g\u00fc\u00e7l\u00fc oyuncu kadrosuyla Tabii ekranlar\u0131nda izleyici kar\u015f\u0131s\u0131na \u00e7\u0131kmaya haz\u0131rlan\u0131yor.<\/p>\n<p><img loading=\"lazy\" decoding=\"async\" class=\"alignnone wp-image-151745\" src=\"https:\/\/www.tgrthaber.com\/mavikadin\/wp-content\/uploads\/Kara-Kis-dizi-1-1-1024x576.jpg\" alt=\"Kara K\u0131\u015f dizisinin Erzurum \u00e7ekimleri 136 y\u0131ll\u0131k tarihi lisede devam ediyor! \" width=\"1208\" height=\"680\" title=\"\" srcset=\"https:\/\/www.tgrthaber.com\/mavikadin\/wp-content\/uploads\/Kara-Kis-dizi-1-1-1024x576.jpg 1024w, https:\/\/www.tgrthaber.com\/mavikadin\/wp-content\/uploads\/Kara-Kis-dizi-1-1-300x169.jpg 300w, https:\/\/www.tgrthaber.com\/mavikadin\/wp-content\/uploads\/Kara-Kis-dizi-1-1-768x432.jpg 768w, https:\/\/www.tgrthaber.com\/mavikadin\/wp-content\/uploads\/Kara-Kis-dizi-1-1-1536x864.jpg 1536w, https:\/\/www.tgrthaber.com\/mavikadin\/wp-content\/uploads\/Kara-Kis-dizi-1-1.jpg 1600w\" sizes=\"(max-width: 1208px) 100vw, 1208px\" \/><\/p>\n<hr \/>\n<p>Kara K\u0131\u015f dizisi, 7 Aral\u0131k 1939 y\u0131l\u0131nda 40 bin vatanda\u015f\u0131m\u0131z\u0131n hayat\u0131n\u0131 kaybetti\u011fi Erzincan depreminde ya\u015fanan \u00e7ok etkileyici bir hik\u00e2yeyi konu al\u0131yor. Dizi, ald\u0131\u011f\u0131 kararla Cumhuriyet tarihimize ge\u00e7en Savc\u0131 Yusuf \u0130zzet Ak\u00e7al\u2019\u0131n cezaevindeki mahkumlarla enkazda kalan insanlar\u0131 kurtarma \u00e7abas\u0131n\u0131 ele al\u0131yor.<\/p>\n<p>\u0130stanbul&#8217;un ard\u0131ndan \u00e7ekimlerine Erzurum&#8217;da devam edilen diziye, 136 y\u0131ll\u0131k tarihi Erzurum Lisesi ev sahipli\u011fi yap\u0131yor. Ba\u015frollerinde Murat Y\u0131ld\u0131r\u0131m ve Hande Do\u011fandemir&#8217;in yer ald\u0131\u011f\u0131 \u201cKara K\u0131\u015f\u201d dizisi b\u00fcy\u00fck bir heyecanla bekleniyor.<\/p>\n<p><img loading=\"lazy\" decoding=\"async\" class=\"alignnone wp-image-151748\" src=\"https:\/\/www.tgrthaber.com\/mavikadin\/wp-content\/uploads\/Kara-Kis-dizi-3-1-1024x576.jpg\" alt=\"Kara K\u0131\u015f dizisinin Erzurum \u00e7ekimleri 136 y\u0131ll\u0131k tarihi lisede devam ediyor! \" width=\"1208\" height=\"680\" title=\"\" srcset=\"https:\/\/www.tgrthaber.com\/mavikadin\/wp-content\/uploads\/Kara-Kis-dizi-3-1-1024x576.jpg 1024w, https:\/\/www.tgrthaber.com\/mavikadin\/wp-content\/uploads\/Kara-Kis-dizi-3-1-300x169.jpg 300w, https:\/\/www.tgrthaber.com\/mavikadin\/wp-content\/uploads\/Kara-Kis-dizi-3-1-768x432.jpg 768w, https:\/\/www.tgrthaber.com\/mavikadin\/wp-content\/uploads\/Kara-Kis-dizi-3-1-1536x864.jpg 1536w, https:\/\/www.tgrthaber.com\/mavikadin\/wp-content\/uploads\/Kara-Kis-dizi-3-1.jpg 1600w\" sizes=\"(max-width: 1208px) 100vw, 1208px\" \/><\/p>\n<hr \/>\n<h3>\u201cCO\u011eRAFYAMIZIN GER\u00c7EKTEN \u00c7OK KIYMETL\u0130 H\u0130KAYELER\u0130 VAR\u201d<\/h3>\n<p>Anadolu Ajans\u0131\u2019n\u0131n haberine g\u00f6re; dizide savc\u0131 Yusuf \u0130zzet Ak\u00e7al\u2019\u0131n e\u015fini oynayan ba\u015frol oyuncu Hande Do\u011fandemir, gazetecilere, o d\u00f6nemi anlatan \u00f6zel bir hikayede rol ald\u0131\u011f\u0131 i\u00e7in mutlu oldu\u011funu s\u00f6yledi.<\/p>\n<p><img loading=\"lazy\" decoding=\"async\" class=\"alignnone wp-image-151747\" src=\"https:\/\/www.tgrthaber.com\/mavikadin\/wp-content\/uploads\/Kara-Kis-dizi-2-1-1024x576.jpg\" alt=\"Kara K\u0131\u015f dizisinin Erzurum \u00e7ekimleri 136 y\u0131ll\u0131k tarihi lisede devam ediyor! \" width=\"1208\" height=\"680\" title=\"\" srcset=\"https:\/\/www.tgrthaber.com\/mavikadin\/wp-content\/uploads\/Kara-Kis-dizi-2-1-1024x576.jpg 1024w, https:\/\/www.tgrthaber.com\/mavikadin\/wp-content\/uploads\/Kara-Kis-dizi-2-1-300x169.jpg 300w, https:\/\/www.tgrthaber.com\/mavikadin\/wp-content\/uploads\/Kara-Kis-dizi-2-1-768x432.jpg 768w, https:\/\/www.tgrthaber.com\/mavikadin\/wp-content\/uploads\/Kara-Kis-dizi-2-1-1536x864.jpg 1536w, https:\/\/www.tgrthaber.com\/mavikadin\/wp-content\/uploads\/Kara-Kis-dizi-2-1.jpg 1600w\" sizes=\"(max-width: 1208px) 100vw, 1208px\" \/><\/p>\n<hr \/>\n<p>Daha \u00f6nce bu d\u00f6nemi anlatan bir proje i\u00e7inde yer almad\u0131\u011f\u0131n\u0131 belirten Do\u011fandemir, \u015fu ifadelere yer verdi: \u201c\u00c7ok k\u0131ymetli bir hikaye. Bu hikayeyi duymam\u0131\u015ft\u0131m. \u00c7ok \u00f6zel bir hikayenin i\u00e7inde olmak benim i\u00e7in \u00e7ok heyecan verici. Dijital platformlar, \u00e7ok farkl\u0131 hikayeleri anlatmak i\u00e7in hepimizin \u00f6n\u00fcn\u00fc a\u00e7t\u0131. Bu kadar \u00f6zel hikayeleri televizyonda anlatmak bir\u00e7ok a\u00e7\u0131dan kolay de\u011fil. Tabii gibi platformlarda bu t\u00fcr hikayelere \u015fans tan\u0131n\u0131nca, seyirciyle de b\u00f6ylelikle daha \u00e7ok ve farkl\u0131 hikaye bulu\u015fmu\u015f olacak. Co\u011frafyam\u0131z\u0131n ger\u00e7ekten \u00e7ok k\u0131ymetli hikayeleri var, onlardan birine yer a\u00e7t\u0131klar\u0131 i\u00e7in \u00e7ok mutlu oldum. Umar\u0131m hakk\u0131n\u0131 veririz ve seyirciyle en k\u0131sa s\u00fcrede bulu\u015fur, heyecanla bekliyorum.\u201d<\/p>\n<h3>\u201cPAR\u00c7ASI OLDU\u011eUM \u0130\u00c7\u0130N \u00c7OK MUTLUYUM&#8221;<\/h3>\n<p>Dizide doktor Nadire rol\u00fcn\u00fc oynayan Gizem Katmer de anlaml\u0131 bir hikayede yer ald\u0131\u011f\u0131n\u0131 ifade ederek, &#8220;Bu insanlar ger\u00e7ekten milletin ak\u0131beti ve iyili\u011fi i\u00e7in kendi hayatlar\u0131n\u0131 belki de ya\u015famlar\u0131n\u0131 feda etmi\u015f insanlar. O y\u00fczden onlar\u0131n yapt\u0131\u011f\u0131 bu fedakarl\u0131klar\u0131 g\u00f6stermek ve unutulmamas\u0131n\u0131 sa\u011flamak b\u00fcy\u00fck sorumluluk. Bunun bir par\u00e7as\u0131 oldu\u011fum i\u00e7in de \u00e7ok mutluyum.&#8221; \u015feklinde konu\u015ftu.<\/p>\n","protected":false},"excerpt":{"rendered":"<p>TRT\u2019nin dijital platformu Tabii\u2019nin iddial\u0131 dizileri aras\u0131nda yer alan Kara K\u0131\u015f\u2019\u0131n Erzurum\u2019daki \u00e7ekimleri, 136 y\u0131ll\u0131k tarihi lisede devam ediyor. \u0130zleyicinin merakla bekledi\u011fi dizi, hummal\u0131 \u00e7al\u0131\u015fmalar\u0131n\u0131 ara vermeden s\u00fcrd\u00fcr\u00fcyor. \u0130\u015fte detaylar\u2026 <\/p>\n","protected":false},"author":26,"featured_media":151746,"comment_status":"closed","ping_status":"closed","sticky":false,"template":"","format":"standard","meta":{"rank_math_lock_modified_date":false,"footnotes":""},"categories":[602],"tags":[9682,12860,9681,15336],"class_list":["post-151744","post","type-post","status-publish","format-standard","has-post-thumbnail","hentry","category-diziler","tag-kara-kis","tag-kara-kis-dizi","tag-kara-kis-dizisi","tag-kara-kis-erzurum-cekimleri"],"_links":{"self":[{"href":"https:\/\/www.tgrthaber.com\/mavikadin\/wp-json\/wp\/v2\/posts\/151744"}],"collection":[{"href":"https:\/\/www.tgrthaber.com\/mavikadin\/wp-json\/wp\/v2\/posts"}],"about":[{"href":"https:\/\/www.tgrthaber.com\/mavikadin\/wp-json\/wp\/v2\/types\/post"}],"author":[{"embeddable":true,"href":"https:\/\/www.tgrthaber.com\/mavikadin\/wp-json\/wp\/v2\/users\/26"}],"replies":[{"embeddable":true,"href":"https:\/\/www.tgrthaber.com\/mavikadin\/wp-json\/wp\/v2\/comments?post=151744"}],"version-history":[{"count":2,"href":"https:\/\/www.tgrthaber.com\/mavikadin\/wp-json\/wp\/v2\/posts\/151744\/revisions"}],"predecessor-version":[{"id":151750,"href":"https:\/\/www.tgrthaber.com\/mavikadin\/wp-json\/wp\/v2\/posts\/151744\/revisions\/151750"}],"wp:featuredmedia":[{"embeddable":true,"href":"https:\/\/www.tgrthaber.com\/mavikadin\/wp-json\/wp\/v2\/media\/151746"}],"wp:attachment":[{"href":"https:\/\/www.tgrthaber.com\/mavikadin\/wp-json\/wp\/v2\/media?parent=151744"}],"wp:term":[{"taxonomy":"category","embeddable":true,"href":"https:\/\/www.tgrthaber.com\/mavikadin\/wp-json\/wp\/v2\/categories?post=151744"},{"taxonomy":"post_tag","embeddable":true,"href":"https:\/\/www.tgrthaber.com\/mavikadin\/wp-json\/wp\/v2\/tags?post=151744"}],"curies":[{"name":"wp","href":"https:\/\/api.w.org\/{rel}","templated":true}]}}