{"id":151806,"date":"2025-03-24T20:48:45","date_gmt":"2025-03-24T17:48:45","guid":{"rendered":"https:\/\/www.tgrthaber.com\/mavikadin\/?p=151806"},"modified":"2025-03-24T20:48:45","modified_gmt":"2025-03-24T17:48:45","slug":"kadir-ezildinin-ben-bir-kayinbabama-yemek-goturup-geleyim-espirisi-sosyal-medyayi-salladi","status":"publish","type":"post","link":"https:\/\/www.tgrthaber.com\/mavikadin\/kadir-ezildinin-ben-bir-kayinbabama-yemek-goturup-geleyim-espirisi-sosyal-medyayi-salladi\/","title":{"rendered":"Kadir Ezildi&#8217;nin &#8216;Ben bir kay\u0131nbabama yemek g\u00f6t\u00fcr\u00fcp geleyim&#8217; espirisi sosyal medyay\u0131 sallad\u0131!"},"content":{"rendered":"<p class=\"p1\">Ekranlar\u0131n sevilen y\u00fczlerinden Kadir Ezildi, &#8216;En Hamarat Benim&#8217; program\u0131ndaki enerjisiyle ad\u0131ndan s\u00f6z ettiren isimlerden biri haline geldi. Sosyal medyada payla\u015ft\u0131\u011f\u0131 videolarla s\u00fcrekli g\u00fcndem olan Ezildi bu kez de payla\u015ft\u0131\u011f\u0131 espirili bir video ile ad\u0131ndan s\u00f6z ettirdi.\u00a0 \u00a0\u201cBen bir kay\u0131nbabama yemek g\u00f6t\u00fcr\u00fcp geleyim\u201d s\u00f6zleriyle \u00e7ekti\u011fi e\u011flenceli i\u00e7erik, k\u0131sa s\u00fcrede kullan\u0131c\u0131lar aras\u0131nda yay\u0131ld\u0131. Ezildi\u2019nin samimi ve do\u011fal tav\u0131rlar\u0131 yine takip\u00e7ilerinden tam not ald\u0131.<\/p>\n<h3>KAD\u0130R EZ\u0130LD\u0130&#8217;DEN &#8216;BEN B\u0130R KAYINBABAMA YEMEK G\u00d6T\u00dcR\u00dcP&#8217; GELEY\u0130M&#8217; ESP\u0130R\u0130S\u0130<\/h3>\n<p class=\"p1\">Kadir Ezildi, enerjik ki\u015fili\u011fi ve pratikli\u011fiyle ekranlar\u0131n tan\u0131nan simalar\u0131ndan biri olmay\u0131 s\u00fcrd\u00fcr\u00fcyor. \u201cEn Hamarat Benim\u201d program\u0131ndaki renkli tav\u0131rlar\u0131yla geni\u015f bir izleyici kitlesine ula\u015fan Ezildi, bu kez sosyal medyada payla\u015ft\u0131\u011f\u0131 ne\u015feli videosuyla dikkat \u00e7ekti.<span class=\"Apple-converted-space\">\u00a0 <\/span>Sosyal medya fenomeni M\u00fckremin Gezgin\u2019in \u2018 Kay\u0131nbabama yemek g\u00f6t\u00fcr\u00fcp geleyim\u2019<span class=\"Apple-converted-space\">\u00a0 <\/span>espirisini taklit etti\u011fi payla\u015f\u0131m\u0131 sosyal medyada g\u00fcndem oldu. \u00a0Mizah\u0131 ve samimi \u00fcslubuyla sosyal medyada s\u0131k s\u0131k g\u00fcndem olan ba\u015far\u0131l\u0131 sunucu, bu payla\u015f\u0131m\u0131yla yine \u00e7ok konu\u015fuldu.<\/p>\n<div style=\"width: 640px;\" class=\"wp-video\"><!--[if lt IE 9]><script>document.createElement('video');<\/script><![endif]-->\n<video class=\"wp-video-shortcode\" id=\"video-151806-1\" width=\"640\" height=\"1138\" preload=\"metadata\" controls=\"controls\"><source type=\"video\/mp4\" src=\"https:\/\/www.tgrthaber.com\/mavikadin\/wp-content\/uploads\/kadir-.mp4?_=1\" \/><a href=\"https:\/\/www.tgrthaber.com\/mavikadin\/wp-content\/uploads\/kadir-.mp4\">https:\/\/www.tgrthaber.com\/mavikadin\/wp-content\/uploads\/kadir-.mp4<\/a><\/video><\/div>\n<h3 class=\"p1\"><b>GAMZE T\u00dcRKMEN\u2019DEN N\u0130\u015eANLISI KAD\u0130R EZ\u0130LD\u0130\u2019YE ANLAMLI DO\u011eUM G\u00dcN\u00dc HED\u0130YES\u0130<\/b><\/h3>\n<p class=\"p3\">Televizyonun sevilen ismi Kadir Ezildi, ge\u00e7ti\u011fimiz g\u00fcnlerde ni\u015fanl\u0131s\u0131 Gamze T\u00fcrkmen&#8217;den ald\u0131\u011f\u0131 do\u011fum g\u00fcn\u00fc hediyesi ile g\u00fcndem olmu\u015ftu. Gamze T\u00fcrkmen, Ezildi&#8217;nin \u00e7ocukluk y\u0131llar\u0131na ait foto\u011fraflar\u0131n yer ald\u0131\u011f\u0131 nostaljik bir \u00e7er\u00e7eve arma\u011fan etmi\u015fti. Bu hediye \u00fcnl\u00fc sunucuyu duyguland\u0131rm\u0131\u015ft\u0131. Bu i\u00e7ten s\u00fcrpriz, sosyal medyada da geni\u015f yank\u0131 bulmu\u015ftu. Bir\u00e7ok kullan\u0131c\u0131, bu t\u00fcr hediyelerin paha bi\u00e7ilmez oldu\u011funu ifade etti. Sosyal medya kullan\u0131c\u0131lar\u0131, \u201cD\u00fc\u015f\u00fcn\u00fclmek her \u015feyden de\u011ferli\u201d ve \u201cKalpten gelen arma\u011fanlar unutulmaz\u201d gibi yorumlar yaparak, destek mesajlar\u0131 ya\u011fd\u0131rm\u0131\u015ft\u0131.<\/p>\n<p><img loading=\"lazy\" decoding=\"async\" class=\"alignnone wp-image-151819 size-large\" src=\"https:\/\/www.tgrthaber.com\/mavikadin\/wp-content\/uploads\/Ekran-Resmi-2025-03-24-20.39.26-1024x577.png\" alt=\"\" width=\"1024\" height=\"577\" title=\"\" srcset=\"https:\/\/www.tgrthaber.com\/mavikadin\/wp-content\/uploads\/Ekran-Resmi-2025-03-24-20.39.26-1024x577.png 1024w, https:\/\/www.tgrthaber.com\/mavikadin\/wp-content\/uploads\/Ekran-Resmi-2025-03-24-20.39.26-300x169.png 300w, https:\/\/www.tgrthaber.com\/mavikadin\/wp-content\/uploads\/Ekran-Resmi-2025-03-24-20.39.26-768x433.png 768w, https:\/\/www.tgrthaber.com\/mavikadin\/wp-content\/uploads\/Ekran-Resmi-2025-03-24-20.39.26-1536x866.png 1536w, https:\/\/www.tgrthaber.com\/mavikadin\/wp-content\/uploads\/Ekran-Resmi-2025-03-24-20.39.26.png 1884w\" sizes=\"(max-width: 1024px) 100vw, 1024px\" \/><\/p>\n<hr \/>\n<h3 class=\"p1\"><b>KAD\u0130R EZ\u0130LD\u0130 GAMZE T\u00dcRKMEN NE ZAMAN EVLEN\u0130YOR?<\/b><\/h3>\n<p class=\"p3\">Televizyon d\u00fcnyas\u0131n\u0131n sevilen ismi Kadir Ezildi ve ni\u015fanl\u0131s\u0131 Gamze T\u00fcrkmen, Temmuz ay\u0131nda ger\u00e7ekle\u015fecek d\u00fc\u011f\u00fcnleri i\u00e7in b\u00fcy\u00fck bir heyecan i\u00e7inde. Hayatlar\u0131n\u0131 birle\u015ftirmeye haz\u0131rlanan \u00e7ift, bu \u00f6zel g\u00fcn \u00f6ncesinde yo\u011fun bir haz\u0131rl\u0131k s\u00fcrecinden ge\u00e7iyor.<\/p>\n<p>&nbsp;<\/p>\n<p>&nbsp;<\/p>\n","protected":false},"excerpt":{"rendered":"<p>Kadir Ezildi, \u201cEn Hamarat Benim\u201ddeki enerjisiyle dikkat \u00e7ekerken, sosyal medyada yay\u0131nlad\u0131\u011f\u0131 esprili videolarla da ilgi g\u00f6r\u00fcyor. Son olarak \u201cKay\u0131nbabama yemek b\u0131rak\u0131p gelece\u011fim\u201d videosuyla g\u00fcndem oldu. Ezildi&#8217;nin payla\u015f\u0131m\u0131na yorum ya\u011fd\u0131. <\/p>\n","protected":false},"author":16,"featured_media":151825,"comment_status":"closed","ping_status":"closed","sticky":false,"template":"","format":"standard","meta":{"rank_math_lock_modified_date":false,"footnotes":""},"categories":[76],"tags":[15352,15353],"class_list":["post-151806","post","type-post","status-publish","format-standard","has-post-thumbnail","hentry","category-magazin","tag-kadir-ezildi-ben-bir-kayinbabama-bakip-geliyorum","tag-kadir-ezildi-mugremin-gezgin-espiri"],"_links":{"self":[{"href":"https:\/\/www.tgrthaber.com\/mavikadin\/wp-json\/wp\/v2\/posts\/151806"}],"collection":[{"href":"https:\/\/www.tgrthaber.com\/mavikadin\/wp-json\/wp\/v2\/posts"}],"about":[{"href":"https:\/\/www.tgrthaber.com\/mavikadin\/wp-json\/wp\/v2\/types\/post"}],"author":[{"embeddable":true,"href":"https:\/\/www.tgrthaber.com\/mavikadin\/wp-json\/wp\/v2\/users\/16"}],"replies":[{"embeddable":true,"href":"https:\/\/www.tgrthaber.com\/mavikadin\/wp-json\/wp\/v2\/comments?post=151806"}],"version-history":[{"count":1,"href":"https:\/\/www.tgrthaber.com\/mavikadin\/wp-json\/wp\/v2\/posts\/151806\/revisions"}],"predecessor-version":[{"id":151828,"href":"https:\/\/www.tgrthaber.com\/mavikadin\/wp-json\/wp\/v2\/posts\/151806\/revisions\/151828"}],"wp:featuredmedia":[{"embeddable":true,"href":"https:\/\/www.tgrthaber.com\/mavikadin\/wp-json\/wp\/v2\/media\/151825"}],"wp:attachment":[{"href":"https:\/\/www.tgrthaber.com\/mavikadin\/wp-json\/wp\/v2\/media?parent=151806"}],"wp:term":[{"taxonomy":"category","embeddable":true,"href":"https:\/\/www.tgrthaber.com\/mavikadin\/wp-json\/wp\/v2\/categories?post=151806"},{"taxonomy":"post_tag","embeddable":true,"href":"https:\/\/www.tgrthaber.com\/mavikadin\/wp-json\/wp\/v2\/tags?post=151806"}],"curies":[{"name":"wp","href":"https:\/\/api.w.org\/{rel}","templated":true}]}}