{"id":151944,"date":"2025-03-25T00:00:06","date_gmt":"2025-03-24T21:00:06","guid":{"rendered":"https:\/\/www.tgrthaber.com\/mavikadin\/?p=151944"},"modified":"2025-09-18T14:40:56","modified_gmt":"2025-09-18T11:40:56","slug":"survivorda-veda-gecesi-24-mart-2025-adaya-veda-eden-yarismaci-belli-oldu","status":"publish","type":"post","link":"https:\/\/www.tgrthaber.com\/mavikadin\/survivorda-veda-gecesi-24-mart-2025-adaya-veda-eden-yarismaci-belli-oldu\/","title":{"rendered":"Survivor&#8217;da veda gecesi! 24 Mart 2025 adaya veda eden yar\u0131\u015fmac\u0131 belli oldu!"},"content":{"rendered":"<p class=\"p1\">Survivor All Star 2025\u2019te, 24 Mart Pazartesi ak\u015fam\u0131 ekranlara gelen b\u00f6l\u00fcmde eleme heyecan\u0131 doruktayd\u0131. Eleme d\u00fcellosunda bu kez All Star tak\u0131m\u0131ndan \u0130smail Balaban ile G\u00f6n\u00fcll\u00fcler\u2019den Do\u011fu\u015f Dicle kar\u015f\u0131 kar\u015f\u0131ya geldi. Zorlu rekabetin ard\u0131ndan bir yar\u0131\u015fmac\u0131 adaya veda etmek zorunda kald\u0131. Peki, Survivor\u2019da kim elendi? \u0130smail Balaban m\u0131 Do\u011fu\u015f mu elendi? \u0130\u015fte detaylar\u2026<b><\/b><\/p>\n<h3>SURV\u0130VOR&#8217;DA VEDA GECES\u0130!<\/h3>\n<p class=\"p1\">1 Ocak\u2019ta yeni sezonuyla izleyiciyle bulu\u015fan Survivor All Star 2025, heyecan dolu b\u00f6l\u00fcmleriyle yoluna devam ediyor. All Star ve G\u00f6n\u00fcll\u00fcler tak\u0131m\u0131, \u00f6d\u00fcl ve dokunulmazl\u0131k m\u00fccadelelerinde s\u0131n\u0131rlar\u0131n\u0131 zorlarken, her b\u00f6l\u00fcmde tansiyon daha da y\u00fckseliyor. Bu hafta erkek yar\u0131\u015fmac\u0131lar aras\u0131nda bir veda daha ya\u015fand\u0131. K\u0131ran k\u0131rana ge\u00e7en dokunulmazl\u0131k oyunlar\u0131n\u0131n ard\u0131ndan iki tak\u0131m da b\u00fcy\u00fck \u00e7aba g\u00f6sterdi. Yar\u0131\u015fma ilerledik\u00e7e rekabet sertle\u015firken, adadaki m\u00fccadele hem fiziksel hem psikolojik a\u00e7\u0131dan katlanarak b\u00fcy\u00fcyor. Finale do\u011fru ad\u0131m ad\u0131m ilerlenirken, her eleme yar\u0131\u015fmac\u0131lar ve izleyiciler i\u00e7in daha da kritik hale geliyor.<\/p>\n<p><img loading=\"lazy\" decoding=\"async\" class=\"alignnone wp-image-151954 size-large\" src=\"https:\/\/www.tgrthaber.com\/mavikadin\/wp-content\/uploads\/Ekran-Resmi-2025-03-24-23.51.42-1024x552.png\" alt=\"\" width=\"1024\" height=\"552\" title=\"\" srcset=\"https:\/\/www.tgrthaber.com\/mavikadin\/wp-content\/uploads\/Ekran-Resmi-2025-03-24-23.51.42-1024x552.png 1024w, https:\/\/www.tgrthaber.com\/mavikadin\/wp-content\/uploads\/Ekran-Resmi-2025-03-24-23.51.42-300x162.png 300w, https:\/\/www.tgrthaber.com\/mavikadin\/wp-content\/uploads\/Ekran-Resmi-2025-03-24-23.51.42-768x414.png 768w, https:\/\/www.tgrthaber.com\/mavikadin\/wp-content\/uploads\/Ekran-Resmi-2025-03-24-23.51.42.png 1328w\" sizes=\"(max-width: 1024px) 100vw, 1024px\" \/><\/p>\n<hr \/>\n<h3 class=\"p1\"><b>SURV\u0130VOR ELEME ADAYLARI K\u0130MLER?<\/b><b><\/b><\/h3>\n<p class=\"p1\">Survivor\u2019da bu hafta dokunulmazl\u0131k oyunlar\u0131nda \u00f6ne \u00e7\u0131kan ekip G\u00f6n\u00fcll\u00fcler oldu. Her an\u0131 gerilim dolu olan yar\u0131\u015fmada, haftan\u0131n potas\u0131na giren d\u00f6rt isim belli oldu: Sedat, \u0130smail, Batuhan ve Do\u011fu\u015f, elenme riskiyle kar\u015f\u0131 kar\u015f\u0131ya kald\u0131.<\/p>\n<p class=\"p1\">Eleme gecesinde tansiyon olduk\u00e7a y\u00fcksekti. D\u00f6rt yar\u0131\u015fmac\u0131, adada kalmak i\u00e7in eleme d\u00fcellosunda ter d\u00f6kt\u00fc. \u0130lk etapta Batuhan ile \u0130smail kozlar\u0131n\u0131 payla\u015f\u0131rken, kar\u015f\u0131 kulvarda Sedat ve Do\u011fu\u015f zorlu bir m\u00fccadeleye giri\u015fti. Heyecan dozu y\u00fcksek anlar\u0131n ya\u015fand\u0131\u011f\u0131 oyunlar, izleyicilere unutulmaz bir ak\u015fam ya\u015fatt\u0131.<\/p>\n<p><img loading=\"lazy\" decoding=\"async\" class=\"alignnone wp-image-151955 size-large\" src=\"https:\/\/www.tgrthaber.com\/mavikadin\/wp-content\/uploads\/Ekran-Resmi-2025-03-24-23.51.49-1024x586.png\" alt=\"\" width=\"1024\" height=\"586\" title=\"\" srcset=\"https:\/\/www.tgrthaber.com\/mavikadin\/wp-content\/uploads\/Ekran-Resmi-2025-03-24-23.51.49-1024x586.png 1024w, https:\/\/www.tgrthaber.com\/mavikadin\/wp-content\/uploads\/Ekran-Resmi-2025-03-24-23.51.49-300x172.png 300w, https:\/\/www.tgrthaber.com\/mavikadin\/wp-content\/uploads\/Ekran-Resmi-2025-03-24-23.51.49-768x440.png 768w, https:\/\/www.tgrthaber.com\/mavikadin\/wp-content\/uploads\/Ekran-Resmi-2025-03-24-23.51.49.png 1296w\" sizes=\"(max-width: 1024px) 100vw, 1024px\" \/><\/p>\n<hr \/>\n<h3 class=\"p1\"><b>B\u00dcY\u00dcK M\u00dcCADELEDE HEYECAN DORUKTAYDI <\/b><b><\/b><\/h3>\n<p class=\"p1\">D\u00fcello gecesinin ilk etab\u0131nda rakiplerine \u00fcst\u00fcnl\u00fck sa\u011flayan Batuhan ve Sedat, isimlerini eleme potas\u0131ndan \u00e7\u0131karmay\u0131 ba\u015fard\u0131. Zorlu parkurda galip gelemeyen \u0130smail Balaban ile Do\u011fu\u015f ise bu kez adada kalmak i\u00e7in kozlar\u0131n\u0131 payla\u015ft\u0131. Kritik m\u00fccadelelerin ya\u015fand\u0131\u011f\u0131 ak\u015famda, yar\u0131\u015fmac\u0131lar son g\u00fc\u00e7leriyle performans sergilerken, bir ki\u015fi daha Survivor All Star ser\u00fcvenine veda etti. G\u00f6zlerin \u00e7evrildi\u011fi final an\u0131nda, hem izleyiciler hem yar\u0131\u015fmac\u0131lar b\u00fcy\u00fck bir merakla sonucu bekledi. Peki, Survivor\u2019da kim elendi? 24 Mart 2025 Survivor elenen isim belli oldu mu? \u0130\u015fte izleyicilerin yan\u0131t\u0131n\u0131 arad\u0131\u011f\u0131 t\u00fcm ayr\u0131nt\u0131lar\u2026<\/p>\n<p><img loading=\"lazy\" decoding=\"async\" class=\"alignnone wp-image-151956 size-large\" src=\"https:\/\/www.tgrthaber.com\/mavikadin\/wp-content\/uploads\/Ekran-Resmi-2025-03-24-23.51.55-1024x525.png\" alt=\"\" width=\"1024\" height=\"525\" title=\"\" srcset=\"https:\/\/www.tgrthaber.com\/mavikadin\/wp-content\/uploads\/Ekran-Resmi-2025-03-24-23.51.55-1024x525.png 1024w, https:\/\/www.tgrthaber.com\/mavikadin\/wp-content\/uploads\/Ekran-Resmi-2025-03-24-23.51.55-300x154.png 300w, https:\/\/www.tgrthaber.com\/mavikadin\/wp-content\/uploads\/Ekran-Resmi-2025-03-24-23.51.55-768x394.png 768w, https:\/\/www.tgrthaber.com\/mavikadin\/wp-content\/uploads\/Ekran-Resmi-2025-03-24-23.51.55.png 1322w\" sizes=\"(max-width: 1024px) 100vw, 1024px\" \/><\/p>\n<hr \/>\n<h3 class=\"p1\"><b>SURV\u0130VOR&#8217;DA EN SON K\u0130M ELEND\u0130?<\/b><b><\/b><\/h3>\n<p class=\"p1\">Survivor All Star\u2019da 16 Mart tarihli eleme b\u00f6l\u00fcm\u00fcnde heyecan doruktayd\u0131. Eleme potas\u0131nda kar\u015f\u0131 kar\u015f\u0131ya gelen isimler Asena ile Elif \u015eado\u011flu oldu. M\u00fccadelenin sonunda adaya veda eden yar\u0131\u015fmac\u0131 Elif \u015eado\u011flu olarak kay\u0131tlara ge\u00e7ti ve Survivor maceras\u0131 sona erdi.<\/p>\n<h3 class=\"p1\"><b>SURV\u0130VOR K\u0130M ELEND\u0130 24 MART 2025?<\/b><b><\/b><\/h3>\n<p class=\"p1\">Survivor 2025\u2019in son b\u00f6l\u00fcm\u00fcnde izleyicileri ekran ba\u015f\u0131na kilitleyen bir d\u00fcello ya\u015fand\u0131. \u0130smail Balaban ile Do\u011fu\u015f, adada kalabilmek i\u00e7in m\u00fccadele etti. Kar\u015f\u0131la\u015fman\u0131n ba\u015flang\u0131c\u0131nda parkur se\u00e7imini yapan isim \u0130smail oldu ve halka at\u0131\u015f\u0131n\u0131 tercih etti. B\u00fcy\u00fck heyecana sahne olan oyun, 5-3\u2019l\u00fck skorla \u0130smail\u2019in galibiyetiyle sonu\u00e7land\u0131. Bu sonucun ard\u0131ndan Do\u011fu\u015f, yar\u0131\u015fmaya veda eden son isim olarak Survivor maceras\u0131n\u0131 noktalad\u0131.<\/p>\n<p><img loading=\"lazy\" decoding=\"async\" class=\"alignnone wp-image-151962 size-full\" src=\"https:\/\/www.tgrthaber.com\/mavikadin\/wp-content\/uploads\/Ekran-Resmi-2025-03-24-23.52.03.png\" alt=\"\" width=\"1016\" height=\"552\" title=\"\" srcset=\"https:\/\/www.tgrthaber.com\/mavikadin\/wp-content\/uploads\/Ekran-Resmi-2025-03-24-23.52.03.png 1016w, https:\/\/www.tgrthaber.com\/mavikadin\/wp-content\/uploads\/Ekran-Resmi-2025-03-24-23.52.03-300x163.png 300w, https:\/\/www.tgrthaber.com\/mavikadin\/wp-content\/uploads\/Ekran-Resmi-2025-03-24-23.52.03-768x417.png 768w\" sizes=\"(max-width: 1016px) 100vw, 1016px\" \/><\/p>\n<hr \/>\n<h3 class=\"p1\"><b>DO\u011eU\u015e D\u0130CLE: DAHA FAZLA KALMAK \u0130STERD\u0130M<\/b><b><\/b><\/h3>\n<p class=\"p1\">Survivor&#8217;dan elenen Do\u011fu\u015f veda konu\u015fmas\u0131nda; &#8221;\u0130n\u015fallah konu\u015furken a\u011flamam. \u00dczg\u00fcn\u00fcm, daha fazla kalmak isterdim.\u00a0 Ama kader k\u0131smet buras\u0131. Elimden geleni yapt\u0131\u011f\u0131m\u0131 d\u00fc\u015f\u00fcn\u00fcyorum. B\u0131rakmad\u0131m, pes etmedim. \u0130smail daha iyi bir rakip \u00e7\u0131kt\u0131 ve beni yendi. Eline sa\u011fl\u0131k. Burada ge\u00e7irdi\u011fim her g\u00fcn g\u00fczel ve keyifliydi. Tecr\u00fcbe doluydu. Bir s\u00fcr\u00fc tecr\u00fcbeler edindim, arkada\u015flar edindim. G\u00fczel an\u0131lar biriktirdim. Bu ailenin de bir \u00fcyesi oldu\u011fumu d\u00fc\u015f\u00fcn\u00fcyorum art\u0131k. Bir kusurum olduysa affedin. Sevdiklerime kavu\u015faca\u011f\u0131m ama buray\u0131 da \u00f6zleyece\u011fim &#8221; dedi.<\/p>\n<p><img loading=\"lazy\" decoding=\"async\" class=\"alignnone wp-image-151964 size-large\" src=\"https:\/\/www.tgrthaber.com\/mavikadin\/wp-content\/uploads\/Ekran-Resmi-2025-03-24-23.52.19-1024x713.png\" alt=\"\" width=\"1024\" height=\"713\" title=\"\" srcset=\"https:\/\/www.tgrthaber.com\/mavikadin\/wp-content\/uploads\/Ekran-Resmi-2025-03-24-23.52.19-1024x713.png 1024w, https:\/\/www.tgrthaber.com\/mavikadin\/wp-content\/uploads\/Ekran-Resmi-2025-03-24-23.52.19-300x209.png 300w, https:\/\/www.tgrthaber.com\/mavikadin\/wp-content\/uploads\/Ekran-Resmi-2025-03-24-23.52.19-768x535.png 768w, https:\/\/www.tgrthaber.com\/mavikadin\/wp-content\/uploads\/Ekran-Resmi-2025-03-24-23.52.19.png 1146w\" sizes=\"(max-width: 1024px) 100vw, 1024px\" \/><\/p>\n<hr \/>\n<h3 class=\"p1\"><b>SURV\u0130VOR DO\u011eU\u015e D\u0130CLE K\u0130MD\u0130R?<\/b><b><\/b><\/h3>\n<p class=\"p1\">Survivor 2024\u2019te G\u00f6n\u00fcll\u00fcler tak\u0131m\u0131nda yer alan Do\u011fu\u015f Dicle, 24 Mart Pazartesi ak\u015fam\u0131 yay\u0131nlanan b\u00f6l\u00fcmde adaya veda eden yar\u0131\u015fmac\u0131 oldu. 1994 do\u011fumlu olan Do\u011fu\u015f, \u0130stanbul\u2019da d\u00fcnyaya geldi. 31 ya\u015f\u0131ndaki yar\u0131\u015fmac\u0131, profesyonel olarak hem modellik hem oyunculuk yap\u0131yor. Ayn\u0131 zamanda spor alan\u0131nda da aktif olan Do\u011fu\u015f Dicle, fitness e\u011fitmenli\u011fiyle ilgileniyor.<\/p>\n","protected":false},"excerpt":{"rendered":"<p>Survivor All Star 2025\u2019in 24 Mart ak\u015fam\u0131 yay\u0131nlanan b\u00f6l\u00fcm\u00fcnde eleme gerilimi ya\u015fand\u0131. Bu kez \u0130smail Balaban ile Do\u011fu\u015f Dicle d\u00fcelloda kar\u015f\u0131la\u015ft\u0131. M\u00fccadele sonras\u0131 biri yar\u0131\u015fmaya veda etti. Peki, Survivor\u2019da elenen isim kim oldu? \u0130smail mi gitti, yoksa Do\u011fu\u015f mu? \u0130\u015fte ayr\u0131nt\u0131lar\u2026<\/p>\n","protected":false},"author":16,"featured_media":151968,"comment_status":"closed","ping_status":"closed","sticky":false,"template":"","format":"standard","meta":{"rank_math_lock_modified_date":false,"footnotes":""},"categories":[101],"tags":[15394,15393],"class_list":["post-151944","post","type-post","status-publish","format-standard","has-post-thumbnail","hentry","category-kesfet","tag-survivor-24-mart-2025-adaya-veda-eden-isim","tag-survivor-24-mart-2025-kim-elendi"],"_links":{"self":[{"href":"https:\/\/www.tgrthaber.com\/mavikadin\/wp-json\/wp\/v2\/posts\/151944"}],"collection":[{"href":"https:\/\/www.tgrthaber.com\/mavikadin\/wp-json\/wp\/v2\/posts"}],"about":[{"href":"https:\/\/www.tgrthaber.com\/mavikadin\/wp-json\/wp\/v2\/types\/post"}],"author":[{"embeddable":true,"href":"https:\/\/www.tgrthaber.com\/mavikadin\/wp-json\/wp\/v2\/users\/16"}],"replies":[{"embeddable":true,"href":"https:\/\/www.tgrthaber.com\/mavikadin\/wp-json\/wp\/v2\/comments?post=151944"}],"version-history":[{"count":1,"href":"https:\/\/www.tgrthaber.com\/mavikadin\/wp-json\/wp\/v2\/posts\/151944\/revisions"}],"predecessor-version":[{"id":151970,"href":"https:\/\/www.tgrthaber.com\/mavikadin\/wp-json\/wp\/v2\/posts\/151944\/revisions\/151970"}],"wp:featuredmedia":[{"embeddable":true,"href":"https:\/\/www.tgrthaber.com\/mavikadin\/wp-json\/wp\/v2\/media\/151968"}],"wp:attachment":[{"href":"https:\/\/www.tgrthaber.com\/mavikadin\/wp-json\/wp\/v2\/media?parent=151944"}],"wp:term":[{"taxonomy":"category","embeddable":true,"href":"https:\/\/www.tgrthaber.com\/mavikadin\/wp-json\/wp\/v2\/categories?post=151944"},{"taxonomy":"post_tag","embeddable":true,"href":"https:\/\/www.tgrthaber.com\/mavikadin\/wp-json\/wp\/v2\/tags?post=151944"}],"curies":[{"name":"wp","href":"https:\/\/api.w.org\/{rel}","templated":true}]}}