{"id":152077,"date":"2025-03-25T10:02:49","date_gmt":"2025-03-25T07:02:49","guid":{"rendered":"https:\/\/www.tgrthaber.com\/mavikadin\/?p=152077"},"modified":"2025-09-18T14:41:34","modified_gmt":"2025-09-18T11:41:34","slug":"hayri-culhaci-kimdir-kac-yasindadir-sabancilarla-akrabaligi-nedir","status":"publish","type":"post","link":"https:\/\/www.tgrthaber.com\/mavikadin\/hayri-culhaci-kimdir-kac-yasindadir-sabancilarla-akrabaligi-nedir\/","title":{"rendered":"Hayri \u00c7ulhac\u0131 kimdir ka\u00e7 ya\u015f\u0131ndad\u0131r? Sabanc\u0131larla akrabal\u0131\u011f\u0131 nedir?"},"content":{"rendered":"<p>Hayri \u00c7ulhac\u0131 kimdir ka\u00e7 ya\u015f\u0131ndad\u0131r? ara\u015ft\u0131r\u0131lmaya ba\u015fland\u0131. Sabanc\u0131 Holding 2 g\u00fcn sonra yapaca\u011f\u0131 Ola\u011fan Genel Kurul toplant\u0131s\u0131nda tarihi bir y\u00f6netim de\u011fi\u015fikli\u011fine imza atacak.<\/p>\n<h3>HAYR\u0130 \u00c7ULHACI K\u0130MD\u0130R?<\/h3>\n<p>Sabanc\u0131 Holding Y\u00f6netim Kurulu Ba\u015fkanl\u0131\u011f\u0131 g\u00f6revini 2004 y\u0131l\u0131ndan bu yana y\u00fcr\u00fcten G\u00fcler Sabanc\u0131, g\u00f6revini devretme karar\u0131 ald\u0131.<\/p>\n<p><img loading=\"lazy\" decoding=\"async\" class=\"alignnone size-full wp-image-152080\" src=\"https:\/\/www.tgrthaber.com\/mavikadin\/wp-content\/uploads\/sabanci-3.jpg\" alt=\"\" width=\"1208\" height=\"680\" title=\"\" srcset=\"https:\/\/www.tgrthaber.com\/mavikadin\/wp-content\/uploads\/sabanci-3.jpg 1208w, https:\/\/www.tgrthaber.com\/mavikadin\/wp-content\/uploads\/sabanci-3-300x169.jpg 300w, https:\/\/www.tgrthaber.com\/mavikadin\/wp-content\/uploads\/sabanci-3-1024x576.jpg 1024w, https:\/\/www.tgrthaber.com\/mavikadin\/wp-content\/uploads\/sabanci-3-768x432.jpg 768w\" sizes=\"(max-width: 1208px) 100vw, 1208px\" \/><\/p>\n<hr \/>\n<p>G\u00fcler Sabanc\u0131&#8217;n\u0131n yerine Sabanc\u0131 Toplulu\u011fu\u2019nun deneyimli ismi Hayri \u00c7ulhac\u0131\u2019n\u0131n atanmas\u0131 bekleniyor. T\u00fcrkiye&#8217;nin finans d\u00fcnyas\u0131nda \u00f6nemli bir kariyere sahip \u00c7ulhac\u0131, Sabanc\u0131 Holding i\u00e7in yeni bir d\u00f6nemin ba\u015flang\u0131c\u0131 olacak.<\/p>\n<p>E\u011fitimine de bu \u015fehirde devam eden Hayri \u00c7ulhac\u0131 T\u00fcrkiye\u2019nin k\u00f6kl\u00fc e\u011fitim kurumlar\u0131ndan biri olan Ankara \u00dcniversitesi Siyasal Bilgiler Fak\u00fcltesi\u2019nden 1978 y\u0131l\u0131nda mezun oldu. \u00c7ulhac\u0131 mezuniyetinden kamu sekt\u00f6r\u00fcnde kariyerine ilk ad\u0131m\u0131n\u0131 atm\u0131\u015ft\u0131r.<\/p>\n<h3><img loading=\"lazy\" decoding=\"async\" class=\"alignnone size-full wp-image-152081\" src=\"https:\/\/www.tgrthaber.com\/mavikadin\/wp-content\/uploads\/sabanci-1.jpg\" alt=\"\" width=\"1208\" height=\"680\" title=\"\" srcset=\"https:\/\/www.tgrthaber.com\/mavikadin\/wp-content\/uploads\/sabanci-1.jpg 1208w, https:\/\/www.tgrthaber.com\/mavikadin\/wp-content\/uploads\/sabanci-1-300x169.jpg 300w, https:\/\/www.tgrthaber.com\/mavikadin\/wp-content\/uploads\/sabanci-1-1024x576.jpg 1024w, https:\/\/www.tgrthaber.com\/mavikadin\/wp-content\/uploads\/sabanci-1-768x432.jpg 768w\" sizes=\"(max-width: 1208px) 100vw, 1208px\" \/><\/h3>\n<hr \/>\n<h3>HAYR\u0130 \u00c7ULHACI NEREL\u0130 VE KA\u00c7 YA\u015eINDA?<\/h3>\n<p>T\u00fcrkiye\u2019nin finans d\u00fcnyas\u0131nda uzun y\u0131llar boyunca \u00f6nemli g\u00f6revlerde yer alan Hayri \u00c7ulhac\u0131, 1956 y\u0131l\u0131nda Ankara&#8217;da do\u011fdu.<\/p>\n<p>Hayri \u00c7ulhac\u0131 2025 y\u0131l\u0131 itibar\u0131yla 69 ya\u015f\u0131ndad\u0131r.<\/p>\n<p>T\u00fcrkiye&#8217;nin finans, ekonomi ve kurumsal y\u00f6netim alanlar\u0131nda \u00f6nemli katk\u0131lar\u0131 olan \u00c7ulhac\u0131, disiplinli \u00e7al\u0131\u015fma anlay\u0131\u015f\u0131 ve stratejik vizyonuyla tan\u0131n\u0131r.<\/p>\n<p><img loading=\"lazy\" decoding=\"async\" class=\"alignnone size-full wp-image-152079\" src=\"https:\/\/www.tgrthaber.com\/mavikadin\/wp-content\/uploads\/sabanci-2.jpg\" alt=\"\" width=\"1208\" height=\"680\" title=\"\" srcset=\"https:\/\/www.tgrthaber.com\/mavikadin\/wp-content\/uploads\/sabanci-2.jpg 1208w, https:\/\/www.tgrthaber.com\/mavikadin\/wp-content\/uploads\/sabanci-2-300x169.jpg 300w, https:\/\/www.tgrthaber.com\/mavikadin\/wp-content\/uploads\/sabanci-2-1024x576.jpg 1024w, https:\/\/www.tgrthaber.com\/mavikadin\/wp-content\/uploads\/sabanci-2-768x432.jpg 768w\" sizes=\"(max-width: 1208px) 100vw, 1208px\" \/><\/p>\n<hr \/>\n<h3>HAYR\u0130 \u00c7ULHACI\u2019NIN MESLE\u011e\u0130<\/h3>\n<p>Temelde bankac\u0131 ve \u00fcst d\u00fczey y\u00f6netici olarak bilinen Hayri \u00c7ulhac\u0131, kariyerinde hem kamu sekt\u00f6r\u00fcnde hem de \u00f6zel sekt\u00f6rde y\u00fcksek sorumluluklar \u00fcstlendi.<\/p>\n<p>\u00c7ulhac\u0131, \u015fu anda ise daha \u00e7ok dan\u0131\u015fmanl\u0131k, y\u00f6neticilik ve vak\u0131f \u00e7al\u0131\u015fmalar\u0131 gibi g\u00f6revlerle i\u015f d\u00fcnyas\u0131ndaki yerini devam ettiriyor.<\/p>\n<h3>HAYR\u0130 \u00c7ULHACI KAR\u0130YER\u0130 BA\u015eLANGICI<\/h3>\n<p>\u00dcniversiteden mezun olduktan sonra 1979 y\u0131l\u0131nda Maliye Bakanl\u0131\u011f\u0131\u2019nda Hesap Uzman\u0131 olarak g\u00f6rev ald\u0131. Buradaki ba\u015far\u0131s\u0131 sayesinde h\u0131zla y\u00fckselmi\u015f ve Daire Ba\u015fkanl\u0131\u011f\u0131 g\u00f6revine kadar gelmi\u015ftir. \u00c7ulhac\u0131 bu d\u00f6nemde finansal sistemleri detayl\u0131 bi\u00e7imde \u00f6\u011frenerek kariyerine sa\u011flam bir temel olu\u015fturmu\u015ftur.<\/p>\n<h3><img loading=\"lazy\" decoding=\"async\" class=\"alignnone size-full wp-image-152091\" src=\"https:\/\/www.tgrthaber.com\/mavikadin\/wp-content\/uploads\/Hayri-Culhaci-2.jpg\" alt=\"\" width=\"1208\" height=\"680\" title=\"\" srcset=\"https:\/\/www.tgrthaber.com\/mavikadin\/wp-content\/uploads\/Hayri-Culhaci-2.jpg 1208w, https:\/\/www.tgrthaber.com\/mavikadin\/wp-content\/uploads\/Hayri-Culhaci-2-300x169.jpg 300w, https:\/\/www.tgrthaber.com\/mavikadin\/wp-content\/uploads\/Hayri-Culhaci-2-1024x576.jpg 1024w, https:\/\/www.tgrthaber.com\/mavikadin\/wp-content\/uploads\/Hayri-Culhaci-2-768x432.jpg 768w\" sizes=\"(max-width: 1208px) 100vw, 1208px\" \/><\/h3>\n<hr \/>\n<h3>AKBANK SER\u00dcVEN\u0130<\/h3>\n<p>ABD&#8217;nin Northeastern \u00dcniversitesi\u2019nde 1986 y\u0131l\u0131nda \u0130\u015fletme alan\u0131nda y\u00fcksek lisans (MBA) e\u011fitimi ald\u0131. \u00c7ulhac\u0131, T\u00fcrkiye\u2019ye d\u00f6nd\u00fckten sonra \u00f6zel sekt\u00f6re ge\u00e7i\u015f yapt\u0131.<\/p>\n<p>Akbank&#8217;ta Genel M\u00fcd\u00fcr Yard\u0131mc\u0131s\u0131 olarak 1990 y\u0131l\u0131nda g\u00f6reve ba\u015flad\u0131. Y\u0131llar i\u00e7inde farkl\u0131 pozisyonlarda g\u00f6rev ald\u0131.<\/p>\n<p>\u00c7ulhac\u0131, \u00f6zellikle Kurumsal \u0130leti\u015fim, Yat\u0131r\u0131mc\u0131 \u0130li\u015fkileri ve Strateji gibi alanlarda sorumluluklar \u00fcstlendi. Bankan\u0131n vizyoner d\u00f6n\u00fc\u015f\u00fcm s\u00fcre\u00e7lerinde rol ald\u0131.<\/p>\n<h3>SABANCILARLA AKRABALI\u011eI NED\u0130R?<\/h3>\n<p>Hayri \u00c7ulhac\u0131&#8217;n\u0131n Sabanc\u0131larla bir akrabal\u0131\u011f\u0131 olup olmad\u0131\u011f\u0131 hakk\u0131nda internette bilgi bulunmuyor.<\/p>\n<h3><img loading=\"lazy\" decoding=\"async\" class=\"alignnone size-full wp-image-152092\" src=\"https:\/\/www.tgrthaber.com\/mavikadin\/wp-content\/uploads\/Hayri-Culhaci-3.jpg\" alt=\"\" width=\"1208\" height=\"680\" title=\"\" srcset=\"https:\/\/www.tgrthaber.com\/mavikadin\/wp-content\/uploads\/Hayri-Culhaci-3.jpg 1208w, https:\/\/www.tgrthaber.com\/mavikadin\/wp-content\/uploads\/Hayri-Culhaci-3-300x169.jpg 300w, https:\/\/www.tgrthaber.com\/mavikadin\/wp-content\/uploads\/Hayri-Culhaci-3-1024x576.jpg 1024w, https:\/\/www.tgrthaber.com\/mavikadin\/wp-content\/uploads\/Hayri-Culhaci-3-768x432.jpg 768w\" sizes=\"(max-width: 1208px) 100vw, 1208px\" \/><\/h3>\n<hr \/>\n<h3>\u00dcST D\u00dcZEY G\u00d6REVLER\u0130<\/h3>\n<p>Hayri \u00c7ulhac\u0131&#8217;n\u0131n kariyeri Akbank&#8217;ta y\u00f6neticilikle de s\u0131n\u0131rl\u0131 kalmad\u0131. Y\u00f6netim Kurulu Ba\u015fkan Dan\u0131\u015fmanl\u0131\u011f\u0131 ve Y\u00f6netim Kurulu Murahhas \u00dcyeli\u011fi gibi \u00f6nemli g\u00f6revleri de oldu.<\/p>\n<p>2010 y\u0131l\u0131nda Akbank Y\u00f6netim Kurulu Ba\u015fkan Vekili olarak atand\u0131. Bu pozisyonda 10 y\u0131l boyunca g\u00f6rev yapt\u0131. 2020 y\u0131l\u0131nda emekli oldu.<\/p>\n<p><img loading=\"lazy\" decoding=\"async\" class=\"alignnone size-full wp-image-152094\" src=\"https:\/\/www.tgrthaber.com\/mavikadin\/wp-content\/uploads\/Hayri-Culhaci-1.jpg\" alt=\"\" width=\"1208\" height=\"680\" title=\"\" srcset=\"https:\/\/www.tgrthaber.com\/mavikadin\/wp-content\/uploads\/Hayri-Culhaci-1.jpg 1208w, https:\/\/www.tgrthaber.com\/mavikadin\/wp-content\/uploads\/Hayri-Culhaci-1-300x169.jpg 300w, https:\/\/www.tgrthaber.com\/mavikadin\/wp-content\/uploads\/Hayri-Culhaci-1-1024x576.jpg 1024w, https:\/\/www.tgrthaber.com\/mavikadin\/wp-content\/uploads\/Hayri-Culhaci-1-768x432.jpg 768w\" sizes=\"(max-width: 1208px) 100vw, 1208px\" \/><\/p>\n<hr \/>\n<h3>SABANCI HOLD\u0130NG&#8217;DE YEN\u0130 G\u00d6REV<\/h3>\n<p>Sabanc\u0131 Holding, 27 Mart 2025 tarihinde yap\u0131lacak Ola\u011fan Genel Kurul toplant\u0131s\u0131nda tarihi bir y\u00f6netim de\u011fi\u015fikli\u011fi yapacak.<\/p>\n<p>Sabanc\u0131 Holding Y\u00f6netim Kurulu Ba\u015fkan\u0131 olarak g\u00f6rev yapan G\u00fcler Sabanc\u0131 2004 y\u0131l\u0131ndan beri yapt\u0131\u011f\u0131 g\u00f6revini b\u0131rakma karar\u0131 ald\u0131.<\/p>\n","protected":false},"excerpt":{"rendered":"<p>Hayri \u00c7ulhac\u0131 kimdir ka\u00e7 ya\u015f\u0131ndad\u0131r? merak ediliyor. Sabanc\u0131 Holding 2 g\u00fcn sonra yapaca\u011f\u0131 Ola\u011fan Genel Kurul toplant\u0131s\u0131nda tarihi bir y\u00f6netim de\u011fi\u015fikli\u011fine gidiyor.<\/p>\n","protected":false},"author":5,"featured_media":152078,"comment_status":"closed","ping_status":"closed","sticky":false,"template":"","format":"standard","meta":{"rank_math_lock_modified_date":false,"footnotes":""},"categories":[491],"tags":[15438,624],"class_list":["post-152077","post","type-post","status-publish","format-standard","has-post-thumbnail","hentry","category-biyografi","tag-hayri-culhaci","tag-sabanci"],"_links":{"self":[{"href":"https:\/\/www.tgrthaber.com\/mavikadin\/wp-json\/wp\/v2\/posts\/152077"}],"collection":[{"href":"https:\/\/www.tgrthaber.com\/mavikadin\/wp-json\/wp\/v2\/posts"}],"about":[{"href":"https:\/\/www.tgrthaber.com\/mavikadin\/wp-json\/wp\/v2\/types\/post"}],"author":[{"embeddable":true,"href":"https:\/\/www.tgrthaber.com\/mavikadin\/wp-json\/wp\/v2\/users\/5"}],"replies":[{"embeddable":true,"href":"https:\/\/www.tgrthaber.com\/mavikadin\/wp-json\/wp\/v2\/comments?post=152077"}],"version-history":[{"count":4,"href":"https:\/\/www.tgrthaber.com\/mavikadin\/wp-json\/wp\/v2\/posts\/152077\/revisions"}],"predecessor-version":[{"id":152096,"href":"https:\/\/www.tgrthaber.com\/mavikadin\/wp-json\/wp\/v2\/posts\/152077\/revisions\/152096"}],"wp:featuredmedia":[{"embeddable":true,"href":"https:\/\/www.tgrthaber.com\/mavikadin\/wp-json\/wp\/v2\/media\/152078"}],"wp:attachment":[{"href":"https:\/\/www.tgrthaber.com\/mavikadin\/wp-json\/wp\/v2\/media?parent=152077"}],"wp:term":[{"taxonomy":"category","embeddable":true,"href":"https:\/\/www.tgrthaber.com\/mavikadin\/wp-json\/wp\/v2\/categories?post=152077"},{"taxonomy":"post_tag","embeddable":true,"href":"https:\/\/www.tgrthaber.com\/mavikadin\/wp-json\/wp\/v2\/tags?post=152077"}],"curies":[{"name":"wp","href":"https:\/\/api.w.org\/{rel}","templated":true}]}}