{"id":152105,"date":"2025-03-25T11:10:58","date_gmt":"2025-03-25T08:10:58","guid":{"rendered":"https:\/\/www.tgrthaber.com\/mavikadin\/?p=152105"},"modified":"2025-05-09T09:29:06","modified_gmt":"2025-05-09T06:29:06","slug":"guler-sabanci-kac-yasinda-guler-sabanci-kimin-annesi","status":"publish","type":"post","link":"https:\/\/www.tgrthaber.com\/mavikadin\/guler-sabanci-kac-yasinda-guler-sabanci-kimin-annesi\/","title":{"rendered":"G\u00fcler Sabanc\u0131 kimdir ka\u00e7 ka\u015f\u0131nda? G\u00fcler Sabanc\u0131 evli mi \u00e7ocuklar\u0131 var m\u0131?"},"content":{"rendered":"<p>G\u00fcler Sabanc\u0131 g\u00f6revini devredece\u011fini a\u00e7\u0131klamas\u0131ndan sonra g\u00fcndem oldu. G\u00fcler Sabanc\u0131 ka\u00e7 ya\u015f\u0131nda? merak ediliyor.<\/p>\n<h3>G\u00dcLER SABANCI KA\u00c7 YA\u015eINDA?<\/h3>\n<p>1955 Adana do\u011fumlu olan G\u00fcler Sabanc\u0131, Sabanc\u0131 Holding Y\u00f6netim Kurulu Ba\u015fkan\u0131d\u0131r. Y\u00fcksel ve \u0130hsan Sabanc\u0131 \u00e7iftinin ilk \u00e7ocu\u011fu olarak d\u00fcnyaya gelen G\u00fcler Sabanc\u0131, Sabanc\u0131 ailesinin \u00fc\u00e7\u00fcnc\u00fc nesil \u00fcyesidir.<\/p>\n<p>G\u00fcler Sabanc\u0131 ayn\u0131 zamanda T\u00fcrkiye&#8217;nin ikinci b\u00fcy\u00fck \u015firketler grubu olan Sabanc\u0131 Holding&#8217;in Y\u00f6netim Kurulu Ba\u015fkan\u0131d\u0131r.<\/p>\n<p><img loading=\"lazy\" decoding=\"async\" class=\"alignnone size-full wp-image-152112\" src=\"https:\/\/www.tgrthaber.com\/mavikadin\/wp-content\/uploads\/guler-sabanci-5.jpg\" alt=\"\" width=\"1208\" height=\"680\" title=\"\" srcset=\"https:\/\/www.tgrthaber.com\/mavikadin\/wp-content\/uploads\/guler-sabanci-5.jpg 1208w, https:\/\/www.tgrthaber.com\/mavikadin\/wp-content\/uploads\/guler-sabanci-5-300x169.jpg 300w, https:\/\/www.tgrthaber.com\/mavikadin\/wp-content\/uploads\/guler-sabanci-5-1024x576.jpg 1024w, https:\/\/www.tgrthaber.com\/mavikadin\/wp-content\/uploads\/guler-sabanci-5-768x432.jpg 768w\" sizes=\"(max-width: 1208px) 100vw, 1208px\" \/><\/p>\n<hr \/>\n<p>TED Ankara Koleji&#8217;nde orta\u00f6\u011fretimini tamamlayan G\u00fcler Sabanc\u0131 lisans e\u011fitimini Bo\u011fazi\u00e7i \u00dcniversitesi \u0130\u015fletme B\u00f6l\u00fcm\u00fc\u2019nde 1978&#8242; de tamamlad\u0131.<\/p>\n<h3>G\u00dcLER SABANCI KAR\u0130YER\u0130<\/h3>\n<p>Y\u00f6neticilik hayat\u0131na ailesinin lastik fabrikas\u0131 Lassa Kocaeli&#8217;nde ba\u015flad\u0131. KordSA&#8217;n\u0131n genel m\u00fcd\u00fcrl\u00fc\u011f\u00fcnde 14 y\u0131l g\u00f6rev yapt\u0131ktan sonra Holding Y\u00f6netimine Murahhas \u00dcye s\u0131fat\u0131 ile dahil oldu.<\/p>\n<p><img loading=\"lazy\" decoding=\"async\" class=\"alignnone size-full wp-image-152115\" src=\"https:\/\/www.tgrthaber.com\/mavikadin\/wp-content\/uploads\/guler-sabanci-7.jpg\" alt=\"\" width=\"1208\" height=\"680\" title=\"\" srcset=\"https:\/\/www.tgrthaber.com\/mavikadin\/wp-content\/uploads\/guler-sabanci-7.jpg 1208w, https:\/\/www.tgrthaber.com\/mavikadin\/wp-content\/uploads\/guler-sabanci-7-300x169.jpg 300w, https:\/\/www.tgrthaber.com\/mavikadin\/wp-content\/uploads\/guler-sabanci-7-1024x576.jpg 1024w, https:\/\/www.tgrthaber.com\/mavikadin\/wp-content\/uploads\/guler-sabanci-7-768x432.jpg 768w\" sizes=\"(max-width: 1208px) 100vw, 1208px\" \/><\/p>\n<hr \/>\n<p>G\u00fcler Sabanc\u0131 amcas\u0131 Sak\u0131p Sabanc\u0131 2004 y\u0131l\u0131nda vefat ettikten sonra amcalar\u0131 \u015eevket Sabanc\u0131 ve Erol Sabanc\u0131&#8217;n\u0131n holdingi &#8216;\u00fc\u00e7\u00fcnc\u00fc ku\u015fa\u011fa devretme&#8217; karar\u0131 almas\u0131ndan sonra 17 May\u0131s 2004 tarihinde Sabanc\u0131 Holding Y\u00f6netim Kurulu Ba\u015fkanl\u0131\u011f\u0131&#8217;na geldi.<\/p>\n<p>Sabanc\u0131 \u00dcniversitesi M\u00fctevelli Heyeti Ba\u015fkan\u0131 olan G\u00fcler Sabanc\u0131 2004 y\u0131l\u0131nda Financial Times taraf\u0131ndan &#8220;Avrupa&#8217;n\u0131n en g\u00fc\u00e7l\u00fc 30 Kad\u0131n\u0131&#8221; aras\u0131nda g\u00f6sterildi.<\/p>\n<p>2009 y\u0131l\u0131nda Financial Times taraf\u0131ndan ilk kez haz\u0131rlanan &#8220;D\u00fcnyan\u0131n Zirvedeki 50 \u0130\u015f Kad\u0131n\u0131&#8221; listesinde be\u015finci s\u0131rada kendine yer buldu.<\/p>\n<p><img loading=\"lazy\" decoding=\"async\" class=\"alignnone size-full wp-image-152116\" src=\"https:\/\/www.tgrthaber.com\/mavikadin\/wp-content\/uploads\/guler-sabanci-9.jpg\" alt=\"\" width=\"1208\" height=\"680\" title=\"\" srcset=\"https:\/\/www.tgrthaber.com\/mavikadin\/wp-content\/uploads\/guler-sabanci-9.jpg 1208w, https:\/\/www.tgrthaber.com\/mavikadin\/wp-content\/uploads\/guler-sabanci-9-300x169.jpg 300w, https:\/\/www.tgrthaber.com\/mavikadin\/wp-content\/uploads\/guler-sabanci-9-1024x576.jpg 1024w, https:\/\/www.tgrthaber.com\/mavikadin\/wp-content\/uploads\/guler-sabanci-9-768x432.jpg 768w\" sizes=\"(max-width: 1208px) 100vw, 1208px\" \/><\/p>\n<hr \/>\n<p>Sabanc\u0131\u2019ya sanayi-\u00fcniversite i\u015fbirli\u011finde k\u00fcresel lider olan Hong Kong Polytechnic Universitesi taraf\u0131ndan Fahri Doktora unvan\u0131 verildi.<\/p>\n<p>2010 y\u0131l\u0131nda Forbes taraf\u0131ndan haz\u0131rlanan D\u00fcnyan\u0131n Zirvedeki 50 \u0130\u015f Kad\u0131n\u0131 listesinde yedinci s\u0131rada yer ald\u0131.<\/p>\n<h3>G\u00dcLER SABANCI EVL\u0130 M\u0130 \u00c7OCUKLARI VAR MI?<\/h3>\n<p>G\u00fcler Sabanc\u0131 hi\u00e7 evlenmemi\u015ftir.<\/p>\n<p><strong>G\u00fcler Sabanc\u0131 \u0130\u015f \u00dcnvanlar\u0131 :<\/strong><\/p>\n<p>-Hac\u0131 \u00d6mer Sabanc\u0131 Holding, Y\u00f6netim Kurulu Ba\u015fkan\u0131<br \/>\n-Sabanc\u0131 Holding A.\u015e. Lastik Takviye Malzemeleri Grup Ba\u015fkan\u0131<br \/>\n-Sabanc\u0131 Holding A.\u015e. \u0130nsan Kaynaklar\u0131 Komitesi Ba\u015fkan\u0131<br \/>\n-Kordsa A.\u015e. Y\u00f6netim Kurulu Ba\u015fkan\u0131<br \/>\n-Brisa A.\u015e. Y\u00f6netim Kurulu \u00dcyesi<br \/>\n-Beksa A.\u015e. Y\u00f6netim Kurulu Ba\u015fkan Yard\u0131mc\u0131s\u0131<br \/>\n-Enerjisa A.\u015e. Y\u00f6netim Kurulu Ba\u015fkan\u0131<br \/>\n-Sakosa A.\u015e. Y\u00f6netim Kurulu \u00dcyesi<br \/>\n-N\u0131le Kordsa A.\u015e. Y\u00f6netim Kurulu Ba\u015fkan Yard.<\/p>\n<p><img loading=\"lazy\" decoding=\"async\" class=\"alignnone size-full wp-image-152110\" src=\"https:\/\/www.tgrthaber.com\/mavikadin\/wp-content\/uploads\/1-95.jpg\" alt=\"\" width=\"1208\" height=\"680\" title=\"\" srcset=\"https:\/\/www.tgrthaber.com\/mavikadin\/wp-content\/uploads\/1-95.jpg 1208w, https:\/\/www.tgrthaber.com\/mavikadin\/wp-content\/uploads\/1-95-300x169.jpg 300w, https:\/\/www.tgrthaber.com\/mavikadin\/wp-content\/uploads\/1-95-1024x576.jpg 1024w, https:\/\/www.tgrthaber.com\/mavikadin\/wp-content\/uploads\/1-95-768x432.jpg 768w\" sizes=\"(max-width: 1208px) 100vw, 1208px\" \/><\/p>\n<hr \/>\n<p><strong>G\u00fcler Sabanc\u0131 \u00dcyesi Oldu\u011fu Kurulu\u015flar:<\/strong><\/p>\n<p>-T\u00dcS\u0130AD, Y\u00f6netim Kurulu \u00dcyesi<br \/>\n-Gen\u00e7 \u0130\u015fadamlar\u0131 Derne\u011fi, \u00dcyesi<br \/>\n-Beyo\u011flu G\u00fczelle\u015ftirme ve Koruma Derne\u011fi, \u00dcyesi<br \/>\n-T\u00dcRSAK T\u00fcrkiye Sinema ve Audovisuel K\u00fclt\u00fcr Vakf\u0131, \u00dcyesi<\/p>\n<h3>G\u00dcLER SABANCI&#8217;NIN \u00dcVEY KARDE\u015e\u0130<\/h3>\n<p>Hac\u0131 \u00d6mer Sabanc\u0131\u2019n\u0131n en b\u00fcy\u00fck o\u011flu, Sak\u0131p Sabanc\u0131\u2019n\u0131n ise a\u011fabeyi olan \u0130hsan Sabanc\u0131\u2019n\u0131n evlilik d\u0131\u015f\u0131 do\u011fan k\u0131z\u0131 olan Sevgi Sabanc\u0131, Sabanc\u0131 Holding Y\u00f6netim Kurulu Ba\u015fkan\u0131 G\u00fcler Sabanc\u0131 ile ayn\u0131 babadan, farkl\u0131 annelerden karde\u015ftir.<\/p>\n","protected":false},"excerpt":{"rendered":"<p>G\u00fcler Sabanc\u0131 ka\u00e7 ya\u015f\u0131nda? merak ediliyor. Sabanc\u0131 Holding Y\u00f6netim Kurulu Ba\u015fkan\u0131 olan Sabanc\u0131&#8217;n\u0131n g\u00f6revini devredece\u011fini a\u00e7\u0131klamas\u0131n\u0131n ard\u0131ndan hayat\u0131 ara\u015ft\u0131r\u0131lmaya ba\u015flad\u0131.<\/p>\n","protected":false},"author":5,"featured_media":152108,"comment_status":"closed","ping_status":"closed","sticky":false,"template":"","format":"standard","meta":{"rank_math_lock_modified_date":false,"footnotes":""},"categories":[491],"tags":[15442],"class_list":["post-152105","post","type-post","status-publish","format-standard","has-post-thumbnail","hentry","category-biyografi","tag-guler-sabanci"],"_links":{"self":[{"href":"https:\/\/www.tgrthaber.com\/mavikadin\/wp-json\/wp\/v2\/posts\/152105"}],"collection":[{"href":"https:\/\/www.tgrthaber.com\/mavikadin\/wp-json\/wp\/v2\/posts"}],"about":[{"href":"https:\/\/www.tgrthaber.com\/mavikadin\/wp-json\/wp\/v2\/types\/post"}],"author":[{"embeddable":true,"href":"https:\/\/www.tgrthaber.com\/mavikadin\/wp-json\/wp\/v2\/users\/5"}],"replies":[{"embeddable":true,"href":"https:\/\/www.tgrthaber.com\/mavikadin\/wp-json\/wp\/v2\/comments?post=152105"}],"version-history":[{"count":2,"href":"https:\/\/www.tgrthaber.com\/mavikadin\/wp-json\/wp\/v2\/posts\/152105\/revisions"}],"predecessor-version":[{"id":174537,"href":"https:\/\/www.tgrthaber.com\/mavikadin\/wp-json\/wp\/v2\/posts\/152105\/revisions\/174537"}],"wp:featuredmedia":[{"embeddable":true,"href":"https:\/\/www.tgrthaber.com\/mavikadin\/wp-json\/wp\/v2\/media\/152108"}],"wp:attachment":[{"href":"https:\/\/www.tgrthaber.com\/mavikadin\/wp-json\/wp\/v2\/media?parent=152105"}],"wp:term":[{"taxonomy":"category","embeddable":true,"href":"https:\/\/www.tgrthaber.com\/mavikadin\/wp-json\/wp\/v2\/categories?post=152105"},{"taxonomy":"post_tag","embeddable":true,"href":"https:\/\/www.tgrthaber.com\/mavikadin\/wp-json\/wp\/v2\/tags?post=152105"}],"curies":[{"name":"wp","href":"https:\/\/api.w.org\/{rel}","templated":true}]}}