{"id":152124,"date":"2025-03-25T12:00:31","date_gmt":"2025-03-25T09:00:31","guid":{"rendered":"https:\/\/www.tgrthaber.com\/mavikadin\/?p=152124"},"modified":"2025-05-29T16:27:36","modified_gmt":"2025-05-29T13:27:36","slug":"cift-kisilik-oda-dizisinin-ahusu-eslem-akar-kimdir-oyuncunun-yasi-ve-memleketi-arastiriliyor","status":"publish","type":"post","link":"https:\/\/www.tgrthaber.com\/mavikadin\/cift-kisilik-oda-dizisinin-ahusu-eslem-akar-kimdir-oyuncunun-yasi-ve-memleketi-arastiriliyor\/","title":{"rendered":"\u00c7ift Ki\u015filik Oda dizisinin Ahu&#8217;su Eslem Akar kimdir? Oyuncunun ya\u015f\u0131 ve memleketi ara\u015ft\u0131r\u0131l\u0131yor"},"content":{"rendered":"<p>Son d\u00f6nemde \u201c\u00c7ift Ki\u015filik Oda\u201d dizisindeki &#8216;Ahu&#8217; karakteriyle izleyicilerin dikkatini \u00e7eken Eslem Akar, oyunculuk kariyerinde emin ad\u0131mlarla ilerleyen gen\u00e7 yeteneklerden biri olarak kar\u015f\u0131m\u0131za \u00e7\u0131k\u0131yor. Peki, \u00c7ift Ki\u015filik Oda dizisinin Ahu&#8217;su Eslem Akar kimdir? Oyuncunun ya\u015f\u0131 ve memleketi ara\u015ft\u0131r\u0131l\u0131yor\u2026<\/p>\n<h3>\u00c7\u0130FT K\u0130\u015e\u0130L\u0130K ODA D\u0130Z\u0130S\u0130N\u0130N AHU\u2019SU ESLEM AKAR K\u0130MD\u0130R?<\/h3>\n<p>23 Mart 1998 do\u011fumlu olan Eslem Akar, \u0130stanbul\u2019da d\u00fcnyaya geldi. \u0130lk, orta ve lise e\u011fitimini T\u00fcrkiye\u2019nin k\u00f6kl\u00fc e\u011fitim kurumlar\u0131ndan biri olan Terakki Vakf\u0131 Okullar\u0131\u2019nda tamamlad\u0131. K\u00fc\u00e7\u00fck ya\u015flardan itibaren sanata ve oyunculu\u011fa ilgi duyan Akar, ayn\u0131 zamanda akademik kariyerini de ihmal etmedi. Lise e\u011fitiminin ard\u0131ndan Bah\u00e7e\u015fehir \u00dcniversitesi Mimarl\u0131k Fak\u00fcltesi\u2019nde e\u011fitim ald\u0131.<\/p>\n<p><img loading=\"lazy\" decoding=\"async\" class=\"alignnone wp-image-152139\" src=\"https:\/\/www.tgrthaber.com\/mavikadin\/wp-content\/uploads\/haber-gorselleri-fotoshop-2025-03-25T115522.371-1024x576.jpg\" alt=\"\u00c7ift Ki\u015filik Oda dizisinin Ahu&#039;su Eslem Akar kimdir? Oyuncunun ya\u015f\u0131 ve memleketi ara\u015ft\u0131r\u0131l\u0131yor\" width=\"1208\" height=\"680\" title=\"\" srcset=\"https:\/\/www.tgrthaber.com\/mavikadin\/wp-content\/uploads\/haber-gorselleri-fotoshop-2025-03-25T115522.371-1024x576.jpg 1024w, https:\/\/www.tgrthaber.com\/mavikadin\/wp-content\/uploads\/haber-gorselleri-fotoshop-2025-03-25T115522.371-300x169.jpg 300w, https:\/\/www.tgrthaber.com\/mavikadin\/wp-content\/uploads\/haber-gorselleri-fotoshop-2025-03-25T115522.371-768x432.jpg 768w, https:\/\/www.tgrthaber.com\/mavikadin\/wp-content\/uploads\/haber-gorselleri-fotoshop-2025-03-25T115522.371-1536x864.jpg 1536w, https:\/\/www.tgrthaber.com\/mavikadin\/wp-content\/uploads\/haber-gorselleri-fotoshop-2025-03-25T115522.371.jpg 1600w\" sizes=\"(max-width: 1208px) 100vw, 1208px\" \/><\/p>\n<hr \/>\n<p>Mimarl\u0131k e\u011fitimi almas\u0131na ra\u011fmen oyunculuk tutkusundan vazge\u00e7meyen Akar, bir yandan e\u011fitimine devam ederken bir yandan da setlerde kendini geli\u015ftirmeye devam etti.<\/p>\n<h3><img loading=\"lazy\" decoding=\"async\" class=\"alignnone wp-image-152120\" src=\"https:\/\/www.tgrthaber.com\/mavikadin\/wp-content\/uploads\/haber-gorselleri-fotoshop-2025-03-25T112610.774-1024x576.jpg\" alt=\"\u00c7ift Ki\u015filik Oda dizisinin Ahu&#039;su Eslem Akar kimdir? Oyuncunun ya\u015f\u0131 ve memleketi ara\u015ft\u0131r\u0131l\u0131yor\" width=\"1208\" height=\"680\" title=\"\" srcset=\"https:\/\/www.tgrthaber.com\/mavikadin\/wp-content\/uploads\/haber-gorselleri-fotoshop-2025-03-25T112610.774-1024x576.jpg 1024w, https:\/\/www.tgrthaber.com\/mavikadin\/wp-content\/uploads\/haber-gorselleri-fotoshop-2025-03-25T112610.774-300x169.jpg 300w, https:\/\/www.tgrthaber.com\/mavikadin\/wp-content\/uploads\/haber-gorselleri-fotoshop-2025-03-25T112610.774-768x432.jpg 768w, https:\/\/www.tgrthaber.com\/mavikadin\/wp-content\/uploads\/haber-gorselleri-fotoshop-2025-03-25T112610.774-1536x864.jpg 1536w, https:\/\/www.tgrthaber.com\/mavikadin\/wp-content\/uploads\/haber-gorselleri-fotoshop-2025-03-25T112610.774.jpg 1600w\" sizes=\"(max-width: 1208px) 100vw, 1208px\" \/><\/h3>\n<hr \/>\n<h3>ESLEM AKAR KA\u00c7 YA\u015eINDA?<\/h3>\n<p>Eslem Akar\u2019\u0131n televizyon d\u00fcnyas\u0131na ad\u0131m atmas\u0131 2011 y\u0131l\u0131nda \u201cSen de Gitme\u201d adl\u0131 diziyle oldu. Bu projede Tolga Sar\u0131ta\u015f ile rol ald\u0131. Hen\u00fcz kariyerinin ba\u015f\u0131nda olmas\u0131na ra\u011fmen performans\u0131yla dikkatleri \u00fczerine \u00e7ekti.<\/p>\n<p><img loading=\"lazy\" decoding=\"async\" class=\"alignnone wp-image-152141\" src=\"https:\/\/www.tgrthaber.com\/mavikadin\/wp-content\/uploads\/haber-gorselleri-fotoshop-2025-03-25T115448.039-1024x576.jpg\" alt=\"\u00c7ift Ki\u015filik Oda dizisinin Ahu&#039;su Eslem Akar kimdir? Oyuncunun ya\u015f\u0131 ve memleketi ara\u015ft\u0131r\u0131l\u0131yor\" width=\"1208\" height=\"680\" title=\"\" srcset=\"https:\/\/www.tgrthaber.com\/mavikadin\/wp-content\/uploads\/haber-gorselleri-fotoshop-2025-03-25T115448.039-1024x576.jpg 1024w, https:\/\/www.tgrthaber.com\/mavikadin\/wp-content\/uploads\/haber-gorselleri-fotoshop-2025-03-25T115448.039-300x169.jpg 300w, https:\/\/www.tgrthaber.com\/mavikadin\/wp-content\/uploads\/haber-gorselleri-fotoshop-2025-03-25T115448.039-768x432.jpg 768w, https:\/\/www.tgrthaber.com\/mavikadin\/wp-content\/uploads\/haber-gorselleri-fotoshop-2025-03-25T115448.039-1536x864.jpg 1536w, https:\/\/www.tgrthaber.com\/mavikadin\/wp-content\/uploads\/haber-gorselleri-fotoshop-2025-03-25T115448.039.jpg 1600w\" sizes=\"(max-width: 1208px) 100vw, 1208px\" \/><\/p>\n<hr \/>\n<p>Daha sonra, T\u00fcrkiye\u2019de b\u00fcy\u00fck ilgi g\u00f6ren \u201cAvlu\u201d dizisinde Demet Evgar ile rol ald\u0131. Buradaki performans\u0131, onu geni\u015f kitlelere tan\u0131tan i\u015flerden biri oldu. \u201cAvlu\u201dnun sert ve dramatik atmosferinde ba\u015far\u0131l\u0131 bir \u015fekilde rol\u00fcn\u00fc canland\u0131ran Akar, oyunculuk yetene\u011fini bir kez daha g\u00f6zler \u00f6n\u00fcne serdi. \u015eimdilerde 26 ya\u015f\u0131nda olan Akar, \u00c7ift Ki\u015filik Oda dizisinin kadrosuna dahil oldu.<\/p>\n<h3><img loading=\"lazy\" decoding=\"async\" class=\"alignnone wp-image-152140\" src=\"https:\/\/www.tgrthaber.com\/mavikadin\/wp-content\/uploads\/haber-gorselleri-fotoshop-2025-03-25T115503.741-1024x576.jpg\" alt=\"\u00c7ift Ki\u015filik Oda dizisinin Ahu&#039;su Eslem Akar kimdir? Oyuncunun ya\u015f\u0131 ve memleketi ara\u015ft\u0131r\u0131l\u0131yor\" width=\"1208\" height=\"680\" title=\"\" srcset=\"https:\/\/www.tgrthaber.com\/mavikadin\/wp-content\/uploads\/haber-gorselleri-fotoshop-2025-03-25T115503.741-1024x576.jpg 1024w, https:\/\/www.tgrthaber.com\/mavikadin\/wp-content\/uploads\/haber-gorselleri-fotoshop-2025-03-25T115503.741-300x169.jpg 300w, https:\/\/www.tgrthaber.com\/mavikadin\/wp-content\/uploads\/haber-gorselleri-fotoshop-2025-03-25T115503.741-768x432.jpg 768w, https:\/\/www.tgrthaber.com\/mavikadin\/wp-content\/uploads\/haber-gorselleri-fotoshop-2025-03-25T115503.741-1536x864.jpg 1536w, https:\/\/www.tgrthaber.com\/mavikadin\/wp-content\/uploads\/haber-gorselleri-fotoshop-2025-03-25T115503.741.jpg 1600w\" sizes=\"(max-width: 1208px) 100vw, 1208px\" \/><\/h3>\n<hr \/>\n<h3>ESLEM AKAR NEREL\u0130?<\/h3>\n<p>Eslem Akar sadece oyunculu\u011fuyla de\u011fil, spor ve sanat alan\u0131ndaki ilgisiyle de dikkat \u00e7ekiyor. K\u00fc\u00e7\u00fckl\u00fc\u011f\u00fcnden beri aktif bir ya\u015fam tarz\u0131n\u0131 benimseyen Akar, masa tenisi, buz pateni, jimnastik, y\u00fczme ve futbol gibi \u00e7e\u015fitli spor dallar\u0131yla ilgileniyor. Do\u011fuma ve b\u00fcy\u00fcme \u0130stanbul\u2019u olan Akar, yabanc\u0131 dillere de olduk\u00e7a merakl\u0131d\u0131r. Eslem Akar, \u0130ngilizce ve Frans\u0131zca biliyor. E\u011fitimine ve kendini geli\u015ftirmeye her zaman \u00f6nem veren Akar, set d\u0131\u015f\u0131nda da farkl\u0131 alanlarda kendini yeti\u015ftirmeye devam ediyor.<\/p>\n","protected":false},"excerpt":{"rendered":"<p>Son d\u00f6nemde \u201c\u00c7ift Ki\u015filik Oda\u201d dizisindeki Ahu karakteriyle izleyicilerin dikkatini \u00e7ekece\u011fi d\u00fc\u015f\u00fcn\u00fclen Eslem Akar, oyunculuk kariyerinde emin ad\u0131mlarla ilerleyen gen\u00e7 yeteneklerden biri olarak kar\u015f\u0131m\u0131za \u00e7\u0131k\u0131yor. Peki, \u00c7ift Ki\u015filik Oda dizisinin Ahu&#8217;su Eslem Akar kimdir? Oyuncunun ya\u015f\u0131 ve memleketi ara\u015ft\u0131r\u0131l\u0131yor\u2026<\/p>\n","protected":false},"author":34,"featured_media":152138,"comment_status":"closed","ping_status":"closed","sticky":false,"template":"","format":"standard","meta":{"rank_math_lock_modified_date":false,"footnotes":""},"categories":[491],"tags":[10275,15448,15447,15449],"class_list":["post-152124","post","type-post","status-publish","format-standard","has-post-thumbnail","hentry","category-biyografi","tag-cift-kisilik-oda","tag-cift-kisilik-oda-ahu","tag-eslem-akar","tag-eslem-akar-kimdir"],"_links":{"self":[{"href":"https:\/\/www.tgrthaber.com\/mavikadin\/wp-json\/wp\/v2\/posts\/152124"}],"collection":[{"href":"https:\/\/www.tgrthaber.com\/mavikadin\/wp-json\/wp\/v2\/posts"}],"about":[{"href":"https:\/\/www.tgrthaber.com\/mavikadin\/wp-json\/wp\/v2\/types\/post"}],"author":[{"embeddable":true,"href":"https:\/\/www.tgrthaber.com\/mavikadin\/wp-json\/wp\/v2\/users\/34"}],"replies":[{"embeddable":true,"href":"https:\/\/www.tgrthaber.com\/mavikadin\/wp-json\/wp\/v2\/comments?post=152124"}],"version-history":[{"count":4,"href":"https:\/\/www.tgrthaber.com\/mavikadin\/wp-json\/wp\/v2\/posts\/152124\/revisions"}],"predecessor-version":[{"id":184522,"href":"https:\/\/www.tgrthaber.com\/mavikadin\/wp-json\/wp\/v2\/posts\/152124\/revisions\/184522"}],"wp:featuredmedia":[{"embeddable":true,"href":"https:\/\/www.tgrthaber.com\/mavikadin\/wp-json\/wp\/v2\/media\/152138"}],"wp:attachment":[{"href":"https:\/\/www.tgrthaber.com\/mavikadin\/wp-json\/wp\/v2\/media?parent=152124"}],"wp:term":[{"taxonomy":"category","embeddable":true,"href":"https:\/\/www.tgrthaber.com\/mavikadin\/wp-json\/wp\/v2\/categories?post=152124"},{"taxonomy":"post_tag","embeddable":true,"href":"https:\/\/www.tgrthaber.com\/mavikadin\/wp-json\/wp\/v2\/tags?post=152124"}],"curies":[{"name":"wp","href":"https:\/\/api.w.org\/{rel}","templated":true}]}}