{"id":152294,"date":"2025-03-25T16:38:39","date_gmt":"2025-03-25T13:38:39","guid":{"rendered":"https:\/\/www.tgrthaber.com\/mavikadin\/?p=152294"},"modified":"2025-09-18T14:56:54","modified_gmt":"2025-09-18T11:56:54","slug":"bir-gece-masali-dizisinde-soke-eden-ayrilik-eren-vurdem-diziye-veda-etti","status":"publish","type":"post","link":"https:\/\/www.tgrthaber.com\/mavikadin\/bir-gece-masali-dizisinde-soke-eden-ayrilik-eren-vurdem-diziye-veda-etti\/","title":{"rendered":"Bir Gece Masal\u0131 dizisinde \u015foke eden ayr\u0131l\u0131k! Eren Vurdem diziye veda etti"},"content":{"rendered":"<p>Bir Gece Masal\u0131 dizisinin sevilen oyuncusu Eren Vurdem diziye veda etti\u011fini sosyal medya hesab\u0131ndan duyurdu. ATV ekranlar\u0131n\u0131n sevilen dizisi Bir Gece Masal\u0131 yeni b\u00f6l\u00fcmleriyle nefes kesmeye devam ediyor.<\/p>\n<h3>B\u0130R GECE MASALI D\u0130Z\u0130S\u0130NDE \u015eOKE EDEN AYRILIK!<\/h3>\n<p>Bir Gece Masal\u0131 dizisi yeni b\u00f6l\u00fcmleriyle izleyicisini ekran ba\u015f\u0131na kilitlemeye devam ediyor. Dizinin k\u00f6t\u00fc karakterlerinden Selim&#8217;i \u00fcstlenen Eren Vurdem, Instagram hesab\u0131ndan yapt\u0131\u011f\u0131 payla\u015f\u0131mla diziye veda etti\u011fini duyurdu.<\/p>\n<p><img loading=\"lazy\" decoding=\"async\" class=\"alignnone size-full wp-image-152297\" src=\"https:\/\/www.tgrthaber.com\/mavikadin\/wp-content\/uploads\/Eren-Vurdem-1.jpg\" alt=\"\" width=\"1208\" height=\"680\" title=\"\" srcset=\"https:\/\/www.tgrthaber.com\/mavikadin\/wp-content\/uploads\/Eren-Vurdem-1.jpg 1208w, https:\/\/www.tgrthaber.com\/mavikadin\/wp-content\/uploads\/Eren-Vurdem-1-300x169.jpg 300w, https:\/\/www.tgrthaber.com\/mavikadin\/wp-content\/uploads\/Eren-Vurdem-1-1024x576.jpg 1024w, https:\/\/www.tgrthaber.com\/mavikadin\/wp-content\/uploads\/Eren-Vurdem-1-768x432.jpg 768w\" sizes=\"(max-width: 1208px) 100vw, 1208px\" \/><\/p>\n<hr \/>\n<p>ATV ekranlar\u0131n\u0131n sevilen dizisi Bir Gece Masal\u0131&#8217;nda Su Burcu Yazg\u0131 Co\u015fkun ve Burak Deniz ba\u015frolleri payla\u015f\u0131yor. Ancak bu defa, dizinin k\u00f6t\u00fc adam\u0131 Selim diziden ayr\u0131l\u0131yor.<\/p>\n<h3>EREN VURDEM TAK\u0130P\u00c7\u0130LER\u0130N\u0130 \u00dcZD\u00dc<\/h3>\n<p>Bir Gece Masal\u0131 dizisinde Selim karakterini oynayan Eren Vurdem ayr\u0131l\u0131k haberiyle dizi takip\u00e7ilerini \u00fczd\u00fc. Her hafta ilgiyle takip edilen dizi izleyicisinin be\u011fenisini toplamaya devam ediyor.<\/p>\n<p>Bahar dizisinin kar\u015f\u0131s\u0131na rakip olarak \u00e7\u0131kan Bir Gece Masal\u0131, Su Burcu Yazg\u0131 Co\u015fkun ve Burak Deniz&#8217;in oyunculu\u011fuyla ekranlara geliyor.<\/p>\n<p><img loading=\"lazy\" decoding=\"async\" class=\"alignnone size-full wp-image-152298\" src=\"https:\/\/www.tgrthaber.com\/mavikadin\/wp-content\/uploads\/Eren-Vurdem-2.jpg\" alt=\"\" width=\"1208\" height=\"680\" title=\"\" srcset=\"https:\/\/www.tgrthaber.com\/mavikadin\/wp-content\/uploads\/Eren-Vurdem-2.jpg 1208w, https:\/\/www.tgrthaber.com\/mavikadin\/wp-content\/uploads\/Eren-Vurdem-2-300x169.jpg 300w, https:\/\/www.tgrthaber.com\/mavikadin\/wp-content\/uploads\/Eren-Vurdem-2-1024x576.jpg 1024w, https:\/\/www.tgrthaber.com\/mavikadin\/wp-content\/uploads\/Eren-Vurdem-2-768x432.jpg 768w\" sizes=\"(max-width: 1208px) 100vw, 1208px\" \/><\/p>\n<hr \/>\n<p>Reytinglerde zirvede yer alamasa bile diziyi takip eden b\u00fcy\u00fck bir kitle bulunuyor. Bu nedenle dizinin \u00f6n\u00fcm\u00fczdeki sezonda da yay\u0131nlanmas\u0131 bekleniyor.<\/p>\n<p>Vurdem payla\u015f\u0131m\u0131nda,<\/p>\n<p>&#8216;Elveda #selimallame Bir yolculu\u011fun daha sonuna geldik . B\u00fct\u00fcn ekip ve yap\u0131m arkada\u015flar\u0131ma te\u015fekk\u00fcr ederim \u00e7al\u0131\u015fmak \u00e7ok keyifliydi . Ba\u015fka hikayelerde en yak\u0131n zamanda bulu\u015fmak dile\u011fiyle arrivederci &#8216; ifadelerine yer verdi.<\/p>\n<h3><img loading=\"lazy\" decoding=\"async\" class=\"alignnone size-full wp-image-152304\" src=\"https:\/\/www.tgrthaber.com\/mavikadin\/wp-content\/uploads\/Eren-Vurdem-4.jpg\" alt=\"\" width=\"1208\" height=\"680\" title=\"\" srcset=\"https:\/\/www.tgrthaber.com\/mavikadin\/wp-content\/uploads\/Eren-Vurdem-4.jpg 1208w, https:\/\/www.tgrthaber.com\/mavikadin\/wp-content\/uploads\/Eren-Vurdem-4-300x169.jpg 300w, https:\/\/www.tgrthaber.com\/mavikadin\/wp-content\/uploads\/Eren-Vurdem-4-1024x576.jpg 1024w, https:\/\/www.tgrthaber.com\/mavikadin\/wp-content\/uploads\/Eren-Vurdem-4-768x432.jpg 768w\" sizes=\"(max-width: 1208px) 100vw, 1208px\" \/><\/h3>\n<hr \/>\n<h3>B\u0130R GECE MASALI OYUNCU KADROSU<\/h3>\n<p>Sevilen dizi Bir Gece Masal\u0131&#8217;n\u0131n oyuncu kadrosunda; Su Burcu Yazg\u0131 Co\u015fkun, Burak Deniz, G\u00fcrkan Uygun, Mesut Akusta, R\u00fc\u00e7han \u00c7al\u0131\u015fkur, Kenan Bal, Y\u0131ld\u0131z K\u00fclt\u00fcr, \u00d6zlem T\u00fcrkad, Kerem Arslano\u011flu, Emel \u00c7\u00f6lge\u00e7en, Ecem \u00c7alhan, \u0130rem Altu\u011f ve Nazan Diper gibi yetenekli isimler yer al\u0131yor<\/p>\n","protected":false},"excerpt":{"rendered":"<p>Her hafta merakla beklenen\u00a0Bir Gece Masal\u0131 dizisinde \u015foke eden ayr\u0131l\u0131k ya\u015fand\u0131. Oyuncu Eren Vurdem diziye veda etti.<\/p>\n","protected":false},"author":5,"featured_media":152296,"comment_status":"closed","ping_status":"closed","sticky":false,"template":"","format":"standard","meta":{"rank_math_lock_modified_date":false,"footnotes":""},"categories":[602],"tags":[2181,2628,15470],"class_list":["post-152294","post","type-post","status-publish","format-standard","has-post-thumbnail","hentry","category-diziler","tag-bir-gece-masali","tag-dizi-haberleri","tag-eren-vurdem"],"_links":{"self":[{"href":"https:\/\/www.tgrthaber.com\/mavikadin\/wp-json\/wp\/v2\/posts\/152294"}],"collection":[{"href":"https:\/\/www.tgrthaber.com\/mavikadin\/wp-json\/wp\/v2\/posts"}],"about":[{"href":"https:\/\/www.tgrthaber.com\/mavikadin\/wp-json\/wp\/v2\/types\/post"}],"author":[{"embeddable":true,"href":"https:\/\/www.tgrthaber.com\/mavikadin\/wp-json\/wp\/v2\/users\/5"}],"replies":[{"embeddable":true,"href":"https:\/\/www.tgrthaber.com\/mavikadin\/wp-json\/wp\/v2\/comments?post=152294"}],"version-history":[{"count":3,"href":"https:\/\/www.tgrthaber.com\/mavikadin\/wp-json\/wp\/v2\/posts\/152294\/revisions"}],"predecessor-version":[{"id":152305,"href":"https:\/\/www.tgrthaber.com\/mavikadin\/wp-json\/wp\/v2\/posts\/152294\/revisions\/152305"}],"wp:featuredmedia":[{"embeddable":true,"href":"https:\/\/www.tgrthaber.com\/mavikadin\/wp-json\/wp\/v2\/media\/152296"}],"wp:attachment":[{"href":"https:\/\/www.tgrthaber.com\/mavikadin\/wp-json\/wp\/v2\/media?parent=152294"}],"wp:term":[{"taxonomy":"category","embeddable":true,"href":"https:\/\/www.tgrthaber.com\/mavikadin\/wp-json\/wp\/v2\/categories?post=152294"},{"taxonomy":"post_tag","embeddable":true,"href":"https:\/\/www.tgrthaber.com\/mavikadin\/wp-json\/wp\/v2\/tags?post=152294"}],"curies":[{"name":"wp","href":"https:\/\/api.w.org\/{rel}","templated":true}]}}