{"id":152405,"date":"2025-03-25T20:17:44","date_gmt":"2025-03-25T17:17:44","guid":{"rendered":"https:\/\/www.tgrthaber.com\/mavikadin\/?p=152405"},"modified":"2025-09-18T15:03:20","modified_gmt":"2025-09-18T12:03:20","slug":"yemekteyiz-yarismacisi-lara-erdemir-kimdir-nereli-meslegi-ne-laranin-instagram-hesabi-arastiriliyor","status":"publish","type":"post","link":"https:\/\/www.tgrthaber.com\/mavikadin\/yemekteyiz-yarismacisi-lara-erdemir-kimdir-nereli-meslegi-ne-laranin-instagram-hesabi-arastiriliyor\/","title":{"rendered":"Yemekteyiz yar\u0131\u015fmac\u0131s\u0131 Lara Erdemir kimdir, nereli, mesle\u011fi ne? Lara\u2019n\u0131n Instagram hesab\u0131 ara\u015ft\u0131r\u0131l\u0131yor"},"content":{"rendered":"<p class=\"p1\">TV8 ekranlar\u0131n\u0131n ilgiyle takip edilen yemek yar\u0131\u015fmas\u0131 Zuhal Topal\u2019la Yemekteyiz, bu hafta da renkli isimlere ev sahipli\u011fi yap\u0131yor. Yar\u0131\u015fmac\u0131lar aras\u0131nda \u00f6zellikle Lara Erdemir, hem sofras\u0131yla hem de yorumlar\u0131yla dikkatleri \u00fczerine \u00e7ekti. Seyirciler \u015fimdi Lara hakk\u0131nda detayl\u0131 bilgi aray\u0131\u015f\u0131nda. Peki Lara Erdemir kimdir, ka\u00e7 ya\u015f\u0131nda? Nereli ve mesle\u011fi ne? \u0130\u015fte merak edilen sorular\u0131n cevaplar\u0131&#8230;<\/p>\n<h3 class=\"p1\"><b>YEMEKTEY\u0130Z YARI\u015eMASININ BU HAFTA D\u0130KKAT \u00c7EKEN \u0130SM\u0130 LARA ERDEM\u0130R OLDU\u00a0<\/b><b><\/b><\/h3>\n<p class=\"p1\">Yemekteyiz\u2019in 24-28 Mart haftas\u0131nda yar\u0131\u015fan Lara Erdemir, samimi tav\u0131rlar\u0131 ve zaman zaman ya\u015fanan gerilimlerdeki duru\u015fuyla izleyicilerin merak\u0131n\u0131 artt\u0131rd\u0131.\u00a0 Programda yapt\u0131\u011f\u0131 \u201chayat\u0131ma odaklan\u0131yorum\u201d a\u00e7\u0131klamas\u0131 ise sosyal medyada g\u00fcndem oldu.<\/p>\n<p><img loading=\"lazy\" decoding=\"async\" class=\"alignnone wp-image-152406 \" src=\"https:\/\/www.tgrthaber.com\/mavikadin\/wp-content\/uploads\/Ekran-Resmi-2025-03-25-20.10.52.png\" alt=\"\" width=\"970\" height=\"559\" title=\"\" srcset=\"https:\/\/www.tgrthaber.com\/mavikadin\/wp-content\/uploads\/Ekran-Resmi-2025-03-25-20.10.52.png 836w, https:\/\/www.tgrthaber.com\/mavikadin\/wp-content\/uploads\/Ekran-Resmi-2025-03-25-20.10.52-300x173.png 300w, https:\/\/www.tgrthaber.com\/mavikadin\/wp-content\/uploads\/Ekran-Resmi-2025-03-25-20.10.52-768x443.png 768w\" sizes=\"(max-width: 970px) 100vw, 970px\" \/><\/p>\n<hr \/>\n<h3 class=\"p1\"><b>YEMEKTEY\u0130Z YARI\u015eMACISI LARA ERDEM\u0130R K\u0130MD\u0130R?\u00a0<\/b><b><\/b><\/h3>\n<p class=\"p1\">Yemekteyiz yar\u0131\u015fmac\u0131lar\u0131 aras\u0131nda \u00f6ne \u00e7\u0131kan isimlerden biri olan Lara Erdemir, hem ki\u015fili\u011fi hem de sofradaki sunumlar\u0131yla izleyicilerin ilgisini \u00e7ekti. Erzurum do\u011fumlu olan Erdemir, yar\u0131\u015fma s\u0131ras\u0131nda ajans sahibi oldu\u011funu belirterek kariyeri hakk\u0131nda da k\u0131sa bilgiler payla\u015ft\u0131. Yar\u0131\u015fmadaki \u015f\u0131kl\u0131\u011f\u0131, \u00f6zg\u00fcveni ve kendine has tarz\u0131yla sosyal medyada ad\u0131ndan s\u00f6z ettirmeyi ba\u015faran Lara Erdemir, k\u0131sa s\u00fcrede program izleyicilerinin radar\u0131na girdi.<\/p>\n<p><img loading=\"lazy\" decoding=\"async\" class=\"alignnone wp-image-152407 \" src=\"https:\/\/www.tgrthaber.com\/mavikadin\/wp-content\/uploads\/Ekran-Resmi-2025-03-25-20.11.00.png\" alt=\"\" width=\"963\" height=\"511\" title=\"\" srcset=\"https:\/\/www.tgrthaber.com\/mavikadin\/wp-content\/uploads\/Ekran-Resmi-2025-03-25-20.11.00.png 946w, https:\/\/www.tgrthaber.com\/mavikadin\/wp-content\/uploads\/Ekran-Resmi-2025-03-25-20.11.00-300x159.png 300w, https:\/\/www.tgrthaber.com\/mavikadin\/wp-content\/uploads\/Ekran-Resmi-2025-03-25-20.11.00-768x408.png 768w\" sizes=\"(max-width: 963px) 100vw, 963px\" \/><\/p>\n<hr \/>\n<p class=\"p1\">Programdaki duru\u015fu ve mutfaktaki \u00f6zeni kadar sosyal medya payla\u015f\u0131mlar\u0131 da ilgi uyand\u0131ran Erdemir, Instagram\u2019da \u201claraelmass\u201d kullan\u0131c\u0131 ad\u0131yla aktif olarak i\u00e7erik \u00fcretiyor. Renkli stili, etkileyici foto\u011fraflar\u0131 ve g\u00fcnl\u00fck ya\u015fant\u0131s\u0131ndan payla\u015f\u0131mlarla takip\u00e7ileriyle etkile\u015fim kuran Lara\u2019n\u0131n hayat\u0131, izleyiciler ve sosyal medya kullan\u0131c\u0131lar\u0131 taraf\u0131ndan merak ediliyor.<\/p>\n<p><img loading=\"lazy\" decoding=\"async\" class=\"alignnone wp-image-152408 \" src=\"https:\/\/www.tgrthaber.com\/mavikadin\/wp-content\/uploads\/Ekran-Resmi-2025-03-25-20.11.26-942x1024.png\" alt=\"\" width=\"973\" height=\"1058\" title=\"\" srcset=\"https:\/\/www.tgrthaber.com\/mavikadin\/wp-content\/uploads\/Ekran-Resmi-2025-03-25-20.11.26-942x1024.png 942w, https:\/\/www.tgrthaber.com\/mavikadin\/wp-content\/uploads\/Ekran-Resmi-2025-03-25-20.11.26-276x300.png 276w, https:\/\/www.tgrthaber.com\/mavikadin\/wp-content\/uploads\/Ekran-Resmi-2025-03-25-20.11.26-768x835.png 768w, https:\/\/www.tgrthaber.com\/mavikadin\/wp-content\/uploads\/Ekran-Resmi-2025-03-25-20.11.26.png 1234w\" sizes=\"(max-width: 973px) 100vw, 973px\" \/><\/p>\n<hr \/>\n<h3 class=\"p1\">ZUHAL TOPAL\u2019LA YEMEKTEY\u0130Z PROGRAMINA NASIL BA\u015eVURULUR?<\/h3>\n<p class=\"p1\">TV8 ekranlar\u0131nda yay\u0131nlanan Zuhal Topal\u2019la Yemekteyiz program\u0131na kat\u0131lmak isteyenler i\u00e7in ba\u015fvuru s\u00fcreci olduk\u00e7a pratik. Programa dahil olmak isteyen adaylar, TV8\u2019in resmi internet sitesinde yer alan ba\u015fvuru formunu doldurarak s\u00fcreci ba\u015flatabiliyor. Formda temel ki\u015fisel bilgiler, ileti\u015fim bilgileri ve k\u0131sa bir tan\u0131t\u0131m yaz\u0131s\u0131 isteniyor. Adaylar\u0131n mutfa\u011fa olan ilgisini ve yemekle ili\u015fkisini a\u00e7\u0131klamas\u0131 da ba\u015fvuruda \u00f6nemli bir yer tutuyor. Ba\u015fvuru sonras\u0131nda de\u011ferlendirme s\u00fcreci ba\u015fl\u0131yor ve uygun g\u00f6r\u00fclen adaylarla ileti\u015fime ge\u00e7iliyor. Mutfakta iddial\u0131 olan herkes programa kat\u0131lma \u015fans\u0131na sahip.<\/p>\n","protected":false},"excerpt":{"rendered":"<p>TV8\u2019in sevilen yar\u0131\u015fmas\u0131 Zuhal Topal\u2019la Yemekteyiz, bu hafta yine izleyiciyi ekrana kilitledi. Yar\u0131\u015fmac\u0131lar aras\u0131nda \u00f6ne \u00e7\u0131kan isimlerden biri olan Lara Erdemir, hem tarz\u0131yla hem de yapt\u0131\u011f\u0131 yorumlarla dikkat \u00e7ekti. \u0130zleyiciler \u015fimdi onun hayat\u0131na dair detaylar\u0131 merak ediyor: Kimdir, nereli, ne i\u015f yap\u0131yor? \u0130\u015fte merak edilen sorular\u0131n cevaplar\u0131.. <\/p>\n","protected":false},"author":16,"featured_media":152409,"comment_status":"closed","ping_status":"closed","sticky":false,"template":"","format":"standard","meta":{"rank_math_lock_modified_date":false,"footnotes":""},"categories":[491],"tags":[15491,15492,15493],"class_list":["post-152405","post","type-post","status-publish","format-standard","has-post-thumbnail","hentry","category-biyografi","tag-yemekteyiz-lara-kimdir","tag-yemekteyiz-yarismacisi-lara-kac-yasinda","tag-yemekteyiz-yarismacisi-lara-meslegi-ne"],"_links":{"self":[{"href":"https:\/\/www.tgrthaber.com\/mavikadin\/wp-json\/wp\/v2\/posts\/152405"}],"collection":[{"href":"https:\/\/www.tgrthaber.com\/mavikadin\/wp-json\/wp\/v2\/posts"}],"about":[{"href":"https:\/\/www.tgrthaber.com\/mavikadin\/wp-json\/wp\/v2\/types\/post"}],"author":[{"embeddable":true,"href":"https:\/\/www.tgrthaber.com\/mavikadin\/wp-json\/wp\/v2\/users\/16"}],"replies":[{"embeddable":true,"href":"https:\/\/www.tgrthaber.com\/mavikadin\/wp-json\/wp\/v2\/comments?post=152405"}],"version-history":[{"count":1,"href":"https:\/\/www.tgrthaber.com\/mavikadin\/wp-json\/wp\/v2\/posts\/152405\/revisions"}],"predecessor-version":[{"id":152410,"href":"https:\/\/www.tgrthaber.com\/mavikadin\/wp-json\/wp\/v2\/posts\/152405\/revisions\/152410"}],"wp:featuredmedia":[{"embeddable":true,"href":"https:\/\/www.tgrthaber.com\/mavikadin\/wp-json\/wp\/v2\/media\/152409"}],"wp:attachment":[{"href":"https:\/\/www.tgrthaber.com\/mavikadin\/wp-json\/wp\/v2\/media?parent=152405"}],"wp:term":[{"taxonomy":"category","embeddable":true,"href":"https:\/\/www.tgrthaber.com\/mavikadin\/wp-json\/wp\/v2\/categories?post=152405"},{"taxonomy":"post_tag","embeddable":true,"href":"https:\/\/www.tgrthaber.com\/mavikadin\/wp-json\/wp\/v2\/tags?post=152405"}],"curies":[{"name":"wp","href":"https:\/\/api.w.org\/{rel}","templated":true}]}}