{"id":152436,"date":"2025-03-25T21:26:19","date_gmt":"2025-03-25T18:26:19","guid":{"rendered":"https:\/\/www.tgrthaber.com\/mavikadin\/?p=152436"},"modified":"2025-09-12T17:11:45","modified_gmt":"2025-09-12T14:11:45","slug":"unlu-oyuncu-kamil-guler-inci-taneleri-dizisine-surpriz-rolle-dahil-oluyor","status":"publish","type":"post","link":"https:\/\/www.tgrthaber.com\/mavikadin\/unlu-oyuncu-kamil-guler-inci-taneleri-dizisine-surpriz-rolle-dahil-oluyor\/","title":{"rendered":"\u00dcnl\u00fc oyuncu Kamil G\u00fcler, \u0130nci Taneleri dizisine s\u00fcrpriz rolle dahil oluyor!"},"content":{"rendered":"<p class=\"p1\">Ekran yolculu\u011funa ba\u015flad\u0131\u011f\u0131 ilk g\u00fcnden bu yana izleyicinin ilgisini \u00fczerinde tutmay\u0131 ba\u015faran \u0130nci Taneleri, her b\u00f6l\u00fcm\u00fcyle g\u00fcndem olmaya devam ediyor. Duygusal anlat\u0131m\u0131 ve g\u00fc\u00e7l\u00fc karakterleriyle be\u011feni toplayan dizi, oyuncu kadrosuna dahil olan yeni isimlerle de ad\u0131ndan s\u00f6z ettiriyor. Son olarak, tiyatro ve televizyon d\u00fcnyas\u0131nda \u00f6nemli bir yere sahip olan Kamil G\u00fcler projeye kat\u0131ld\u0131. G\u00fcler, diziye Piraye&#8217;nin eski e\u015fi olarak dahil olacak.<\/p>\n<h3>KAM\u0130L G\u00dcLER \u0130NC\u0130 TANELER\u0130 D\u0130Z\u0130S\u0130NDE! P\u0130RAYEN\u0130N ESK\u0130 E\u015e\u0130 OLARAK GEL\u0130YOR<\/h3>\n<p>Birsen Altunta\u015f&#8217;\u0131n haberine g\u00f6re, yap\u0131mc\u0131l\u0131\u011f\u0131n\u0131 BKM\u2019nin \u00fcstlendi\u011fi, senaryosunu Y\u0131lmaz Erdo\u011fan\u2019\u0131n kaleme ald\u0131\u011f\u0131 dizide Kamil G\u00fcler, izleyicinin kar\u015f\u0131s\u0131na Koray karakteriyle \u00e7\u0131kacak. Selma Erge\u00e7 taraf\u0131ndan oynanan Piraye\u2019nin ge\u00e7mi\u015finden gelen bu karakter, dizide yeni bir dinami\u011fin kap\u0131s\u0131n\u0131 aralayacak.<\/p>\n<p><img loading=\"lazy\" decoding=\"async\" class=\"alignnone wp-image-152439 \" src=\"https:\/\/www.tgrthaber.com\/mavikadin\/wp-content\/uploads\/Ekran-Resmi-2025-03-25-21.17.45-1.png\" alt=\"\" width=\"966\" height=\"579\" title=\"\" srcset=\"https:\/\/www.tgrthaber.com\/mavikadin\/wp-content\/uploads\/Ekran-Resmi-2025-03-25-21.17.45-1.png 928w, https:\/\/www.tgrthaber.com\/mavikadin\/wp-content\/uploads\/Ekran-Resmi-2025-03-25-21.17.45-1-300x180.png 300w, https:\/\/www.tgrthaber.com\/mavikadin\/wp-content\/uploads\/Ekran-Resmi-2025-03-25-21.17.45-1-768x460.png 768w\" sizes=\"(max-width: 966px) 100vw, 966px\" \/><\/p>\n<hr \/>\n<h3>KORAY KARAKTER\u0130 D\u0130Z\u0130DE DENGELER\u0130 DE\u011e\u0130\u015eT\u0130REB\u0130L\u0130R<\/h3>\n<p>\u0130nci Taneleri\u2019nde hik\u00e2yenin \u00f6nemli d\u00f6n\u00fcm noktalar\u0131ndan birine e\u015flik edecek olan Koray karakteri, Piraye\u2019nin ge\u00e7mi\u015fiyle y\u00fczle\u015fmesini de beraberinde getirecek. Kamil G\u00fcler\u2019in performans\u0131 ise \u015fimdiden merak ediliyor.<\/p>\n<p><img loading=\"lazy\" decoding=\"async\" class=\"alignnone wp-image-152442 \" src=\"https:\/\/www.tgrthaber.com\/mavikadin\/wp-content\/uploads\/Ekran-Resmi-2025-03-25-21.17.51.png\" alt=\"\" width=\"970\" height=\"541\" title=\"\" srcset=\"https:\/\/www.tgrthaber.com\/mavikadin\/wp-content\/uploads\/Ekran-Resmi-2025-03-25-21.17.51.png 954w, https:\/\/www.tgrthaber.com\/mavikadin\/wp-content\/uploads\/Ekran-Resmi-2025-03-25-21.17.51-300x167.png 300w, https:\/\/www.tgrthaber.com\/mavikadin\/wp-content\/uploads\/Ekran-Resmi-2025-03-25-21.17.51-768x428.png 768w\" sizes=\"(max-width: 970px) 100vw, 970px\" \/><\/p>\n<hr \/>\n<h3>D\u0130Z\u0130 45. B\u00d6L\u00dcMDE F\u0130NAL YAPACAK<\/h3>\n<p>Y\u00f6netmenli\u011fini \u015eenol S\u00f6nmez\u2019in \u00fcstlendi\u011fi dizi i\u00e7in final tarihi de netle\u015fmeye ba\u015flad\u0131. Gelen bilgilere g\u00f6re, herhangi bir de\u011fi\u015fiklik olmazsa \u0130nci Taneleri 45. b\u00f6l\u00fcmde ekranlara veda edecek. Dizinin final b\u00f6l\u00fcm\u00fc \u015fimdiden izleyiciler aras\u0131nda konu\u015fulmaya ba\u015fland\u0131.<\/p>\n<p><img loading=\"lazy\" decoding=\"async\" class=\"alignnone wp-image-152445 \" src=\"https:\/\/www.tgrthaber.com\/mavikadin\/wp-content\/uploads\/Ekran-Resmi-2025-03-25-21.18.06.png\" alt=\"\" width=\"967\" height=\"1423\" title=\"\" srcset=\"https:\/\/www.tgrthaber.com\/mavikadin\/wp-content\/uploads\/Ekran-Resmi-2025-03-25-21.18.06.png 678w, https:\/\/www.tgrthaber.com\/mavikadin\/wp-content\/uploads\/Ekran-Resmi-2025-03-25-21.18.06-204x300.png 204w\" sizes=\"(max-width: 967px) 100vw, 967px\" \/><\/p>\n<hr \/>\n<h3>KAM\u0130L G\u00dcLER K\u0130MD\u0130R?<\/h3>\n<p class=\"p1\">Ba\u015far\u0131l\u0131 oyuncu K\u00e2mil G\u00fcler, 12 Ekim 1972\u2019de Adana\u2019da do\u011fmu\u015ftur. Sahne sanatlar\u0131yla erken ya\u015fta tan\u0131\u015fan G\u00fcler, hem tiyatroda hem de sinema ve dizi projelerinde kendine sa\u011flam bir yer edinmi\u015ftir. Kariyeri boyunca pek \u00e7ok projede yer alan sanat\u00e7\u0131, ayn\u0131 zamanda \u0130stanbul Kraliyet Tiyatrosu\u2019nun kurucular\u0131 aras\u0131nda yer almaktad\u0131r.<\/p>\n<p><img loading=\"lazy\" decoding=\"async\" class=\"alignnone wp-image-152446 \" src=\"https:\/\/www.tgrthaber.com\/mavikadin\/wp-content\/uploads\/Ekran-Resmi-2025-03-25-21.18.44.png\" alt=\"\" width=\"976\" height=\"553\" title=\"\" srcset=\"https:\/\/www.tgrthaber.com\/mavikadin\/wp-content\/uploads\/Ekran-Resmi-2025-03-25-21.18.44.png 868w, https:\/\/www.tgrthaber.com\/mavikadin\/wp-content\/uploads\/Ekran-Resmi-2025-03-25-21.18.44-300x170.png 300w, https:\/\/www.tgrthaber.com\/mavikadin\/wp-content\/uploads\/Ekran-Resmi-2025-03-25-21.18.44-768x435.png 768w\" sizes=\"(max-width: 976px) 100vw, 976px\" \/><\/p>\n<hr \/>\n<p class=\"p1\">Tiyatronun ilk d\u00f6nemlerinde oyuncu kadrosunda sahne alan G\u00fcler, ilerleyen s\u00fcre\u00e7te yap\u0131n\u0131n y\u00f6netimsel i\u015fleyi\u015fini de \u00fcstlenmi\u015f, bir d\u00f6nem tiyatronun CEO\u2019lu\u011funu y\u00fcr\u00fctm\u00fc\u015ft\u00fcr. Bu g\u00f6rev s\u0131ras\u0131nda, oyuncu ve yazarlar\u0131n yaln\u0131zca kendi sanatsal \u00fcretimlerine odaklanabilmesi i\u00e7in \u00f6nemli d\u00fczenlemeler yapm\u0131\u015ft\u0131r. Daha sonra ise \u0130stanbul Kraliyet Tiyatrosu\u2019ndaki g\u00f6revinden ayr\u0131larak farkl\u0131 projelere y\u00f6nelmi\u015ftir. G\u00fcler, disiplinli \u00e7al\u0131\u015fmalar\u0131 ve \u00e7ok y\u00f6nl\u00fc tiyatro ge\u00e7mi\u015fiyle tan\u0131nmaya devam etmektedir.<\/p>\n","protected":false},"excerpt":{"rendered":"<p>Son d\u00f6nemin \u00e7ok konu\u015fulan dizilerinden \u0130nci Taneleri, kadrosuna kat\u0131lan s\u00fcrpriz isimlerle dikkat \u00e7ekmeye devam ediyor. Kanal D ekranlar\u0131nda per\u015fembe ak\u015famlar\u0131 yay\u0131nlanan diziye, ba\u015far\u0131l\u0131 oyuncu Kamil G\u00fcler dahil oluyor.<\/p>\n","protected":false},"author":16,"featured_media":152454,"comment_status":"closed","ping_status":"closed","sticky":false,"template":"","format":"standard","meta":{"rank_math_lock_modified_date":false,"footnotes":""},"categories":[602],"tags":[15505,15506],"class_list":["post-152436","post","type-post","status-publish","format-standard","has-post-thumbnail","hentry","category-diziler","tag-inci-taneleri-kamil-guler","tag-kamil-guler-inci-taneleri-kadrosunda"],"_links":{"self":[{"href":"https:\/\/www.tgrthaber.com\/mavikadin\/wp-json\/wp\/v2\/posts\/152436"}],"collection":[{"href":"https:\/\/www.tgrthaber.com\/mavikadin\/wp-json\/wp\/v2\/posts"}],"about":[{"href":"https:\/\/www.tgrthaber.com\/mavikadin\/wp-json\/wp\/v2\/types\/post"}],"author":[{"embeddable":true,"href":"https:\/\/www.tgrthaber.com\/mavikadin\/wp-json\/wp\/v2\/users\/16"}],"replies":[{"embeddable":true,"href":"https:\/\/www.tgrthaber.com\/mavikadin\/wp-json\/wp\/v2\/comments?post=152436"}],"version-history":[{"count":1,"href":"https:\/\/www.tgrthaber.com\/mavikadin\/wp-json\/wp\/v2\/posts\/152436\/revisions"}],"predecessor-version":[{"id":152458,"href":"https:\/\/www.tgrthaber.com\/mavikadin\/wp-json\/wp\/v2\/posts\/152436\/revisions\/152458"}],"wp:featuredmedia":[{"embeddable":true,"href":"https:\/\/www.tgrthaber.com\/mavikadin\/wp-json\/wp\/v2\/media\/152454"}],"wp:attachment":[{"href":"https:\/\/www.tgrthaber.com\/mavikadin\/wp-json\/wp\/v2\/media?parent=152436"}],"wp:term":[{"taxonomy":"category","embeddable":true,"href":"https:\/\/www.tgrthaber.com\/mavikadin\/wp-json\/wp\/v2\/categories?post=152436"},{"taxonomy":"post_tag","embeddable":true,"href":"https:\/\/www.tgrthaber.com\/mavikadin\/wp-json\/wp\/v2\/tags?post=152436"}],"curies":[{"name":"wp","href":"https:\/\/api.w.org\/{rel}","templated":true}]}}