{"id":152468,"date":"2025-03-25T22:04:22","date_gmt":"2025-03-25T19:04:22","guid":{"rendered":"https:\/\/www.tgrthaber.com\/mavikadin\/?p=152468"},"modified":"2025-09-18T15:06:26","modified_gmt":"2025-09-18T12:06:26","slug":"kral-kaybedersenin-gozdesi-cemre-gumeli-kimdir-cemre-gumeli-kac-yasinda-evli-mi","status":"publish","type":"post","link":"https:\/\/www.tgrthaber.com\/mavikadin\/kral-kaybedersenin-gozdesi-cemre-gumeli-kimdir-cemre-gumeli-kac-yasinda-evli-mi\/","title":{"rendered":"Kral Kaybederse\u2019nin G\u00f6zde\u2019si Cemre G\u00fcmeli kimdir? Cemre G\u00fcmeli ka\u00e7 ya\u015f\u0131nda, evli mi?"},"content":{"rendered":"<p>Kral Kaybederse dizisi her hafta yeni b\u00f6l\u00fcmleriyle Star TV\u2019de yay\u0131nlan\u0131yor. Halit Ergen\u00e7, Merve Dizdar, Asl\u0131han G\u00fcrb\u00fcz, Nilperi \u015eahinkaya gibi isimlerin kadrosunda yer ald\u0131\u011f\u0131 dizi sal\u0131 ak\u015famlar\u0131n\u0131n en \u00e7ok izlenen dizileri aras\u0131nda yer al\u0131yor. Bu hafta yay\u0131nlanan yeni b\u00f6l\u00fcmde Cemre G\u00fcmeli\u2019nin performans\u0131 dikkat \u00e7ekti. Bu nedenle Kral Kaybederse\u2019nin G\u00f6zde\u2019si Cemre G\u00fcmeli kimdir? Cemre G\u00fcmeli ka\u00e7 ya\u015f\u0131nda, evli mi? sorular\u0131 g\u00fcndeme geldi.<\/p>\n<h3>KRAL KAYBEDERSE\u2019N\u0130N G\u00d6ZDE\u2019S\u0130 K\u0130MD\u0130R?<\/h3>\n<p>Kral Kaybederse dizisinde G\u00f6zde manken karakteri ile diziye dahil oldu. Ayr\u0131ca Halit Ergen\u00e7\u2019in oynad\u0131\u011f\u0131 Kenan karakterinin ise yak\u0131n markaj\u0131nda yer al\u0131yor. \u00d6te yandan bu ak\u015fam yay\u0131nlanan b\u00f6l\u00fcmde Nilperi \u015eahinkaya\u2019n\u0131n oynad\u0131\u011f\u0131 \u00d6zlem karakterine kafay\u0131 tak\u0131yor.<\/p>\n<p><img loading=\"lazy\" decoding=\"async\" class=\"alignnone wp-image-152471\" src=\"https:\/\/www.tgrthaber.com\/mavikadin\/wp-content\/uploads\/cemre-gumeli-2-300x169.jpg\" alt=\"\" width=\"1280\" height=\"720\" title=\"\" srcset=\"https:\/\/www.tgrthaber.com\/mavikadin\/wp-content\/uploads\/cemre-gumeli-2-300x169.jpg 300w, https:\/\/www.tgrthaber.com\/mavikadin\/wp-content\/uploads\/cemre-gumeli-2-1024x576.jpg 1024w, https:\/\/www.tgrthaber.com\/mavikadin\/wp-content\/uploads\/cemre-gumeli-2-768x432.jpg 768w, https:\/\/www.tgrthaber.com\/mavikadin\/wp-content\/uploads\/cemre-gumeli-2-1536x864.jpg 1536w, https:\/\/www.tgrthaber.com\/mavikadin\/wp-content\/uploads\/cemre-gumeli-2.jpg 1920w\" sizes=\"(max-width: 1280px) 100vw, 1280px\" \/><\/p>\n<hr \/>\n<h3>CEMRE G\u00dcMEL\u0130 K\u0130MD\u0130R?<\/h3>\n<p>\u00dcnl\u00fc oyuncu Cemre G\u00fcmeli, 24 Eyl\u00fcl 1993 y\u0131l\u0131nda \u0130stanbul&#8217;da d\u00fcnyaya geldi. \u015ei\u015fli Terakki Vakf\u0131 Okullar\u0131\u2019nda ilkokul ve lise e\u011fitimi ald\u0131. Daha sonra \u00fcniversitede ise \u0130stanbul Bilgi \u00dcniversitesi\u2019nde Sanat Y\u00f6netimi ile Medya ve \u0130leti\u015fim Sistemleri b\u00f6l\u00fcmlerini beraber okudu ve \u00e7ift ana dal yapt\u0131. Oyunculu\u011fa olan ilgisi lise y\u0131llar\u0131ndan itibaren ba\u015flad\u0131. Tiyatrolarda ve \u00e7e\u015fitli k\u0131sa filmlerde rol alan Cemre G\u00fcmeli,\u00a0 M\u00fczikal Tiyatro ve Clown e\u011fitimleri alm\u0131\u015ft\u0131r.<\/p>\n<p><img loading=\"lazy\" decoding=\"async\" class=\"alignnone wp-image-152472\" src=\"https:\/\/www.tgrthaber.com\/mavikadin\/wp-content\/uploads\/cemre-gumelii-300x168.webp\" alt=\"\" width=\"1280\" height=\"719\" title=\"\" srcset=\"https:\/\/www.tgrthaber.com\/mavikadin\/wp-content\/uploads\/cemre-gumelii-300x168.webp 300w, https:\/\/www.tgrthaber.com\/mavikadin\/wp-content\/uploads\/cemre-gumelii-1024x575.webp 1024w, https:\/\/www.tgrthaber.com\/mavikadin\/wp-content\/uploads\/cemre-gumelii-768x431.webp 768w, https:\/\/www.tgrthaber.com\/mavikadin\/wp-content\/uploads\/cemre-gumelii.webp 1202w\" sizes=\"(max-width: 1280px) 100vw, 1280px\" \/><\/p>\n<hr \/>\n<p>2014 y\u0131l\u0131nda ABD New\u00a0 York&#8217;a giden oyuncu burada Meisner Tekni\u011fi \u00fczerine e\u011fitim alm\u0131\u015ft\u0131r. Cemre G\u00fcmeli, T\u00fcrkiye&#8217;ye d\u00f6n\u00fc\u015f yapmas\u0131n\u0131n ard\u0131ndan Tatl\u0131 \u0130ntikam, Servet ve Elimi B\u0131rakma dizilerinde rol ald\u0131. Kumbarac\u0131 50 ekibine dahil oldu ve Shakespeare\u2019in 3. Richard oyununda Lady Anne karakteriyle kar\u015f\u0131m\u0131za \u00e7\u0131kt\u0131.<\/p>\n<p>Royal Academy of Dance sertifikal\u0131 bale e\u011fitimine sahip olan G\u00fcmeli, Almanca ve \u0130ngilizce konu\u015fmaktad\u0131r.<\/p>\n<p><img loading=\"lazy\" decoding=\"async\" class=\"alignnone wp-image-152469\" src=\"https:\/\/www.tgrthaber.com\/mavikadin\/wp-content\/uploads\/cemre-gumeli-3-300x169.webp\" alt=\"\" width=\"1280\" height=\"720\" title=\"\" srcset=\"https:\/\/www.tgrthaber.com\/mavikadin\/wp-content\/uploads\/cemre-gumeli-3-300x169.webp 300w, https:\/\/www.tgrthaber.com\/mavikadin\/wp-content\/uploads\/cemre-gumeli-3-1024x576.webp 1024w, https:\/\/www.tgrthaber.com\/mavikadin\/wp-content\/uploads\/cemre-gumeli-3-768x432.webp 768w, https:\/\/www.tgrthaber.com\/mavikadin\/wp-content\/uploads\/cemre-gumeli-3.webp 1280w\" sizes=\"(max-width: 1280px) 100vw, 1280px\" \/><\/p>\n<hr \/>\n<h3>CEMRE G\u00dcMEL\u0130 D\u0130Z\u0130LER\u0130<\/h3>\n<p>2016 Tatl\u0131 \u0130ntikam &#8211; Simay<\/p>\n<p>2018 Servet &#8211; Hande Fettah<\/p>\n<p>2018-2019 Elimi B\u0131rakma &#8211; Cansu Kara<\/p>\n<p>2020 Bay Yanl\u0131\u015f &#8211; Deniz Koparan<\/p>\n<p>2021-2022 Barbaros: Akdeniz&#8217;in K\u0131l\u0131c\u0131 &#8211; Meryem<\/p>\n<p>2023 Y\u00fczy\u0131ll\u0131k Mucize<\/p>\n<p>&nbsp;<\/p>\n","protected":false},"excerpt":{"rendered":"<p>Star TV&#8217;nin fenomen dizileri aras\u0131nda yer alan Kral Kaybederse, sal\u0131 ak\u015famlar\u0131 ekrana geliyor. G\u00fc\u00e7l\u00fc kadrosu ve konusu ile izleyicileri televizyon ba\u015f\u0131na kilitliyor. Kral Kaybederse dizisinde bu ak\u015fam dikkat \u00e7eken isimlerden biri ise Cemre G\u00fcmeli oldu. G\u00fcmeli diziye G\u00f6zde karakteri ile dahil oldu. Peki, Kral Kaybederse\u2019nin G\u00f6zde\u2019si Cemre G\u00fcmeli kimdir? Cemre G\u00fcmeli ka\u00e7 ya\u015f\u0131nda, evli mi?<\/p>\n","protected":false},"author":33,"featured_media":152470,"comment_status":"closed","ping_status":"closed","sticky":false,"template":"","format":"standard","meta":{"rank_math_lock_modified_date":false,"footnotes":""},"categories":[602],"tags":[15511,15510,9303],"class_list":["post-152468","post","type-post","status-publish","format-standard","has-post-thumbnail","hentry","category-diziler","tag-cemre-gumeli-evli-mi","tag-cemre-gumeli-kac-yasinda","tag-kral-kaybederse-gozde"],"_links":{"self":[{"href":"https:\/\/www.tgrthaber.com\/mavikadin\/wp-json\/wp\/v2\/posts\/152468"}],"collection":[{"href":"https:\/\/www.tgrthaber.com\/mavikadin\/wp-json\/wp\/v2\/posts"}],"about":[{"href":"https:\/\/www.tgrthaber.com\/mavikadin\/wp-json\/wp\/v2\/types\/post"}],"author":[{"embeddable":true,"href":"https:\/\/www.tgrthaber.com\/mavikadin\/wp-json\/wp\/v2\/users\/33"}],"replies":[{"embeddable":true,"href":"https:\/\/www.tgrthaber.com\/mavikadin\/wp-json\/wp\/v2\/comments?post=152468"}],"version-history":[{"count":1,"href":"https:\/\/www.tgrthaber.com\/mavikadin\/wp-json\/wp\/v2\/posts\/152468\/revisions"}],"predecessor-version":[{"id":152473,"href":"https:\/\/www.tgrthaber.com\/mavikadin\/wp-json\/wp\/v2\/posts\/152468\/revisions\/152473"}],"wp:featuredmedia":[{"embeddable":true,"href":"https:\/\/www.tgrthaber.com\/mavikadin\/wp-json\/wp\/v2\/media\/152470"}],"wp:attachment":[{"href":"https:\/\/www.tgrthaber.com\/mavikadin\/wp-json\/wp\/v2\/media?parent=152468"}],"wp:term":[{"taxonomy":"category","embeddable":true,"href":"https:\/\/www.tgrthaber.com\/mavikadin\/wp-json\/wp\/v2\/categories?post=152468"},{"taxonomy":"post_tag","embeddable":true,"href":"https:\/\/www.tgrthaber.com\/mavikadin\/wp-json\/wp\/v2\/tags?post=152468"}],"curies":[{"name":"wp","href":"https:\/\/api.w.org\/{rel}","templated":true}]}}