{"id":152678,"date":"2025-03-26T10:12:20","date_gmt":"2025-03-26T07:12:20","guid":{"rendered":"https:\/\/www.tgrthaber.com\/mavikadin\/?p=152678"},"modified":"2025-09-18T15:21:13","modified_gmt":"2025-09-18T12:21:13","slug":"ayca-tekindor-kimdir-kac-yasinda-ayca-tekindora-ne-oldu","status":"publish","type":"post","link":"https:\/\/www.tgrthaber.com\/mavikadin\/ayca-tekindor-kimdir-kac-yasinda-ayca-tekindora-ne-oldu\/","title":{"rendered":"Ay\u00e7a Tekindor kimdir ka\u00e7 ya\u015f\u0131nda? Ay\u00e7a Tekindor&#8217;a ne oldu?"},"content":{"rendered":"<p>Ay\u00e7a Tekindor kimdir ka\u00e7 ya\u015f\u0131nda? ara\u015ft\u0131r\u0131l\u0131yor. Y\u0131llar \u00f6nce kariyerinin zirvesindeyken Bodrum&#8217;a yerle\u015fme karar\u0131 alarak herkesi \u015fa\u015f\u0131rtan \u00fcnl\u00fc isim yeniden ortaya \u00e7\u0131kt\u0131.<\/p>\n<h3>AY\u00c7A TEK\u0130NDOR K\u0130MD\u0130R KA\u00c7 YA\u015eINDA?<\/h3>\n<p>Ay\u00e7a Tekindor magazin g\u00fcndemince s\u0131k s\u0131k yer buluyor. Sosyal medya a\u00e7\u0131klamalar\u0131yla da dikkat \u00e7eken Tekindor&#8217;un hayat\u0131 merak konusu oldu.<\/p>\n<p>23 Haziran 1972&#8217;de d\u00fcnyaya gelen Ay\u00e7a Tekindor Zaga&#8217;da yer ald\u0131\u011f\u0131 ske\u00e7lerle ad\u0131n\u0131 duyurmu\u015ftu. Ay\u00e7a, Elli Kokkinou&#8217;nun &#8220;Masai&#8221; \u015fark\u0131s\u0131n\u0131n T\u00fcrk\u00e7e versiyonu &#8220;Y\u0131k\u0131l\u0131yo&#8221; ile ad\u0131n\u0131 geni\u015f kitlelere duyurdu.<\/p>\n<p><img loading=\"lazy\" decoding=\"async\" class=\"alignnone size-full wp-image-152679\" src=\"https:\/\/www.tgrthaber.com\/mavikadin\/wp-content\/uploads\/Ayca-Tekindor-1.png\" alt=\"\" width=\"1208\" height=\"680\" title=\"\" srcset=\"https:\/\/www.tgrthaber.com\/mavikadin\/wp-content\/uploads\/Ayca-Tekindor-1.png 1208w, https:\/\/www.tgrthaber.com\/mavikadin\/wp-content\/uploads\/Ayca-Tekindor-1-300x169.png 300w, https:\/\/www.tgrthaber.com\/mavikadin\/wp-content\/uploads\/Ayca-Tekindor-1-1024x576.png 1024w, https:\/\/www.tgrthaber.com\/mavikadin\/wp-content\/uploads\/Ayca-Tekindor-1-768x432.png 768w\" sizes=\"(max-width: 1208px) 100vw, 1208px\" \/><\/p>\n<hr \/>\n<p>\u015eark\u0131lar\u0131nda, ske\u00e7lerinde ve yer ald\u0131\u011f\u0131 reklam filmlerinde &#8220;Y\u0131k\u0131l\u0131yo&#8221;, &#8220;\u015ei\u015ft! B\u0131y\u0131kl\u0131&#8221; ve &#8220;Degajeme do\u011fru&#8221; gibi s\u00f6zler kendisiyle \u00f6zde\u015fle\u015fmi\u015ftir.<\/p>\n<p>\u00c7etin Tekindor&#8217;un ye\u011feni olan Ay\u00e7a Tekindor 2010 y\u0131l\u0131nda s\u00f6z ve m\u00fczi\u011fi G\u00f6khan Akar&#8217;a ait olan &#8220;Yerse&#8221; isimli single&#8217;\u0131 \u00e7\u0131kard\u0131.<\/p>\n<p>2011&#8217;de &#8220;Zor&#8221; isimli \u015fark\u0131y\u0131 sundu. Ancak StarEvi Music&#8217;in s\u00f6zle\u015fmeyi feshetmesinden dolay\u0131 bu \u015fark\u0131s\u0131 pek ses getirmedi.<\/p>\n<p><img loading=\"lazy\" decoding=\"async\" class=\"alignnone size-full wp-image-152680\" src=\"https:\/\/www.tgrthaber.com\/mavikadin\/wp-content\/uploads\/Ayca-Tekindor-3.png\" alt=\"\" width=\"1208\" height=\"680\" title=\"\" srcset=\"https:\/\/www.tgrthaber.com\/mavikadin\/wp-content\/uploads\/Ayca-Tekindor-3.png 1208w, https:\/\/www.tgrthaber.com\/mavikadin\/wp-content\/uploads\/Ayca-Tekindor-3-300x169.png 300w, https:\/\/www.tgrthaber.com\/mavikadin\/wp-content\/uploads\/Ayca-Tekindor-3-1024x576.png 1024w, https:\/\/www.tgrthaber.com\/mavikadin\/wp-content\/uploads\/Ayca-Tekindor-3-768x432.png 768w\" sizes=\"(max-width: 1208px) 100vw, 1208px\" \/><\/p>\n<hr \/>\n<p>2012 y\u0131l\u0131nda yeni alb\u00fcm \u00e7al\u0131\u015fmalar\u0131na ba\u015flayan Ay\u00e7a tan\u0131t\u0131m olarak &#8220;Y\u0131k\u0131l\u0131yo&#8221; \u015fark\u0131s\u0131n\u0131n yeni versiyonunu payla\u015ft\u0131. Ancak bu \u015fark\u0131s\u0131 \u00e7ok fazla ba\u015far\u0131 yakalayamad\u0131.<\/p>\n<p>Alb\u00fcm\u00fcn tan\u0131t\u0131m\u0131n\u0131 ger\u00e7ekle\u015ftirdikten sonra birbirinden farkl\u0131 hit olacak \u015fark\u0131lar oldu\u011funu s\u00f6ylese de annesinin vefat\u0131ndan sonda m\u00fczik yapmay\u0131 b\u0131rakt\u0131. Evlendi ve Bodrum&#8217;a yerle\u015fti.<\/p>\n<h3>AY\u00c7A TEK\u0130NDOR&#8217;A NE OLDU?<\/h3>\n<p>Ay\u00e7a Tekindor bir d\u00f6neme &#8220;Y\u0131k\u0131l\u0131yo&#8221; adl\u0131 \u015fark\u0131s\u0131yla damga vurmu\u015ftu. Bodrum&#8217;a yerle\u015fen \u00fcnl\u00fc isim y\u0131llar sonra ortaya \u00e7\u0131kt\u0131. M\u00fczi\u011fi neden b\u0131rakt\u0131\u011f\u0131n\u0131 a\u00e7\u0131klad\u0131.<\/p>\n<p><img loading=\"lazy\" decoding=\"async\" class=\"alignnone size-full wp-image-152681\" src=\"https:\/\/www.tgrthaber.com\/mavikadin\/wp-content\/uploads\/Ayca-Tekindor-4.png\" alt=\"\" width=\"1208\" height=\"680\" title=\"\" srcset=\"https:\/\/www.tgrthaber.com\/mavikadin\/wp-content\/uploads\/Ayca-Tekindor-4.png 1208w, https:\/\/www.tgrthaber.com\/mavikadin\/wp-content\/uploads\/Ayca-Tekindor-4-300x169.png 300w, https:\/\/www.tgrthaber.com\/mavikadin\/wp-content\/uploads\/Ayca-Tekindor-4-1024x576.png 1024w, https:\/\/www.tgrthaber.com\/mavikadin\/wp-content\/uploads\/Ayca-Tekindor-4-768x432.png 768w\" sizes=\"(max-width: 1208px) 100vw, 1208px\" \/><\/p>\n<hr \/>\n<p>G\u00f6zlerden uzak bir ya\u015fan s\u00fcren \u00fcnl\u00fc isim, seneler sonra \u0130stanbul&#8217;da g\u00f6r\u00fcnt\u00fclendi. Muhabirlerle sohbet eden Tekindor, m\u00fczi\u011fi neden b\u0131rakt\u0131\u011f\u0131n\u0131 anlatt\u0131.<\/p>\n<p>Bodrum&#8217;dan bahseden Ay\u00e7a Tekindor, &#8220;K\u0131\u015f\u0131n biraz s\u0131k\u0131ld\u0131k. Pandemi g\u00fczel ge\u00e7ti. Bodrum g\u00fczel ama biraz hayata kar\u0131\u015fmak ve gen\u00e7 g\u00f6rmek&#8230; K\u0131\u015f\u0131n emekli yeri&#8230; \u015eehirde hayat var. Y\u0131llar sonra d\u00f6nd\u00fck. \u015eimdi hava \u0131s\u0131n\u0131yor kurtlanmaya ba\u015flad\u0131m gitmek i\u00e7in&#8221; ifadelerini kulland\u0131.<\/p>\n<p><img loading=\"lazy\" decoding=\"async\" class=\"alignnone size-full wp-image-152682\" src=\"https:\/\/www.tgrthaber.com\/mavikadin\/wp-content\/uploads\/Ayca-Tekindor-2.png\" alt=\"\" width=\"1208\" height=\"680\" title=\"\" srcset=\"https:\/\/www.tgrthaber.com\/mavikadin\/wp-content\/uploads\/Ayca-Tekindor-2.png 1208w, https:\/\/www.tgrthaber.com\/mavikadin\/wp-content\/uploads\/Ayca-Tekindor-2-300x169.png 300w, https:\/\/www.tgrthaber.com\/mavikadin\/wp-content\/uploads\/Ayca-Tekindor-2-1024x576.png 1024w, https:\/\/www.tgrthaber.com\/mavikadin\/wp-content\/uploads\/Ayca-Tekindor-2-768x432.png 768w\" sizes=\"(max-width: 1208px) 100vw, 1208px\" \/><\/p>\n<hr \/>\n<h3>&#8220;SAHNEYE \u00c7IKANLARI G\u00d6R\u00dcNCE STRES OLUYORUM&#8221;<\/h3>\n<p>Ay\u00e7a Tekindor, &#8220;Asl\u0131nda \u0130stanbul&#8217;da ya\u015farken de mesle\u011fi b\u0131rakm\u0131\u015ft\u0131m. Bodrum&#8217;da evim var. Oray\u0131 \u00e7ok seviyorum. Orada sekiz yaz ve k\u0131\u015f\u0131m ge\u00e7ti. Sahneleri b\u0131rakma sebebim stresten s\u0131k\u0131ld\u0131m. \u015eimdi sahneye \u00e7\u0131kanlar\u0131 g\u00f6r\u00fcnce stres oluyorum. Zor i\u015f. \u015eimdi stresim yok. Zaten bu d\u00f6nem eski tad\u0131 da kalmad\u0131&#8221; cevab\u0131n\u0131 verdi.<\/p>\n","protected":false},"excerpt":{"rendered":"<p>Ay\u00e7a Tekindor kimdir ka\u00e7 ya\u015f\u0131nda? merak konusu oldu. Y\u0131llar \u00f6nce kariyerinin zirvesindeyken bir anda Bodrum&#8217;a yerle\u015fme karar\u0131 alan \u00fcnl\u00fc \u015fark\u0131c\u0131 y\u0131llar sonra ortaya \u00e7\u0131kt\u0131.<\/p>\n","protected":false},"author":5,"featured_media":152688,"comment_status":"closed","ping_status":"closed","sticky":false,"template":"","format":"standard","meta":{"rank_math_lock_modified_date":false,"footnotes":""},"categories":[76],"tags":[15577],"class_list":["post-152678","post","type-post","status-publish","format-standard","has-post-thumbnail","hentry","category-magazin","tag-ayca-tekindor"],"_links":{"self":[{"href":"https:\/\/www.tgrthaber.com\/mavikadin\/wp-json\/wp\/v2\/posts\/152678"}],"collection":[{"href":"https:\/\/www.tgrthaber.com\/mavikadin\/wp-json\/wp\/v2\/posts"}],"about":[{"href":"https:\/\/www.tgrthaber.com\/mavikadin\/wp-json\/wp\/v2\/types\/post"}],"author":[{"embeddable":true,"href":"https:\/\/www.tgrthaber.com\/mavikadin\/wp-json\/wp\/v2\/users\/5"}],"replies":[{"embeddable":true,"href":"https:\/\/www.tgrthaber.com\/mavikadin\/wp-json\/wp\/v2\/comments?post=152678"}],"version-history":[{"count":1,"href":"https:\/\/www.tgrthaber.com\/mavikadin\/wp-json\/wp\/v2\/posts\/152678\/revisions"}],"predecessor-version":[{"id":152684,"href":"https:\/\/www.tgrthaber.com\/mavikadin\/wp-json\/wp\/v2\/posts\/152678\/revisions\/152684"}],"wp:featuredmedia":[{"embeddable":true,"href":"https:\/\/www.tgrthaber.com\/mavikadin\/wp-json\/wp\/v2\/media\/152688"}],"wp:attachment":[{"href":"https:\/\/www.tgrthaber.com\/mavikadin\/wp-json\/wp\/v2\/media?parent=152678"}],"wp:term":[{"taxonomy":"category","embeddable":true,"href":"https:\/\/www.tgrthaber.com\/mavikadin\/wp-json\/wp\/v2\/categories?post=152678"},{"taxonomy":"post_tag","embeddable":true,"href":"https:\/\/www.tgrthaber.com\/mavikadin\/wp-json\/wp\/v2\/tags?post=152678"}],"curies":[{"name":"wp","href":"https:\/\/api.w.org\/{rel}","templated":true}]}}