{"id":152878,"date":"2025-03-26T15:37:06","date_gmt":"2025-03-26T12:37:06","guid":{"rendered":"https:\/\/www.tgrthaber.com\/mavikadin\/?p=152878"},"modified":"2025-09-18T15:36:52","modified_gmt":"2025-09-18T12:36:52","slug":"sanovel-epilepsiyle-mucadelede-dikkatleri-mor-noktaya-cekiyor","status":"publish","type":"post","link":"https:\/\/www.tgrthaber.com\/mavikadin\/sanovel-epilepsiyle-mucadelede-dikkatleri-mor-noktaya-cekiyor\/","title":{"rendered":"Sanovel epilepsiyle m\u00fccadelede dikkatleri mor noktaya \u00e7ekiyor!"},"content":{"rendered":"<h3><strong>SANOVEL EP\u0130LEPS\u0130YLE M\u00dcCADELEDE D\u0130KKATLER\u0130 MOR NOKTAYA \u00c7EK\u0130YOR!<\/strong><\/h3>\n<p><strong>Toplum sa\u011fl\u0131\u011f\u0131 i\u00e7in fark\u0131ndal\u0131k \u00e7al\u0131\u015fmalar\u0131na imza atmay\u0131 s\u00fcrd\u00fcren T\u00fcrk ila\u00e7 sekt\u00f6r\u00fcn\u00fcn lider \u015firketlerinden Sanovel, bu kez Mor G\u00fcn i\u00e7in harekete ge\u00e7ti. T\u00fcm d\u00fcnyada kabul g\u00f6ren 26 Mart D\u00fcnya Epilepsi Fark\u0131ndal\u0131k G\u00fcn\u00fc \u00f6nemiyle anlaml\u0131 bir \u00e7al\u0131\u015fmay\u0131 hayata ge\u00e7iren Sanovel, Mor Nokta projesiyle 81 ilde epilepsi fark\u0131ndal\u0131\u011f\u0131na dikkat \u00e7ekmeyi hedefliyor.<\/strong><\/p>\n<p>Mor Nokta projesi ile epilepsi hastal\u0131\u011f\u0131na ve epilepsi hastalar\u0131n\u0131n, ya\u015fam\u0131n her alan\u0131nda kar\u015f\u0131la\u015ft\u0131klar\u0131 zorluklara dikkat \u00e7eken Sanovel, ses getirecek yeni projesi i\u00e7in start verdi. T\u00fcrkiye genelindeki sa\u011fl\u0131k profesyonelleriyle toplum aras\u0131nda destek zinciri olu\u015fturan Sanovel, Mor Nokta g\u00f6n\u00fcll\u00fcleriyle sokaktan sosyal medyaya, eczanelerden hastanelere kadar bir\u00e7ok alanda epilepsi fark\u0131ndal\u0131\u011f\u0131n\u0131 art\u0131rmak i\u00e7in hummal\u0131 bir \u00e7al\u0131\u015fma ger\u00e7ekle\u015ftiriyor.<\/p>\n<p><img loading=\"lazy\" decoding=\"async\" class=\"alignnone wp-image-152882\" src=\"https:\/\/www.tgrthaber.com\/mavikadin\/wp-content\/uploads\/epilepsiyle-mucadele-seferberligi-2-1024x576.jpg\" alt=\"epilepsiyle-m\u00fccadele-seferberli\u011fi\" width=\"1208\" height=\"680\" title=\"\" srcset=\"https:\/\/www.tgrthaber.com\/mavikadin\/wp-content\/uploads\/epilepsiyle-mucadele-seferberligi-2-1024x576.jpg 1024w, https:\/\/www.tgrthaber.com\/mavikadin\/wp-content\/uploads\/epilepsiyle-mucadele-seferberligi-2-300x169.jpg 300w, https:\/\/www.tgrthaber.com\/mavikadin\/wp-content\/uploads\/epilepsiyle-mucadele-seferberligi-2-768x432.jpg 768w, https:\/\/www.tgrthaber.com\/mavikadin\/wp-content\/uploads\/epilepsiyle-mucadele-seferberligi-2-1536x864.jpg 1536w, https:\/\/www.tgrthaber.com\/mavikadin\/wp-content\/uploads\/epilepsiyle-mucadele-seferberligi-2.jpg 1600w\" sizes=\"(max-width: 1208px) 100vw, 1208px\" \/><\/p>\n<hr \/>\n<h3><strong>EP\u0130LEPS\u0130YLE M\u00dcCADELE \u0130\u00c7\u0130N SEFERBERL\u0130K BA\u015eLATILDI!<\/strong><\/h3>\n<p>D\u00fcnya genelinde yakla\u015f\u0131k 50 milyon epilepsi hastas\u0131n\u0131n varl\u0131\u011f\u0131na i\u015faret eden ve fark\u0131ndal\u0131k alarm\u0131 veren Mor Nokta projesine T\u00fcrkiye\u2019nin d\u00f6rt bir yan\u0131ndan kat\u0131l\u0131m bekleniyor. Sa\u011fl\u0131k profesyonellerinin de katk\u0131lar\u0131yla \u015fimdiden ad\u0131n\u0131 duyuran g\u00f6n\u00fcll\u00fcl\u00fck \u00e7al\u0131\u015fmas\u0131, k\u0131sa zamanda geni\u015f bir kitleye ula\u015fmay\u0131 hedefliyor. Proje kapsam\u0131nda soka\u011f\u0131n nabz\u0131n\u0131 tutan Mor Nokta ekibi ise vatanda\u015fa uzatt\u0131\u011f\u0131 mor mikrofonla, fark\u0131ndal\u0131\u011f\u0131n ve epilepsi bilincinin yayg\u0131nla\u015fmas\u0131n\u0131n \u00f6nemini vurguluyor. \u201cEpilepsi ile m\u00fccadeleye bir noktadan ba\u015flamak gerek\u201d diyerek a\u00e7\u0131lan Mornokta.tr\u2019ye do\u011fudan bat\u0131ya farkl\u0131 \u015fehirlerden kat\u0131l\u0131mc\u0131lar\u0131n yo\u011fun ilgisi bekleniyor.<\/p>\n<p><img loading=\"lazy\" decoding=\"async\" class=\"alignnone wp-image-152892\" src=\"https:\/\/www.tgrthaber.com\/mavikadin\/wp-content\/uploads\/epilepsiyle-mucadele-seferberligi-5-1024x576.jpg\" alt=\"epilepsiyle-m\u00fccadele-seferberli\u011fi\" width=\"1208\" height=\"680\" title=\"\" srcset=\"https:\/\/www.tgrthaber.com\/mavikadin\/wp-content\/uploads\/epilepsiyle-mucadele-seferberligi-5-1024x576.jpg 1024w, https:\/\/www.tgrthaber.com\/mavikadin\/wp-content\/uploads\/epilepsiyle-mucadele-seferberligi-5-300x169.jpg 300w, https:\/\/www.tgrthaber.com\/mavikadin\/wp-content\/uploads\/epilepsiyle-mucadele-seferberligi-5-768x432.jpg 768w, https:\/\/www.tgrthaber.com\/mavikadin\/wp-content\/uploads\/epilepsiyle-mucadele-seferberligi-5-1536x864.jpg 1536w, https:\/\/www.tgrthaber.com\/mavikadin\/wp-content\/uploads\/epilepsiyle-mucadele-seferberligi-5.jpg 1600w\" sizes=\"(max-width: 1208px) 100vw, 1208px\" \/><\/p>\n<hr \/>\n<p>Epilepsiyle ilgili ciddi \u00f6nyarg\u0131lar\u0131n oldu\u011funa ve hastal\u0131\u011f\u0131n yeterince anla\u015f\u0131lmad\u0131\u011f\u0131na dikkat \u00e7eken Sa\u011fl\u0131k Bilimleri \u00dcniversitesi G\u00fclhane E\u011fitim ve Ara\u015ft\u0131rma Hastanesi N\u00f6roloji Anabilim Dal\u0131 Ba\u015fkan\u0131 Prof. Dr. \u00d6mer Karada\u015f, \u201cEpilepsi, d\u00fcnya n\u00fcfusunun yakla\u015f\u0131k %1&#8217;ini etkilemektedir. \u00dclkemizde ise yakla\u015f\u0131k 800-850 bin epilepsi hastas\u0131 oldu\u011fu tahmin ediliyor. Hastal\u0131k, erkek ve kad\u0131nlarda e\u015fit s\u0131kl\u0131kta g\u00f6r\u00fcl\u00fcyor. Epilepsi n\u00f6betleri herhangi bir ya\u015fta ortaya \u00e7\u0131kabilmekle birlikte, \u00e7ocukluk ve ya\u015fl\u0131l\u0131k d\u00f6neminde daha s\u0131k g\u00f6r\u00fcl\u00fcyor. Epilepsinin, hastalar\u0131n ya\u015fam\u0131nda neden oldu\u011fu olumsuzluklar g\u00f6z ard\u0131 edilemez. Hastalar, g\u00fcn\u00fcm\u00fczde hala n\u00f6betlerin yol a\u00e7t\u0131\u011f\u0131 risklerin yan\u0131 s\u0131ra toplumsal \u00f6nyarg\u0131larla ve damgalanma ile kar\u015f\u0131 kar\u015f\u0131ya kalabiliyor. Bu sebeple hastal\u0131\u011f\u0131n do\u011fru y\u00f6netimi kadar epilepsiye y\u00f6nelik toplumsal bilin\u00e7lendirme \u00e7al\u0131\u015fmalar\u0131 da hastalar\u0131n ya\u015fam kalitesini art\u0131rmada \u00f6nemli bir rol oynuyor\u201d dedi.<\/p>\n<h3><strong>DO\u011eRU M\u00dcDAHALE HAYAT KURTARIR!<\/strong><\/h3>\n<p>Epilepsi tan\u0131s\u0131 ve tedavisine ba\u015flama konusunda, hasta ve yak\u0131nlar\u0131n\u0131n ciddi bir direncinin s\u00f6z konusu oldu\u011funun alt\u0131n\u0131 \u00e7izen Prof. Dr. \u00d6mer Karada\u015f s\u00f6zlerini \u015f\u00f6yle s\u00fcrd\u00fcrd\u00fc:<\/p>\n<p><img loading=\"lazy\" decoding=\"async\" class=\"alignnone wp-image-152893\" src=\"https:\/\/www.tgrthaber.com\/mavikadin\/wp-content\/uploads\/epilepsiyle-mucadele-seferberligi-1-1024x576.jpg\" alt=\"epilepsiyle-m\u00fccadele-seferberli\u011fi\" width=\"1208\" height=\"680\" title=\"\" srcset=\"https:\/\/www.tgrthaber.com\/mavikadin\/wp-content\/uploads\/epilepsiyle-mucadele-seferberligi-1-1024x576.jpg 1024w, https:\/\/www.tgrthaber.com\/mavikadin\/wp-content\/uploads\/epilepsiyle-mucadele-seferberligi-1-300x169.jpg 300w, https:\/\/www.tgrthaber.com\/mavikadin\/wp-content\/uploads\/epilepsiyle-mucadele-seferberligi-1-768x432.jpg 768w, https:\/\/www.tgrthaber.com\/mavikadin\/wp-content\/uploads\/epilepsiyle-mucadele-seferberligi-1-1536x864.jpg 1536w, https:\/\/www.tgrthaber.com\/mavikadin\/wp-content\/uploads\/epilepsiyle-mucadele-seferberligi-1.jpg 1600w\" sizes=\"(max-width: 1208px) 100vw, 1208px\" \/><\/p>\n<hr \/>\n<p>\u201cHastan\u0131n kendisinde, ailesinde ve toplumun genelindeki \u00f6nyarg\u0131lar\u0131 ortadan kald\u0131rabilmek i\u00e7in herkes elini ta\u015f\u0131n alt\u0131na koymal\u0131d\u0131r. Epilepsinin tedavi edilebilir bir hastal\u0131k oldu\u011fu unutulmamal\u0131d\u0131r. Uygun ila\u00e7lar\u0131n yeterli dozlarda kullan\u0131lmas\u0131 ile hastalar\u0131n %75 &#8211; 80&#8217;inde n\u00f6betler kontrol alt\u0131na al\u0131nabilmektedir. Ayr\u0131ca ila\u00e7 tedavisine diren\u00e7li vakalarda cerrahi ve yeni giri\u015fimsel tedavi y\u00f6ntemleri de ba\u015far\u0131yla uygulanmaktad\u0131r. Son y\u0131llarda, genetik ara\u015ft\u0131rmalardaki ve g\u00f6r\u00fcnt\u00fcleme tekniklerindeki geli\u015fmeler ile ki\u015fiselle\u015ftirilmi\u015f t\u0131p yakla\u015f\u0131mlar\u0131 kullan\u0131larak ila\u00e7 tedavisine diren\u00e7li hastalar\u0131n tedavisinde de \u00f6nemli ilerlemeler kaydedilmi\u015ftir\u201d diyerek n\u00f6bet an\u0131nda ilk m\u00fcdahalenin \u00f6nemine de dikkat \u00e7ekti:\u00a0 \u201cN\u00f6bet an\u0131nda do\u011fru m\u00fcdahalenin hayati \u00f6nem ta\u015f\u0131d\u0131\u011f\u0131n\u0131 unutmamak laz\u0131m. Bu durumda ilk yap\u0131lmas\u0131 gereken, hastan\u0131n \u00f6ncelikle g\u00fcvenli bir yere al\u0131p yat\u0131r\u0131lmas\u0131d\u0131r. N\u00f6bet ge\u00e7iren hastan\u0131n hareketleri engellenmeye \u00e7al\u0131\u015f\u0131lmamal\u0131 ve n\u00f6bet esnas\u0131nda yaralanmaya neden olabilecek keskin-sert cisimlerden hasta uzakla\u015ft\u0131r\u0131lmal\u0131d\u0131r. Sa\u011fa ya da sola yat\u0131r\u0131lmas\u0131 gereken hastan\u0131n t\u00fck\u00fcr\u00fc\u011f\u00fcn\u00fcn akmas\u0131 sa\u011flanmal\u0131 ve solunum yolu a\u00e7\u0131k tutulmal\u0131d\u0131r. N\u00f6bet 5 dakikadan uzun s\u00fcr\u00fcyor ya da tamamen sonlanmadan tekrar n\u00f6bet ba\u015fl\u0131yorsa h\u0131zl\u0131ca 112 aranmal\u0131, hastan\u0131n en yak\u0131n sa\u011fl\u0131k merkezine ula\u015ft\u0131r\u0131lmas\u0131 sa\u011flanmal\u0131d\u0131r.\u201d<\/p>\n<p><strong>BAHADIR KINCAL: \u201cFARKINDALIK HEP\u0130M\u0130ZE EMANET.\u201d<\/strong><\/p>\n<p>Sanovel Sat\u0131\u015f &amp; Pazarlama Direkt\u00f6r\u00fc Bahad\u0131r K\u0131ncal ise Mor G\u00fcn\u2019\u00fcn \u00f6nemine dikkat \u00e7ekerek \u015fu a\u00e7\u0131klamalarda bulundu:<\/p>\n<p><img loading=\"lazy\" decoding=\"async\" class=\"alignnone wp-image-152895\" src=\"https:\/\/www.tgrthaber.com\/mavikadin\/wp-content\/uploads\/epilepsiyle-mucadele-seferberligi-1024x576.jpg\" alt=\"epilepsiyle-m\u00fccadele-seferberli\u011fi\" width=\"1208\" height=\"680\" title=\"\" srcset=\"https:\/\/www.tgrthaber.com\/mavikadin\/wp-content\/uploads\/epilepsiyle-mucadele-seferberligi-1024x576.jpg 1024w, https:\/\/www.tgrthaber.com\/mavikadin\/wp-content\/uploads\/epilepsiyle-mucadele-seferberligi-300x169.jpg 300w, https:\/\/www.tgrthaber.com\/mavikadin\/wp-content\/uploads\/epilepsiyle-mucadele-seferberligi-768x432.jpg 768w, https:\/\/www.tgrthaber.com\/mavikadin\/wp-content\/uploads\/epilepsiyle-mucadele-seferberligi-1536x864.jpg 1536w, https:\/\/www.tgrthaber.com\/mavikadin\/wp-content\/uploads\/epilepsiyle-mucadele-seferberligi.jpg 1600w\" sizes=\"(max-width: 1208px) 100vw, 1208px\" \/><\/p>\n<hr \/>\n<p>Sanovel olarak, t\u00fcm faaliyetlerimizi \u00e7evreye ve topluma sayg\u0131 \u00e7er\u00e7evesinde y\u00fcr\u00fct\u00fcyor, gelecek nesillere daha ya\u015fanabilir bir d\u00fcnya b\u0131rakabilmeyi en temel g\u00f6revimiz olarak g\u00f6r\u00fcyoruz. Ayn\u0131 yakla\u015f\u0131mla bug\u00fcne kadar bir\u00e7ok sosyal sorumluluk ve fark\u0131ndal\u0131k projesine imzam\u0131z\u0131 att\u0131k. Sanovel\u2019in ko\u015fulsuz deste\u011fiyle ger\u00e7ekle\u015fen Mor Nokta projesiyle bu kez \u201cepilepside fark\u0131ndal\u0131k hepimize emanet\u201d diyoruz. Epilepsiyle m\u00fccadelemize \u00fclkemizin d\u00f6rt bir yan\u0131ndan destek veren herkese te\u015fekk\u00fcrlerimi sunuyorum. Bu topraklarda do\u011fan ve bu topraklar\u0131n g\u00fcc\u00fcnden beslenen Sanovel olarak, insana ve insan ya\u015fam\u0131na de\u011fer katacak faaliyetlerimizi hayata ge\u00e7irmeyi s\u00fcrd\u00fcrece\u011fiz.\u201d<\/p>\n<p><strong>EP\u0130LEPS\u0130 N\u00d6BETLER\u0130N\u0130 TET\u0130KLEYEB\u0130LEN FAKT\u00d6RLER:<\/strong><\/p>\n<ul>\n<li>Uykusuzluk<\/li>\n<li>Stres<\/li>\n<li>Alkol ve madde kullan\u0131m\u0131<\/li>\n<li>Parlak \u0131\u015f\u0131klar<\/li>\n<li>Hormonal de\u011fi\u015fiklikler<\/li>\n<\/ul>\n<p><strong>ALINAB\u0130LECEK \u00d6NLEMLER:<\/strong><\/p>\n<ul>\n<li>D\u00fczenli uyku al\u0131\u015fkanl\u0131\u011f\u0131 edinmek<\/li>\n<li>Stres y\u00f6netimi teknikleri kullanmak<\/li>\n<li>Alkol ve uyar\u0131c\u0131 maddelerden ka\u00e7\u0131nmak<\/li>\n<li>Fotosensitif epilepsisi olanlar i\u00e7in \u00f6nlemler almak<\/li>\n<li>Sa\u011fl\u0131kl\u0131 ya\u015fam tarz\u0131 benimsemek<\/li>\n<li>D\u00fczenli egzersiz yapmak, dengeli beslenmek ve yeterli s\u0131v\u0131 almak<\/li>\n<\/ul>\n<p><img loading=\"lazy\" decoding=\"async\" class=\"alignnone wp-image-152896\" src=\"https:\/\/www.tgrthaber.com\/mavikadin\/wp-content\/uploads\/epilepsiyle-mucadele-seferberligi-3-1024x576.jpg\" alt=\"epilepsiyle-m\u00fccadele-seferberli\u011fi\" width=\"1208\" height=\"680\" title=\"\" srcset=\"https:\/\/www.tgrthaber.com\/mavikadin\/wp-content\/uploads\/epilepsiyle-mucadele-seferberligi-3-1024x576.jpg 1024w, https:\/\/www.tgrthaber.com\/mavikadin\/wp-content\/uploads\/epilepsiyle-mucadele-seferberligi-3-300x169.jpg 300w, https:\/\/www.tgrthaber.com\/mavikadin\/wp-content\/uploads\/epilepsiyle-mucadele-seferberligi-3-768x432.jpg 768w, https:\/\/www.tgrthaber.com\/mavikadin\/wp-content\/uploads\/epilepsiyle-mucadele-seferberligi-3-1536x864.jpg 1536w, https:\/\/www.tgrthaber.com\/mavikadin\/wp-content\/uploads\/epilepsiyle-mucadele-seferberligi-3.jpg 1600w\" sizes=\"(max-width: 1208px) 100vw, 1208px\" \/><\/p>\n<hr \/>\n<p><strong>SANOVEL HAKKINDA<\/strong><\/p>\n<p>T\u00fcrk ila\u00e7 sekt\u00f6r\u00fcn\u00fcn lider \u015firketlerinden Sanovel, 1983 y\u0131l\u0131nda Eczac\u0131 Erol Toks\u00f6z taraf\u0131ndan kuruldu. G\u00fc\u00e7l\u00fc portf\u00f6y\u00fc ve kilit terap\u00f6tik alanlardaki \u00fcr\u00fcn \u00e7e\u015fitlili\u011fi ile Sanovel, y\u0131lda 227 milyon kutu \u00fcretim kapasitesine ve European cGMP (\u0130yi \u00dcretim Uygulamalar\u0131) sertifikas\u0131na sahiptir. D\u00fcnyan\u0131n en b\u00fcy\u00fck sa\u011fl\u0131k otoritesi kabul edilen Amerikan G\u0131da ve \u0130la\u00e7 Kurumu (FDA) taraf\u0131ndan denetlenerek maj\u00f6r ve kritik bulgu olmadan onay alan ilk ve tek T\u00fcrk ila\u00e7 \u015firketi olan Sanovel, g\u00fc\u00e7l\u00fc Ar-Ge\u2019si ve patent\/fikri haklar alanlar\u0131ndaki yetkinlikleri ve ba\u015far\u0131lar\u0131yla da sekt\u00f6r\u00fcnde \u00f6ne \u00e7\u0131kmaktad\u0131r. Bir\u00e7ok tedavi alan\u0131nda pazara ilk e\u015fde\u011fer \u00fcr\u00fcn sunan \u015firket olan Sanovel, T\u00fcrk ila\u00e7 end\u00fcstrisine ve \u00fclke ekonomisine katk\u0131 sa\u011flamaya ve 1.600\u2019\u00fc a\u015fk\u0131n \u00e7al\u0131\u015fan\u0131 ile toplumlar\u0131n bir \u00f6m\u00fcr sa\u011fl\u0131\u011f\u0131 i\u00e7in var g\u00fcc\u00fcyle \u00e7al\u0131\u015fmaya devam ediyor.<\/p>\n","protected":false},"excerpt":{"rendered":"<p>Toplum sa\u011fl\u0131\u011f\u0131 i\u00e7in fark\u0131ndal\u0131k \u00e7al\u0131\u015fmalar\u0131na imza atmay\u0131 s\u00fcrd\u00fcren T\u00fcrk ila\u00e7 sekt\u00f6r\u00fcn\u00fcn lider \u015firketlerinden Sanovel, bu kez Mor G\u00fcn i\u00e7in harekete ge\u00e7ti. T\u00fcm d\u00fcnyada kabul g\u00f6ren 26 Mart D\u00fcnya Epilepsi Fark\u0131ndal\u0131k G\u00fcn\u00fc \u00f6nemiyle anlaml\u0131 bir \u00e7al\u0131\u015fmay\u0131 hayata ge\u00e7iren Sanovel, Mor Nokta projesiyle 81 ilde epilepsi fark\u0131ndal\u0131\u011f\u0131na dikkat \u00e7ekmeyi hedefliyor. <\/p>\n","protected":false},"author":26,"featured_media":152881,"comment_status":"closed","ping_status":"closed","sticky":false,"template":"","format":"standard","meta":{"rank_math_lock_modified_date":false,"footnotes":""},"categories":[1991],"tags":[2425,15611,15612,15613,15610],"class_list":["post-152878","post","type-post","status-publish","format-standard","has-post-thumbnail","hentry","category-saglik","tag-epilepsi","tag-epilepsi-ile-mucadele","tag-mor-nokta","tag-mor-nokta-projesi","tag-sanovel"],"_links":{"self":[{"href":"https:\/\/www.tgrthaber.com\/mavikadin\/wp-json\/wp\/v2\/posts\/152878"}],"collection":[{"href":"https:\/\/www.tgrthaber.com\/mavikadin\/wp-json\/wp\/v2\/posts"}],"about":[{"href":"https:\/\/www.tgrthaber.com\/mavikadin\/wp-json\/wp\/v2\/types\/post"}],"author":[{"embeddable":true,"href":"https:\/\/www.tgrthaber.com\/mavikadin\/wp-json\/wp\/v2\/users\/26"}],"replies":[{"embeddable":true,"href":"https:\/\/www.tgrthaber.com\/mavikadin\/wp-json\/wp\/v2\/comments?post=152878"}],"version-history":[{"count":2,"href":"https:\/\/www.tgrthaber.com\/mavikadin\/wp-json\/wp\/v2\/posts\/152878\/revisions"}],"predecessor-version":[{"id":152898,"href":"https:\/\/www.tgrthaber.com\/mavikadin\/wp-json\/wp\/v2\/posts\/152878\/revisions\/152898"}],"wp:featuredmedia":[{"embeddable":true,"href":"https:\/\/www.tgrthaber.com\/mavikadin\/wp-json\/wp\/v2\/media\/152881"}],"wp:attachment":[{"href":"https:\/\/www.tgrthaber.com\/mavikadin\/wp-json\/wp\/v2\/media?parent=152878"}],"wp:term":[{"taxonomy":"category","embeddable":true,"href":"https:\/\/www.tgrthaber.com\/mavikadin\/wp-json\/wp\/v2\/categories?post=152878"},{"taxonomy":"post_tag","embeddable":true,"href":"https:\/\/www.tgrthaber.com\/mavikadin\/wp-json\/wp\/v2\/tags?post=152878"}],"curies":[{"name":"wp","href":"https:\/\/api.w.org\/{rel}","templated":true}]}}