{"id":152918,"date":"2025-03-26T16:33:23","date_gmt":"2025-03-26T13:33:23","guid":{"rendered":"https:\/\/www.tgrthaber.com\/mavikadin\/?p=152918"},"modified":"2025-09-18T15:41:00","modified_gmt":"2025-09-18T12:41:00","slug":"kara-kis-dizisinin-zemzemi-hande-dogandemir-kimdir-oyuncunun-yasi-ve-kariyeri-arastiriliyor","status":"publish","type":"post","link":"https:\/\/www.tgrthaber.com\/mavikadin\/kara-kis-dizisinin-zemzemi-hande-dogandemir-kimdir-oyuncunun-yasi-ve-kariyeri-arastiriliyor\/","title":{"rendered":"Kara K\u0131\u015f dizisinin Zemzem\u2019i Hande Do\u011fandemir kimdir? Oyuncunun ya\u015f\u0131 ve kariyeri ara\u015ft\u0131r\u0131l\u0131yor"},"content":{"rendered":"<p>Televizyonlar\u0131n sevilen oyuncular\u0131ndan Hande Do\u011fandemir, yeni projesiyle ekranlara d\u00f6nmeye haz\u0131rlan\u0131yor. Ba\u015far\u0131l\u0131 oyuncu, Murat Y\u0131ld\u0131r\u0131m ile ba\u015frollerini payla\u015ft\u0131\u011f\u0131 \u201cKara K\u0131\u015f\u201d dizisiyle izleyicinin kar\u015f\u0131s\u0131na \u00e7\u0131kacak. Erzincan depremini konu alan dizi, dram a\u011f\u0131rl\u0131kl\u0131 yap\u0131s\u0131yla dikkat \u00e7ekerken, oyuncunun performans\u0131n\u0131n merakla beklendi\u011fi yap\u0131mlar aras\u0131nda yer al\u0131yor. Peki, Kara K\u0131\u015f dizisinin Zemzem\u2019i Hande Do\u011fandemir kimdir? Oyuncunun ya\u015f\u0131 ve kariyeri ara\u015ft\u0131r\u0131l\u0131yor&#8230;<\/p>\n<h3>HANDE DO\u011eANDEM\u0130R K\u0130MD\u0130R<\/h3>\n<p>Ba\u015far\u0131l\u0131 oyuncu Hande Do\u011fandemir, 22 Kas\u0131m 1985\u2019te Ankara\u2019da d\u00fcnyaya geldi. Do\u011fandemir, sadece oyunculu\u011fuyla de\u011fil, ayn\u0131 zamanda sunuculuk ve sosyoloji e\u011fitimiyle de dikkat \u00e7ekiyor. Ankara \u00dcniversitesi Dil ve Tarih-Co\u011frafya Fak\u00fcltesi Sosyoloji B\u00f6l\u00fcm\u00fc\u2019nden mezun olan Do\u011fandemir, e\u011fitim hayat\u0131 boyunca Fransa\u2019n\u0131n Lille kentinde Erasmus program\u0131na kat\u0131larak uluslararas\u0131 bir perspektif kazand\u0131.<\/p>\n<p><img loading=\"lazy\" decoding=\"async\" class=\"alignnone wp-image-152943\" src=\"https:\/\/www.tgrthaber.com\/mavikadin\/wp-content\/uploads\/haber-gorselleri-fotoshop-2025-03-26T162750.740-1024x576.jpg\" alt=\"Kara K\u0131\u015f dizisinin Zemzem\u2019i Hande Do\u011fandemir kimdir? Oyuncunun ya\u015f\u0131 ve kariyeri ara\u015ft\u0131r\u0131l\u0131yor\" width=\"1208\" height=\"680\" title=\"\" srcset=\"https:\/\/www.tgrthaber.com\/mavikadin\/wp-content\/uploads\/haber-gorselleri-fotoshop-2025-03-26T162750.740-1024x576.jpg 1024w, https:\/\/www.tgrthaber.com\/mavikadin\/wp-content\/uploads\/haber-gorselleri-fotoshop-2025-03-26T162750.740-300x169.jpg 300w, https:\/\/www.tgrthaber.com\/mavikadin\/wp-content\/uploads\/haber-gorselleri-fotoshop-2025-03-26T162750.740-768x432.jpg 768w, https:\/\/www.tgrthaber.com\/mavikadin\/wp-content\/uploads\/haber-gorselleri-fotoshop-2025-03-26T162750.740-1536x864.jpg 1536w, https:\/\/www.tgrthaber.com\/mavikadin\/wp-content\/uploads\/haber-gorselleri-fotoshop-2025-03-26T162750.740.jpg 1600w\" sizes=\"(max-width: 1208px) 100vw, 1208px\" \/><\/p>\n<hr \/>\n<p>Hande Do\u011fandemir\u2019in ekran maceras\u0131, \u00e7e\u015fitli televizyon dizileriyle ba\u015flad\u0131. \u201cKeskin B\u0131\u00e7ak\u201d, \u201cSen de Gitme\u201d, \u201c\u0130bret-i Ailem\u201d, \u201cB\u00f6yle Bitmesin\u201d, \u201c\u015eubat\u201d ve \u201cLeyla ile Mecnun\u201d gibi projelerde rol alarak dikkat \u00e7eken oyuncu, as\u0131l \u00e7\u0131k\u0131\u015f\u0131n\u0131 2013 y\u0131l\u0131nda Kanal D\u2019de yay\u0131mlanan \u201cG\u00fcne\u015fi Beklerken\u201d dizisiyle yapt\u0131. Burada oynad\u0131\u011f\u0131 Zeynep Y\u0131lmaz karakteriyle b\u00fcy\u00fck be\u011feni toplad\u0131 ve geni\u015f bir hayran kitlesine ula\u015ft\u0131.<\/p>\n<h3><img loading=\"lazy\" decoding=\"async\" class=\"alignnone wp-image-152942\" src=\"https:\/\/www.tgrthaber.com\/mavikadin\/wp-content\/uploads\/haber-gorselleri-fotoshop-2025-03-26T162828.216-1024x576.jpg\" alt=\"Kara K\u0131\u015f dizisinin Zemzem\u2019i Hande Do\u011fandemir kimdir? Oyuncunun ya\u015f\u0131 ve kariyeri ara\u015ft\u0131r\u0131l\u0131yor\" width=\"1208\" height=\"680\" title=\"\" srcset=\"https:\/\/www.tgrthaber.com\/mavikadin\/wp-content\/uploads\/haber-gorselleri-fotoshop-2025-03-26T162828.216-1024x576.jpg 1024w, https:\/\/www.tgrthaber.com\/mavikadin\/wp-content\/uploads\/haber-gorselleri-fotoshop-2025-03-26T162828.216-300x169.jpg 300w, https:\/\/www.tgrthaber.com\/mavikadin\/wp-content\/uploads\/haber-gorselleri-fotoshop-2025-03-26T162828.216-768x432.jpg 768w, https:\/\/www.tgrthaber.com\/mavikadin\/wp-content\/uploads\/haber-gorselleri-fotoshop-2025-03-26T162828.216-1536x864.jpg 1536w, https:\/\/www.tgrthaber.com\/mavikadin\/wp-content\/uploads\/haber-gorselleri-fotoshop-2025-03-26T162828.216.jpg 1600w\" sizes=\"(max-width: 1208px) 100vw, 1208px\" \/><\/h3>\n<hr \/>\n<h3>KA\u00c7 YA\u015eINDA<\/h3>\n<p>\u015eimdilerde 39 ya\u015f\u0131nda olan ba\u015far\u0131l\u0131 oyuncu uzun s\u00fcrenin sonunda tekrardan ekranlara d\u00f6nmeye haz\u0131rlan\u0131yor. Hande Do\u011fandemir, \u201cKara K\u0131\u015f\u201d dizisinde Murat Y\u0131ld\u0131r\u0131m ile ba\u015frolleri payla\u015farak izleyicileri etkileyici bir d\u00f6neme g\u00f6t\u00fcrecek. Erzincan depremini konu alan dizi, dram a\u011f\u0131rl\u0131kl\u0131 yap\u0131s\u0131yla dikkat \u00e7ekerken, oyuncunun performans\u0131n\u0131n merakla beklendi\u011fi yap\u0131mlar aras\u0131nda yer al\u0131yor.<\/p>\n<p><img loading=\"lazy\" decoding=\"async\" class=\"alignnone wp-image-152941\" src=\"https:\/\/www.tgrthaber.com\/mavikadin\/wp-content\/uploads\/haber-gorselleri-fotoshop-2025-03-26T162835.288-1024x576.jpg\" alt=\"Kara K\u0131\u015f dizisinin Zemzem\u2019i Hande Do\u011fandemir kimdir? Oyuncunun ya\u015f\u0131 ve kariyeri ara\u015ft\u0131r\u0131l\u0131yor\" width=\"1208\" height=\"680\" title=\"\" srcset=\"https:\/\/www.tgrthaber.com\/mavikadin\/wp-content\/uploads\/haber-gorselleri-fotoshop-2025-03-26T162835.288-1024x576.jpg 1024w, https:\/\/www.tgrthaber.com\/mavikadin\/wp-content\/uploads\/haber-gorselleri-fotoshop-2025-03-26T162835.288-300x169.jpg 300w, https:\/\/www.tgrthaber.com\/mavikadin\/wp-content\/uploads\/haber-gorselleri-fotoshop-2025-03-26T162835.288-768x432.jpg 768w, https:\/\/www.tgrthaber.com\/mavikadin\/wp-content\/uploads\/haber-gorselleri-fotoshop-2025-03-26T162835.288-1536x864.jpg 1536w, https:\/\/www.tgrthaber.com\/mavikadin\/wp-content\/uploads\/haber-gorselleri-fotoshop-2025-03-26T162835.288.jpg 1600w\" sizes=\"(max-width: 1208px) 100vw, 1208px\" \/><\/p>\n<hr \/>\n<p>Hande Do\u011fandemir\u2019in yeni projeleri, onun kariyerinde \u00f6nemli bir d\u00f6n\u00fcm noktas\u0131 olabilir. Televizyon ve sinema d\u00fcnyas\u0131nda emin ad\u0131mlarla ilerleyen ba\u015far\u0131l\u0131 oyuncunun performans\u0131, hayranlar\u0131 taraf\u0131ndan b\u00fcy\u00fck bir heyecanla bekleniyor.<\/p>\n<h3><img loading=\"lazy\" decoding=\"async\" class=\"alignnone wp-image-152945\" src=\"https:\/\/www.tgrthaber.com\/mavikadin\/wp-content\/uploads\/haber-gorselleri-fotoshop-2025-03-26T162810.423-1024x576.jpg\" alt=\"Kara K\u0131\u015f dizisinin Zemzem\u2019i Hande Do\u011fandemir kimdir? Oyuncunun ya\u015f\u0131 ve kariyeri ara\u015ft\u0131r\u0131l\u0131yor\" width=\"1208\" height=\"680\" title=\"\" srcset=\"https:\/\/www.tgrthaber.com\/mavikadin\/wp-content\/uploads\/haber-gorselleri-fotoshop-2025-03-26T162810.423-1024x576.jpg 1024w, https:\/\/www.tgrthaber.com\/mavikadin\/wp-content\/uploads\/haber-gorselleri-fotoshop-2025-03-26T162810.423-300x169.jpg 300w, https:\/\/www.tgrthaber.com\/mavikadin\/wp-content\/uploads\/haber-gorselleri-fotoshop-2025-03-26T162810.423-768x432.jpg 768w, https:\/\/www.tgrthaber.com\/mavikadin\/wp-content\/uploads\/haber-gorselleri-fotoshop-2025-03-26T162810.423-1536x864.jpg 1536w, https:\/\/www.tgrthaber.com\/mavikadin\/wp-content\/uploads\/haber-gorselleri-fotoshop-2025-03-26T162810.423.jpg 1600w\" sizes=\"(max-width: 1208px) 100vw, 1208px\" \/><\/h3>\n<hr \/>\n<h3>HANDE DO\u011eANDEM\u0130R\u2019\u0130N ROL ALDI\u011eI PROJELER<\/h3>\n<ul>\n<li>G\u00fcne\u015fi Beklerken<\/li>\n<li>Hayat Bug\u00fcn<\/li>\n<li>H\u00fck\u00fcms\u00fcz<\/li>\n<li>Annemizi Saklarken<\/li>\n<li>Can K\u0131r\u0131klar\u0131<\/li>\n<\/ul>\n<p><img loading=\"lazy\" decoding=\"async\" class=\"alignnone wp-image-152944\" src=\"https:\/\/www.tgrthaber.com\/mavikadin\/wp-content\/uploads\/haber-gorselleri-fotoshop-2025-03-26T162819.156-1024x576.jpg\" alt=\"Kara K\u0131\u015f dizisinin Zemzem\u2019i Hande Do\u011fandemir kimdir? Oyuncunun ya\u015f\u0131 ve kariyeri ara\u015ft\u0131r\u0131l\u0131yor\" width=\"1208\" height=\"680\" title=\"\" srcset=\"https:\/\/www.tgrthaber.com\/mavikadin\/wp-content\/uploads\/haber-gorselleri-fotoshop-2025-03-26T162819.156-1024x576.jpg 1024w, https:\/\/www.tgrthaber.com\/mavikadin\/wp-content\/uploads\/haber-gorselleri-fotoshop-2025-03-26T162819.156-300x169.jpg 300w, https:\/\/www.tgrthaber.com\/mavikadin\/wp-content\/uploads\/haber-gorselleri-fotoshop-2025-03-26T162819.156-768x432.jpg 768w, https:\/\/www.tgrthaber.com\/mavikadin\/wp-content\/uploads\/haber-gorselleri-fotoshop-2025-03-26T162819.156-1536x864.jpg 1536w, https:\/\/www.tgrthaber.com\/mavikadin\/wp-content\/uploads\/haber-gorselleri-fotoshop-2025-03-26T162819.156.jpg 1600w\" sizes=\"(max-width: 1208px) 100vw, 1208px\" \/><\/p>\n<hr \/>\n<ul>\n<li>Hayat\u0131m\u0131n A\u015fk\u0131<\/li>\n<li>\u0130breti Ailem<\/li>\n<li>Y\u00fczle\u015fme<\/li>\n<li>Muhte\u015fem Y\u00fczy\u0131l K\u00f6sem<\/li>\n<li>Ta\u015f K\u00e2\u011f\u0131t Makas<\/li>\n<li>Yaren Leylek<\/li>\n<\/ul>\n","protected":false},"excerpt":{"rendered":"<p>Televizyonlar\u0131n sevilen oyuncular\u0131ndan Hande Do\u011fandemir, yeni projesiyle ekranlara d\u00f6nmeye haz\u0131rlan\u0131yor. Ba\u015far\u0131l\u0131 oyuncu, Murat Y\u0131ld\u0131r\u0131m ile ba\u015frollerini payla\u015ft\u0131\u011f\u0131 \u201cKara K\u0131\u015f\u201d dizisiyle izleyicinin kar\u015f\u0131s\u0131na \u00e7\u0131kacak. Erzincan depremini konu alan dizi, dram a\u011f\u0131rl\u0131kl\u0131 yap\u0131s\u0131yla dikkat \u00e7ekerken, oyuncunun performans\u0131n\u0131n merakla beklendi\u011fi yap\u0131mlar aras\u0131nda yer al\u0131yor. Peki, Kara K\u0131\u015f dizisinin Zemzem\u2019i Hande Do\u011fandemir kimdir? Oyuncunun ya\u015f\u0131 ve kariyeri ara\u015ft\u0131r\u0131l\u0131yor.<\/p>\n","protected":false},"author":34,"featured_media":152940,"comment_status":"closed","ping_status":"closed","sticky":false,"template":"","format":"standard","meta":{"rank_math_lock_modified_date":false,"footnotes":""},"categories":[491],"tags":[11847,9682,12860,9687],"class_list":["post-152918","post","type-post","status-publish","format-standard","has-post-thumbnail","hentry","category-biyografi","tag-hande-dogandemir","tag-kara-kis","tag-kara-kis-dizi","tag-kara-kis-dizisi-oyuncu-kadrosu"],"_links":{"self":[{"href":"https:\/\/www.tgrthaber.com\/mavikadin\/wp-json\/wp\/v2\/posts\/152918"}],"collection":[{"href":"https:\/\/www.tgrthaber.com\/mavikadin\/wp-json\/wp\/v2\/posts"}],"about":[{"href":"https:\/\/www.tgrthaber.com\/mavikadin\/wp-json\/wp\/v2\/types\/post"}],"author":[{"embeddable":true,"href":"https:\/\/www.tgrthaber.com\/mavikadin\/wp-json\/wp\/v2\/users\/34"}],"replies":[{"embeddable":true,"href":"https:\/\/www.tgrthaber.com\/mavikadin\/wp-json\/wp\/v2\/comments?post=152918"}],"version-history":[{"count":2,"href":"https:\/\/www.tgrthaber.com\/mavikadin\/wp-json\/wp\/v2\/posts\/152918\/revisions"}],"predecessor-version":[{"id":152949,"href":"https:\/\/www.tgrthaber.com\/mavikadin\/wp-json\/wp\/v2\/posts\/152918\/revisions\/152949"}],"wp:featuredmedia":[{"embeddable":true,"href":"https:\/\/www.tgrthaber.com\/mavikadin\/wp-json\/wp\/v2\/media\/152940"}],"wp:attachment":[{"href":"https:\/\/www.tgrthaber.com\/mavikadin\/wp-json\/wp\/v2\/media?parent=152918"}],"wp:term":[{"taxonomy":"category","embeddable":true,"href":"https:\/\/www.tgrthaber.com\/mavikadin\/wp-json\/wp\/v2\/categories?post=152918"},{"taxonomy":"post_tag","embeddable":true,"href":"https:\/\/www.tgrthaber.com\/mavikadin\/wp-json\/wp\/v2\/tags?post=152918"}],"curies":[{"name":"wp","href":"https:\/\/api.w.org\/{rel}","templated":true}]}}