{"id":153024,"date":"2025-03-26T21:04:20","date_gmt":"2025-03-26T18:04:20","guid":{"rendered":"https:\/\/www.tgrthaber.com\/mavikadin\/?p=153024"},"modified":"2025-09-18T15:47:47","modified_gmt":"2025-09-18T12:47:47","slug":"zafer-algoz-ve-sahan-gokbakardan-besiktas-galatasaray-derbisinin-hakemi-yasin-kola-tepki","status":"publish","type":"post","link":"https:\/\/www.tgrthaber.com\/mavikadin\/zafer-algoz-ve-sahan-gokbakardan-besiktas-galatasaray-derbisinin-hakemi-yasin-kola-tepki\/","title":{"rendered":"Zafer Alg\u00f6z ve \u015eahan G\u00f6kbakar&#8217;dan Be\u015fikta\u015f &#8211; Galatasaray derbisinin hakemi Yasin Kol&#8217;a tepki!"},"content":{"rendered":"<p>29 Mart&#8217;ta yani bu hafta cumartesi g\u00fcn\u00fc Be\u015fikta\u015f &#8211; Galatasaray derbisi oynanacak. Bir\u00e7ok ki\u015finin yabanc\u0131 hakem bekledi\u011fi derbi i\u00e7in T\u00fcrkiye Futbol Federasyonu karar\u0131n\u0131 a\u00e7\u0131klad\u0131. TFF, derbide Yasin Kol&#8217;un hakem olaca\u011f\u0131n\u0131 a\u00e7\u0131klarken bu duruma bir\u00e7ok ki\u015fi tepki g\u00f6sterdi. Olay\u0131 ele\u015ftirenler aras\u0131nda \u00fcnl\u00fc oyuncular Zafer Alg\u00f6z ve \u015eahan G\u00f6kbakar da yer ald\u0131.<\/p>\n<h3>ZAFER ALG\u00d6Z&#8217;DEN &#8216;YAS\u0130N KOL&#8217; TEPK\u0130S\u0130<\/h3>\n<p>\u00dcnl\u00fc oyuncu Zafer Alg\u00f6z, derbiden \u00f6nce ma\u00e7a yabanc\u0131 hakem tayin edilmesi i\u00e7in \u00e7a\u011fr\u0131da bulunmu\u015ftu. TFF&#8217;nin &#8216;Yasin Kol&#8217;u derbi i\u00e7in hakem atamas\u0131 sonras\u0131 Zafer Alg\u00f6z duruma tepki g\u00f6sterdi.<\/p>\n<p><img loading=\"lazy\" decoding=\"async\" class=\"alignnone wp-image-153027\" src=\"https:\/\/www.tgrthaber.com\/mavikadin\/wp-content\/uploads\/zafer-algoz-300x169.jpg\" alt=\"\" width=\"1280\" height=\"720\" title=\"\" srcset=\"https:\/\/www.tgrthaber.com\/mavikadin\/wp-content\/uploads\/zafer-algoz-300x169.jpg 300w, https:\/\/www.tgrthaber.com\/mavikadin\/wp-content\/uploads\/zafer-algoz-1024x576.jpg 1024w, https:\/\/www.tgrthaber.com\/mavikadin\/wp-content\/uploads\/zafer-algoz-768x432.jpg 768w, https:\/\/www.tgrthaber.com\/mavikadin\/wp-content\/uploads\/zafer-algoz-1536x864.jpg 1536w, https:\/\/www.tgrthaber.com\/mavikadin\/wp-content\/uploads\/zafer-algoz.jpg 1920w\" sizes=\"(max-width: 1280px) 100vw, 1280px\" \/><\/p>\n<hr \/>\n<p>Sosyal medya hesab\u0131ndan payla\u015f\u0131m yapan Alg\u00f6z, &#8220;Ma\u00e7\u0131n hakemi Trabzon b\u00f6lgesinden ve ge\u00e7mi\u015fte y\u00f6netti\u011fi rezalet ma\u00e7\u0131m\u0131zdan sonra uzun bir s\u00fcre dinlendirilmi\u015fti. \u015eimdi yabanc\u0131 hakem beklerken TFF Ba\u015fkan\u0131 hem\u015fehrisini uygun g\u00f6rm\u00fc\u015f. Ge\u00e7en federasyon Galatasaray&#8217;a hizmet ediyordu ama bu federasyon ald\u0131\u011f\u0131 kararla Galatasaray ve Fenerbah\u00e7e&#8217;nin federasyonu oldu&#8221; ifadelerini kulland\u0131.<\/p>\n<p><img loading=\"lazy\" decoding=\"async\" class=\"alignnone wp-image-153034 size-full\" src=\"https:\/\/www.tgrthaber.com\/mavikadin\/wp-content\/uploads\/zafer-algoz2.webp\" alt=\"\" width=\"1280\" height=\"720\" title=\"\" srcset=\"https:\/\/www.tgrthaber.com\/mavikadin\/wp-content\/uploads\/zafer-algoz2.webp 1280w, https:\/\/www.tgrthaber.com\/mavikadin\/wp-content\/uploads\/zafer-algoz2-300x169.webp 300w, https:\/\/www.tgrthaber.com\/mavikadin\/wp-content\/uploads\/zafer-algoz2-1024x576.webp 1024w, https:\/\/www.tgrthaber.com\/mavikadin\/wp-content\/uploads\/zafer-algoz2-768x432.webp 768w\" sizes=\"(max-width: 1280px) 100vw, 1280px\" \/><\/p>\n<hr \/>\n<p>Ge\u00e7ti\u011fimiz g\u00fcnlerde Be\u015fikta\u015f &#8211; Galatasaray derbisini Halil Umut Meler&#8217;in y\u00f6netece\u011fi iddialar\u0131 ortaya at\u0131lm\u0131\u015ft\u0131. Zafer Alg\u00f6z, Meler&#8217;in derbide hakemlik yapaca\u011f\u0131 iddialar\u0131na ili\u015fkin, &#8220;Halil&#8217;e o ma\u00e7\u0131 versinler sahaya dalar\u0131m. Yok \u00f6yle ya\u011fma. Yabanc\u0131 hakem istiyoruz&#8221; demi\u015fti.<\/p>\n<p><img loading=\"lazy\" decoding=\"async\" class=\"alignnone wp-image-153031\" src=\"https:\/\/www.tgrthaber.com\/mavikadin\/wp-content\/uploads\/besiktas-galtasaray-300x169.webp\" alt=\"\" width=\"1280\" height=\"720\" title=\"\" srcset=\"https:\/\/www.tgrthaber.com\/mavikadin\/wp-content\/uploads\/besiktas-galtasaray-300x169.webp 300w, https:\/\/www.tgrthaber.com\/mavikadin\/wp-content\/uploads\/besiktas-galtasaray-1024x576.webp 1024w, https:\/\/www.tgrthaber.com\/mavikadin\/wp-content\/uploads\/besiktas-galtasaray-768x432.webp 768w, https:\/\/www.tgrthaber.com\/mavikadin\/wp-content\/uploads\/besiktas-galtasaray.webp 1200w\" sizes=\"(max-width: 1280px) 100vw, 1280px\" \/><\/p>\n<hr \/>\n<h3>\u015eAHAN G\u00d6KBAKAR: \u0130K\u0130 B\u00dcY\u00dcK CAM\u0130A \u0130LE DALGA GE\u00c7MEKT\u0130R!<\/h3>\n<p>29 Mart Cumartesi g\u00fcn\u00fc oynanacak Be\u015fikta\u015f &#8211; Galatasaray derbisinin hakemi olarak Yasin Kol&#8217;un atanmas\u0131na tepki g\u00f6sterenlerden biri de \u015eahan G\u00f6kbakar oldu. Galatasaray taraftar\u0131 olan \u015eahan G\u00f6kbakar, konuya ili\u015fkin &#8220;Bu iki b\u00fcy\u00fck camiayla dalga ge\u00e7mektir&#8221; diyerek ele\u015ftiride bulundu.<\/p>\n<p><img loading=\"lazy\" decoding=\"async\" class=\"alignnone wp-image-153032\" src=\"https:\/\/www.tgrthaber.com\/mavikadin\/wp-content\/uploads\/sahan-gokbakar-300x169.jpg\" alt=\"\" width=\"1280\" height=\"720\" title=\"\" srcset=\"https:\/\/www.tgrthaber.com\/mavikadin\/wp-content\/uploads\/sahan-gokbakar-300x169.jpg 300w, https:\/\/www.tgrthaber.com\/mavikadin\/wp-content\/uploads\/sahan-gokbakar-1024x576.jpg 1024w, https:\/\/www.tgrthaber.com\/mavikadin\/wp-content\/uploads\/sahan-gokbakar-768x432.jpg 768w, https:\/\/www.tgrthaber.com\/mavikadin\/wp-content\/uploads\/sahan-gokbakar-1536x864.jpg 1536w, https:\/\/www.tgrthaber.com\/mavikadin\/wp-content\/uploads\/sahan-gokbakar.jpg 1920w\" sizes=\"(max-width: 1280px) 100vw, 1280px\" \/><\/p>\n<hr \/>\n<p>Sosyal medya hesab\u0131ndan ironik bir payla\u015f\u0131m yapan \u015eahan G\u00f6kbakar, Yasin Kol&#8217;un foto\u011fraf\u0131n\u0131 payla\u015farak, &#8220;Dik dur yi\u011fidim, duru\u015fun d\u00fc\u015fman \u00e7atlat\u0131yor&#8221; dedi. Bu payla\u015f\u0131m\u0131n\u0131n ard\u0131ndan G\u00f6kbakar, &#8220;Yasin Kol&#8217;u hakem diye derbi ma\u00e7\u0131na atamak iki b\u00fcy\u00fck camiayla dalga ge\u00e7mektir&#8221; ifadelerini kulland\u0131.<\/p>\n<p>Konuya ili\u015fkin a\u00e7\u0131klama yapan Be\u015fikta\u015f Jimnastik Kul\u00fcb\u00fc Ba\u015fkan\u0131 Serdal Adal\u0131, Galatasaray&#8217;la oynayacaklar\u0131 derbide Sloven hakem Slavko Vincic&#8217;in d\u00fcd\u00fck \u00e7almas\u0131n\u0131 istemi\u015fti.<\/p>\n","protected":false},"excerpt":{"rendered":"<p>T\u00fcrkiye Futbol Federasyonu&#8217;nun 29 Mart&#8217;ta oynanacak Be\u015fikta\u015f &#8211; Galatasaray derbisine hakem olarak Yasin Kol&#8217;u atamas\u0131n\u0131n ard\u0131ndan bir\u00e7ok \u00fcnl\u00fc isim duruma tepki g\u00f6sterdi. S\u0131k\u0131 bir Be\u015fikta\u015f taraftar\u0131 olan Zafer Alg\u00f6z, derbide Yasin Kol&#8217;un hakemlik yapmas\u0131na tepki g\u00f6sterirken ard\u0131ndan \u015eahan G\u00f6kbakar da durumu ele\u015ftirdi. <\/p>\n","protected":false},"author":33,"featured_media":153041,"comment_status":"closed","ping_status":"closed","sticky":false,"template":"","format":"standard","meta":{"rank_math_lock_modified_date":false,"footnotes":""},"categories":[101],"tags":[15638,3769,15639,15637],"class_list":["post-153024","post","type-post","status-publish","format-standard","has-post-thumbnail","hentry","category-kesfet","tag-besiktas-galatasaray-derbisi","tag-sahan-gokbakar","tag-sahan-gokbakar-derbi","tag-zafer-algoz-besiktas"],"_links":{"self":[{"href":"https:\/\/www.tgrthaber.com\/mavikadin\/wp-json\/wp\/v2\/posts\/153024"}],"collection":[{"href":"https:\/\/www.tgrthaber.com\/mavikadin\/wp-json\/wp\/v2\/posts"}],"about":[{"href":"https:\/\/www.tgrthaber.com\/mavikadin\/wp-json\/wp\/v2\/types\/post"}],"author":[{"embeddable":true,"href":"https:\/\/www.tgrthaber.com\/mavikadin\/wp-json\/wp\/v2\/users\/33"}],"replies":[{"embeddable":true,"href":"https:\/\/www.tgrthaber.com\/mavikadin\/wp-json\/wp\/v2\/comments?post=153024"}],"version-history":[{"count":1,"href":"https:\/\/www.tgrthaber.com\/mavikadin\/wp-json\/wp\/v2\/posts\/153024\/revisions"}],"predecessor-version":[{"id":153042,"href":"https:\/\/www.tgrthaber.com\/mavikadin\/wp-json\/wp\/v2\/posts\/153024\/revisions\/153042"}],"wp:featuredmedia":[{"embeddable":true,"href":"https:\/\/www.tgrthaber.com\/mavikadin\/wp-json\/wp\/v2\/media\/153041"}],"wp:attachment":[{"href":"https:\/\/www.tgrthaber.com\/mavikadin\/wp-json\/wp\/v2\/media?parent=153024"}],"wp:term":[{"taxonomy":"category","embeddable":true,"href":"https:\/\/www.tgrthaber.com\/mavikadin\/wp-json\/wp\/v2\/categories?post=153024"},{"taxonomy":"post_tag","embeddable":true,"href":"https:\/\/www.tgrthaber.com\/mavikadin\/wp-json\/wp\/v2\/tags?post=153024"}],"curies":[{"name":"wp","href":"https:\/\/api.w.org\/{rel}","templated":true}]}}