{"id":153059,"date":"2025-03-26T21:44:00","date_gmt":"2025-03-26T18:44:00","guid":{"rendered":"https:\/\/www.tgrthaber.com\/mavikadin\/?p=153059"},"modified":"2025-09-18T15:52:13","modified_gmt":"2025-09-18T12:52:13","slug":"esaret-dizisinin-defnesini-oynuyordu-esra-sahin-fenomen-dizi-esref-ruyaya-transfer-oldu","status":"publish","type":"post","link":"https:\/\/www.tgrthaber.com\/mavikadin\/esaret-dizisinin-defnesini-oynuyordu-esra-sahin-fenomen-dizi-esref-ruyaya-transfer-oldu\/","title":{"rendered":"Esaret dizisinin Defne\u2019sini oynuyordu! Esra \u015eahin fenomen dizi E\u015fref R\u00fcya\u2019ya transfer oldu"},"content":{"rendered":"<p>Kanal D ekranlar\u0131nda yay\u0131nlanan yeni dizi E\u015fref R\u00fcya konusu ile ilgi toplad\u0131. Be\u011fenilen dizinin oyuncu kadrosunda ise birbirinden ba\u015far\u0131l\u0131 isimler rol al\u0131yor. Bu g\u00fc\u00e7l\u00fc kadroya ise bir yeni isim daha dahil oldu. Esaret dizisinde Defne karakteri ile tan\u0131nan Esra \u015eahin, E\u015fref R\u00fcya dizisine transfer oldu. \u0130\u015fte \u00a0Esra \u015eahin hakk\u0131nda t\u00fcm merak edilenler&#8230;<\/p>\n<h3>ESRA \u015eAH\u0130N E\u015eREF R\u00dcYA D\u0130Z\u0130S\u0130NDE<\/h3>\n<p>Ba\u015far\u0131l\u0131 ve g\u00fczel oyuncu \u00a0Esra \u015eahin, Kanal D\u2019nin fenomen dizisi E\u015fref R\u00fcya\u2019ya kat\u0131ld\u0131. Daha \u00f6nce Esaret dizisinde rol alan \u00a0Esra \u015eahin\u2019in performans\u0131 \u00e7ok be\u011fenildi. Daha \u00f6nce pek \u00e7ok ba\u015far\u0131l\u0131 proje i\u00e7erisinde yer almay\u0131 ba\u015faran Esra \u015eahin&#8217;in, E\u015fref R\u00fcya dizisi ile ad\u0131ndan s\u0131k\u00e7a s\u00f6z ettirmesi bekleniyor.<\/p>\n<p><img loading=\"lazy\" decoding=\"async\" class=\"alignnone wp-image-153071\" src=\"https:\/\/www.tgrthaber.com\/mavikadin\/wp-content\/uploads\/SaveClip.App_454760254_1030616331942499_4383621575948035331_n-240x300.jpg\" alt=\"\" width=\"1280\" height=\"1600\" title=\"\" srcset=\"https:\/\/www.tgrthaber.com\/mavikadin\/wp-content\/uploads\/SaveClip.App_454760254_1030616331942499_4383621575948035331_n-240x300.jpg 240w, https:\/\/www.tgrthaber.com\/mavikadin\/wp-content\/uploads\/SaveClip.App_454760254_1030616331942499_4383621575948035331_n-819x1024.jpg 819w, https:\/\/www.tgrthaber.com\/mavikadin\/wp-content\/uploads\/SaveClip.App_454760254_1030616331942499_4383621575948035331_n-768x960.jpg 768w, https:\/\/www.tgrthaber.com\/mavikadin\/wp-content\/uploads\/SaveClip.App_454760254_1030616331942499_4383621575948035331_n.jpg 1080w\" sizes=\"(max-width: 1280px) 100vw, 1280px\" \/><\/p>\n<hr \/>\n<p>Oyuncu \u00a0Esra \u015eahin, Necip Memili\u2019nin oynad\u0131\u011f\u0131 \u201cDeli G\u00fcrdal\u201d karakterinin sevgililerinden birini olarak kar\u015f\u0131m\u0131za gelecek.<\/p>\n<p>Ulu\u00e7 Bayraktar\u2019\u0131n y\u00f6netmen koltu\u011funda yer ald\u0131\u011f\u0131 dizisinin oyuncu kadrosunda; \u00c7a\u011fatay Ulusoy, Demet \u00d6zdemir, Necip Memili, B\u00fc\u015fra Develi, Ahmet R\u0131fat \u015eungar, Tolga Tekin, G\u00f6rkem Sevindik, Ceren Benderlio\u011flu, Ebrar Karabakan, Umut Karada\u011f, Kaan Turgut, A\u015fk\u0131n \u015eenol, \u015eener Sava\u015f, Ahmet Y\u0131ld\u0131r\u0131m, Kerem Alp Kabul, Bartu Zeytinci, G\u00f6k\u00e7em \u00c7oban, Volkan Uygun, Taylan G\u00fcldere, Feriha Ey\u00fcbo\u011flu ve Macit Koper gibi iddial\u0131 isimler yer al\u0131yor.<\/p>\n<p><img loading=\"lazy\" decoding=\"async\" class=\"alignnone wp-image-153074\" src=\"https:\/\/www.tgrthaber.com\/mavikadin\/wp-content\/uploads\/SaveClip.App_434673371_373923502303331_4941919557254698182_n-240x300.jpg\" alt=\"\" width=\"1280\" height=\"1601\" title=\"\" srcset=\"https:\/\/www.tgrthaber.com\/mavikadin\/wp-content\/uploads\/SaveClip.App_434673371_373923502303331_4941919557254698182_n-240x300.jpg 240w, https:\/\/www.tgrthaber.com\/mavikadin\/wp-content\/uploads\/SaveClip.App_434673371_373923502303331_4941919557254698182_n-819x1024.jpg 819w, https:\/\/www.tgrthaber.com\/mavikadin\/wp-content\/uploads\/SaveClip.App_434673371_373923502303331_4941919557254698182_n-768x960.jpg 768w, https:\/\/www.tgrthaber.com\/mavikadin\/wp-content\/uploads\/SaveClip.App_434673371_373923502303331_4941919557254698182_n.jpg 1042w\" sizes=\"(max-width: 1280px) 100vw, 1280px\" \/><\/p>\n<hr \/>\n<p>\u00c7ar\u015famba ak\u015famlar\u0131 Kanal D&#8217;de yay\u0131nlanan E\u015fref R\u00fcya dizisinin senaryosunu ise Ethem \u00d6z\u0131\u015f\u0131k ve Lokman Maral kaleme al\u0131yor. B\u00fcy\u00fck bir izleyici kitlesi bulunan dizinin yeni b\u00f6l\u00fcmleri yak\u0131ndan takip ediliyor.<\/p>\n<p><img loading=\"lazy\" decoding=\"async\" class=\"alignnone wp-image-153072\" src=\"https:\/\/www.tgrthaber.com\/mavikadin\/wp-content\/uploads\/SaveClip.App_476235172_18481340896042828_4030008594977132236_n-240x300.webp\" alt=\"\" width=\"1280\" height=\"1600\" title=\"\" srcset=\"https:\/\/www.tgrthaber.com\/mavikadin\/wp-content\/uploads\/SaveClip.App_476235172_18481340896042828_4030008594977132236_n-240x300.webp 240w, https:\/\/www.tgrthaber.com\/mavikadin\/wp-content\/uploads\/SaveClip.App_476235172_18481340896042828_4030008594977132236_n-819x1024.webp 819w, https:\/\/www.tgrthaber.com\/mavikadin\/wp-content\/uploads\/SaveClip.App_476235172_18481340896042828_4030008594977132236_n-768x960.webp 768w, https:\/\/www.tgrthaber.com\/mavikadin\/wp-content\/uploads\/SaveClip.App_476235172_18481340896042828_4030008594977132236_n.webp 1080w\" sizes=\"(max-width: 1280px) 100vw, 1280px\" \/><\/p>\n<hr \/>\n<h3>ESRA \u015eAH\u0130N K\u0130MD\u0130R?<\/h3>\n<p>E\u015fref R\u00fcya dizisine transfer olan Esra \u015eahin, Kanal 7&#8217;de yay\u0131mlanan Esaret dizisinde Defne karakteri ile kar\u015f\u0131m\u0131za \u00e7\u0131km\u0131\u015ft\u0131. Diziye 380. b\u00f6l\u00fcmde kat\u0131ld\u0131. Buradaki rol\u00fc ve g\u00fczelli\u011fi ile b\u00fcy\u00fck be\u011feni toplayan Esra \u015eahin yeni projesi ile yeniden ekranlarda yer alacak. Ayr\u0131ca oyuncu Esra \u015eahin, Alaca, Hakimiyet gibi yap\u0131mlarda da rol alm\u0131\u015ft\u0131r.<\/p>\n","protected":false},"excerpt":{"rendered":"<p>Esaret dizisinin Defne&#8217;si Esra \u015eahin, Kanal D&#8217;nin sevilen dizisi E\u015fref R\u00fcya&#8217;ya dahil oldu. Esra \u015eahin dizide Necip Memilli&#8217;nin sevgililerinden birini oynayacak. \u0130\u015fte merak edilenler&#8230;<\/p>\n","protected":false},"author":33,"featured_media":153081,"comment_status":"closed","ping_status":"closed","sticky":false,"template":"","format":"standard","meta":{"rank_math_lock_modified_date":false,"footnotes":""},"categories":[602],"tags":[15651,15650],"class_list":["post-153059","post","type-post","status-publish","format-standard","has-post-thumbnail","hentry","category-diziler","tag-esaret-dizisi-defne","tag-esref-ruya-esra-sahin"],"_links":{"self":[{"href":"https:\/\/www.tgrthaber.com\/mavikadin\/wp-json\/wp\/v2\/posts\/153059"}],"collection":[{"href":"https:\/\/www.tgrthaber.com\/mavikadin\/wp-json\/wp\/v2\/posts"}],"about":[{"href":"https:\/\/www.tgrthaber.com\/mavikadin\/wp-json\/wp\/v2\/types\/post"}],"author":[{"embeddable":true,"href":"https:\/\/www.tgrthaber.com\/mavikadin\/wp-json\/wp\/v2\/users\/33"}],"replies":[{"embeddable":true,"href":"https:\/\/www.tgrthaber.com\/mavikadin\/wp-json\/wp\/v2\/comments?post=153059"}],"version-history":[{"count":2,"href":"https:\/\/www.tgrthaber.com\/mavikadin\/wp-json\/wp\/v2\/posts\/153059\/revisions"}],"predecessor-version":[{"id":153123,"href":"https:\/\/www.tgrthaber.com\/mavikadin\/wp-json\/wp\/v2\/posts\/153059\/revisions\/153123"}],"wp:featuredmedia":[{"embeddable":true,"href":"https:\/\/www.tgrthaber.com\/mavikadin\/wp-json\/wp\/v2\/media\/153081"}],"wp:attachment":[{"href":"https:\/\/www.tgrthaber.com\/mavikadin\/wp-json\/wp\/v2\/media?parent=153059"}],"wp:term":[{"taxonomy":"category","embeddable":true,"href":"https:\/\/www.tgrthaber.com\/mavikadin\/wp-json\/wp\/v2\/categories?post=153059"},{"taxonomy":"post_tag","embeddable":true,"href":"https:\/\/www.tgrthaber.com\/mavikadin\/wp-json\/wp\/v2\/tags?post=153059"}],"curies":[{"name":"wp","href":"https:\/\/api.w.org\/{rel}","templated":true}]}}