{"id":153113,"date":"2025-03-26T22:47:12","date_gmt":"2025-03-26T19:47:12","guid":{"rendered":"https:\/\/www.tgrthaber.com\/mavikadin\/?p=153113"},"modified":"2025-09-18T15:54:40","modified_gmt":"2025-09-18T12:54:40","slug":"gectigimiz-yil-apar-topar-ameliyata-alinmisti-aydilge-yeniden-hastaneye-kaldirildi","status":"publish","type":"post","link":"https:\/\/www.tgrthaber.com\/mavikadin\/gectigimiz-yil-apar-topar-ameliyata-alinmisti-aydilge-yeniden-hastaneye-kaldirildi\/","title":{"rendered":"Ge\u00e7ti\u011fimiz y\u0131l apar topar ameliyata al\u0131nm\u0131\u015ft\u0131! Aydilge yeniden hastaneye kald\u0131r\u0131ld\u0131"},"content":{"rendered":"<p>Kendine has tarz\u0131yla \u015fark\u0131lar yapan ve geni\u015f dinleyici kitlesine sahip \u00fcnl\u00fc \u015fark\u0131c\u0131 Aydilge, ge\u00e7ti\u011fimiz sene apar topar hastaneye kald\u0131r\u0131lm\u0131\u015ft\u0131. Kal\u00e7as\u0131ndaki labrum y\u0131rt\u0131\u011f\u0131 nedeniyle acilen hastaneye kald\u0131r\u0131lan ve ameliyat olan \u00fcnl\u00fc \u015fark\u0131c\u0131, yeniden sa\u011fl\u0131k sorunlar\u0131yla g\u00fcndeme geldi.<\/p>\n<h3>&#8220;YEN\u0130 B\u0130R TAKIM OPERASYONLARA G\u0130RECE\u011e\u0130M&#8221;<\/h3>\n<p>\u00dcnl\u00fc \u015fark\u0131c\u0131 Aydilge, ge\u00e7ti\u011fimiz sene kal\u00e7as\u0131ndaki labrum y\u0131rt\u0131\u011f\u0131 nedeniyle acilen hastaneye kald\u0131r\u0131larak ameliyata al\u0131nm\u0131\u015ft\u0131. 4,5 saat s\u00fcren ameliyat\u0131n ard\u0131ndan a\u00e7\u0131klama yapan Aydilge, &#8220;Ameliyat\u0131m \u00e7ok ba\u015far\u0131l\u0131 ge\u00e7ti. Labrum y\u0131rt\u0131\u011f\u0131 nedeniyle \u00e7ok acil ameliyata al\u0131nm\u0131\u015ft\u0131m. \u015eimdi \u00e7ok iyiyim. Sizler beni hoplay\u0131p z\u0131plarken g\u00f6rmeye al\u0131\u015ft\u0131n\u0131z. En k\u0131sa zamanda benden bekledi\u011finiz gibi sahnelerde hoplay\u0131p z\u0131playaca\u011f\u0131z&#8221; ifadelerini kullanm\u0131\u015ft\u0131.<\/p>\n<p><img loading=\"lazy\" decoding=\"async\" class=\"alignnone wp-image-153117\" src=\"https:\/\/www.tgrthaber.com\/mavikadin\/wp-content\/uploads\/aydilge2.jpg\" alt=\"\" width=\"1208\" height=\"680\" title=\"\" srcset=\"https:\/\/www.tgrthaber.com\/mavikadin\/wp-content\/uploads\/aydilge2.jpg 1280w, https:\/\/www.tgrthaber.com\/mavikadin\/wp-content\/uploads\/aydilge2-300x169.jpg 300w, https:\/\/www.tgrthaber.com\/mavikadin\/wp-content\/uploads\/aydilge2-1024x576.jpg 1024w, https:\/\/www.tgrthaber.com\/mavikadin\/wp-content\/uploads\/aydilge2-768x432.jpg 768w\" sizes=\"(max-width: 1208px) 100vw, 1208px\" \/><\/p>\n<hr \/>\n<p>Aydilge, k\u0131sa bir zaman \u00f6nce yeniden hastaneye kald\u0131r\u0131ld\u0131. Uzunca bir s\u00fcredir tedavilere cevap vermeyen \u015fiddetli a\u011fr\u0131lar\u0131n\u0131n oldu\u011funu s\u00f6yleyen Aydilge, sosyal medya hesab\u0131ndan yapt\u0131\u011f\u0131 payla\u015f\u0131mla hayranlar\u0131n\u0131 bilgilendirdi.<\/p>\n<p><img loading=\"lazy\" decoding=\"async\" class=\"alignnone wp-image-153116\" src=\"https:\/\/www.tgrthaber.com\/mavikadin\/wp-content\/uploads\/aydilge1.webp\" alt=\"\" width=\"1208\" height=\"680\" title=\"\" srcset=\"https:\/\/www.tgrthaber.com\/mavikadin\/wp-content\/uploads\/aydilge1.webp 1280w, https:\/\/www.tgrthaber.com\/mavikadin\/wp-content\/uploads\/aydilge1-300x169.webp 300w, https:\/\/www.tgrthaber.com\/mavikadin\/wp-content\/uploads\/aydilge1-1024x576.webp 1024w, https:\/\/www.tgrthaber.com\/mavikadin\/wp-content\/uploads\/aydilge1-768x432.webp 768w\" sizes=\"(max-width: 1208px) 100vw, 1208px\" \/><\/p>\n<hr \/>\n<p>Aydilge sosyal medya payla\u015f\u0131m\u0131nda, &#8220;Bunca \u00fcz\u00fcnt\u00fc aras\u0131nda kendi derdimden bahsederek vaktinizi almak hi\u00e7 istemezdim ama merak edenler i\u00e7in yazmak istedim. Birka\u00e7 hafta \u00f6nce hastanedeyken uzun s\u00fcredir tedavilere cevap vermeyen \u015fiddetli a\u011fr\u0131lar\u0131ndan ve yeni bir tak\u0131m operasyonlara girece\u011fimden sizlere bahsetmi\u015ftim. Ancak o ara moral bulmak ad\u0131na Yaren Leylek&#8217;i ziyaret etmemin ard\u0131ndan yeni komplikasyonlar olu\u015ftu.&#8221; ifadelerine yer verdi.<\/p>\n<p><img loading=\"lazy\" decoding=\"async\" class=\"alignnone wp-image-153118\" src=\"https:\/\/www.tgrthaber.com\/mavikadin\/wp-content\/uploads\/aydilge3.webp\" alt=\"\" width=\"1208\" height=\"680\" title=\"\" srcset=\"https:\/\/www.tgrthaber.com\/mavikadin\/wp-content\/uploads\/aydilge3.webp 1280w, https:\/\/www.tgrthaber.com\/mavikadin\/wp-content\/uploads\/aydilge3-300x169.webp 300w, https:\/\/www.tgrthaber.com\/mavikadin\/wp-content\/uploads\/aydilge3-1024x576.webp 1024w, https:\/\/www.tgrthaber.com\/mavikadin\/wp-content\/uploads\/aydilge3-768x432.webp 768w\" sizes=\"(max-width: 1208px) 100vw, 1208px\" \/><\/p>\n<hr \/>\n<h3>&#8220;PS\u0130KOLOJ\u0130K OLARAK DA \u00c7\u00d6KM\u00dc\u015e DURUMDAYIM&#8221;<\/h3>\n<p>Ciddi fiziksel ac\u0131lar i\u00e7erisinde oldu\u011funu ve tedavilerin yetersiz kald\u0131\u011f\u0131n\u0131 s\u00f6yleyen Aydilge, fiziksel ac\u0131lar\u0131 nedeniyle psikolojik olarak da \u00e7\u00f6kt\u00fc\u011f\u00fcn\u00fc ifade etti.<\/p>\n<p><img loading=\"lazy\" decoding=\"async\" class=\"alignnone wp-image-153119\" src=\"https:\/\/www.tgrthaber.com\/mavikadin\/wp-content\/uploads\/aydilge4-300x200.jpg\" alt=\"\" width=\"1208\" height=\"805\" title=\"\" srcset=\"https:\/\/www.tgrthaber.com\/mavikadin\/wp-content\/uploads\/aydilge4-300x200.jpg 300w, https:\/\/www.tgrthaber.com\/mavikadin\/wp-content\/uploads\/aydilge4-1024x683.jpg 1024w, https:\/\/www.tgrthaber.com\/mavikadin\/wp-content\/uploads\/aydilge4-768x512.jpg 768w, https:\/\/www.tgrthaber.com\/mavikadin\/wp-content\/uploads\/aydilge4-1536x1024.jpg 1536w, https:\/\/www.tgrthaber.com\/mavikadin\/wp-content\/uploads\/aydilge4.jpg 1920w\" sizes=\"(max-width: 1208px) 100vw, 1208px\" \/><\/p>\n<hr \/>\n<p>Aydilge konuya ili\u015fkin yapt\u0131\u011f\u0131 a\u00e7\u0131klamada, &#8220;Alt\u0131 g\u00fcnd\u00fcr hastane ve ev aras\u0131nda gidip gelmekteyim. Fiziksel ac\u0131m nedeniyle psikolojik olarak da \u00e7\u00f6km\u00fc\u015f durumday\u0131m. Birazdan hastaneden evime d\u00f6nece\u011fim yine. Test sonu\u00e7lar\u0131n\u0131n g\u00fczel \u00e7\u0131kmas\u0131 i\u00e7in umar\u0131m siz de g\u00fczel niyetler edersiniz.&#8221; dedi.<\/p>\n<p><img loading=\"lazy\" decoding=\"async\" class=\"alignnone wp-image-153317\" src=\"https:\/\/www.tgrthaber.com\/mavikadin\/wp-content\/uploads\/Aydilge-1024x576.jpg\" alt=\"Aydilge\" width=\"1208\" height=\"680\" title=\"\" srcset=\"https:\/\/www.tgrthaber.com\/mavikadin\/wp-content\/uploads\/Aydilge-1024x576.jpg 1024w, https:\/\/www.tgrthaber.com\/mavikadin\/wp-content\/uploads\/Aydilge-300x169.jpg 300w, https:\/\/www.tgrthaber.com\/mavikadin\/wp-content\/uploads\/Aydilge-768x432.jpg 768w, https:\/\/www.tgrthaber.com\/mavikadin\/wp-content\/uploads\/Aydilge-1536x864.jpg 1536w, https:\/\/www.tgrthaber.com\/mavikadin\/wp-content\/uploads\/Aydilge.jpg 1600w\" sizes=\"(max-width: 1208px) 100vw, 1208px\" \/><\/p>\n<hr \/>\n<p>4 Ekim&#8217;de vizyona giren &#8220;Yaren Leylek&#8221; filminin \u015fark\u0131lar\u0131n\u0131 seslendiren \u00fcnl\u00fc \u015fark\u0131c\u0131 Aydilge, e\u015fi ile birlikte Adem Y\u0131lmaz ve Yaren Leylek&#8217;i ziyaret etmi\u015fti.<\/p>\n","protected":false},"excerpt":{"rendered":"<p>\u00dcnl\u00fc \u015fark\u0131c\u0131 Aydilge, ge\u00e7en sene kal\u00e7as\u0131ndaki labrum y\u0131rt\u0131\u011f\u0131 nedeniyle acilen hastaneye kald\u0131r\u0131lmas\u0131n\u0131n ard\u0131ndan yine sa\u011fl\u0131k sorunlar\u0131yla g\u00fcndem oldu. Kendine has ses tonuyla \u00f6n plana \u00e7\u0131kan \u015fark\u0131c\u0131 Aydilge, uzun s\u00fcredir tedavilere cevap vermeyen hastal\u0131klar\u0131 nedeniyle \u015fiddetli a\u011fr\u0131lar ya\u015fad\u0131\u011f\u0131n\u0131 ve birtak\u0131m operasyonlara girece\u011fini a\u00e7\u0131klad\u0131. <\/p>\n","protected":false},"author":33,"featured_media":153114,"comment_status":"closed","ping_status":"closed","sticky":false,"template":"","format":"standard","meta":{"rank_math_lock_modified_date":false,"footnotes":""},"categories":[76],"tags":[15658,15661,15659,15662,15660],"class_list":["post-153113","post","type-post","status-publish","format-standard","has-post-thumbnail","hentry","category-magazin","tag-aydilge-hastane","tag-aydilge-hayatta-mi","tag-aydilge-kimdir","tag-aydilge-neden-hastanede","tag-aydilgeye-ne-oldu"],"_links":{"self":[{"href":"https:\/\/www.tgrthaber.com\/mavikadin\/wp-json\/wp\/v2\/posts\/153113"}],"collection":[{"href":"https:\/\/www.tgrthaber.com\/mavikadin\/wp-json\/wp\/v2\/posts"}],"about":[{"href":"https:\/\/www.tgrthaber.com\/mavikadin\/wp-json\/wp\/v2\/types\/post"}],"author":[{"embeddable":true,"href":"https:\/\/www.tgrthaber.com\/mavikadin\/wp-json\/wp\/v2\/users\/33"}],"replies":[{"embeddable":true,"href":"https:\/\/www.tgrthaber.com\/mavikadin\/wp-json\/wp\/v2\/comments?post=153113"}],"version-history":[{"count":3,"href":"https:\/\/www.tgrthaber.com\/mavikadin\/wp-json\/wp\/v2\/posts\/153113\/revisions"}],"predecessor-version":[{"id":153319,"href":"https:\/\/www.tgrthaber.com\/mavikadin\/wp-json\/wp\/v2\/posts\/153113\/revisions\/153319"}],"wp:featuredmedia":[{"embeddable":true,"href":"https:\/\/www.tgrthaber.com\/mavikadin\/wp-json\/wp\/v2\/media\/153114"}],"wp:attachment":[{"href":"https:\/\/www.tgrthaber.com\/mavikadin\/wp-json\/wp\/v2\/media?parent=153113"}],"wp:term":[{"taxonomy":"category","embeddable":true,"href":"https:\/\/www.tgrthaber.com\/mavikadin\/wp-json\/wp\/v2\/categories?post=153113"},{"taxonomy":"post_tag","embeddable":true,"href":"https:\/\/www.tgrthaber.com\/mavikadin\/wp-json\/wp\/v2\/tags?post=153113"}],"curies":[{"name":"wp","href":"https:\/\/api.w.org\/{rel}","templated":true}]}}