{"id":153191,"date":"2025-03-27T00:48:47","date_gmt":"2025-03-26T21:48:47","guid":{"rendered":"https:\/\/www.tgrthaber.com\/mavikadin\/?p=153191"},"modified":"2025-09-18T16:00:50","modified_gmt":"2025-09-18T13:00:50","slug":"kim-sae-ronun-ailesinden-flas-hamle-ellerindeki-kanitlarla-basin-toplantisi-duzenleyecek","status":"publish","type":"post","link":"https:\/\/www.tgrthaber.com\/mavikadin\/kim-sae-ronun-ailesinden-flas-hamle-ellerindeki-kanitlarla-basin-toplantisi-duzenleyecek\/","title":{"rendered":"Kim Sae Ron\u2019un ailesinden fla\u015f hamle! Ellerindeki kan\u0131tlarla bas\u0131n toplant\u0131s\u0131 d\u00fczenleyecek!"},"content":{"rendered":"<p>Kim Sae Ron ailesi k\u0131zlar\u0131 hakk\u0131nda bas\u0131nda \u00e7\u0131kan iftiralara kar\u015f\u0131 a\u00e7\u0131klama yapma karar\u0131 ald\u0131lar. Merhum Kim Sae Ron&#8217;un yasl\u0131 ailesinin yasal temsilcisinin 27 Mart&#8217;ta saat 13:30&#8217;da Seul&#8217;de bir bas\u0131n toplant\u0131s\u0131 d\u00fczenleyece\u011fi bildirildi. Peki, Kim Sae Ron ailesinin elinde olan kan\u0131tlar Kim Soo Hyun\u2019la m\u0131 ilgili?<\/p>\n<h3>27 MART\u2019TA BASIN TOPLANTISI YAPILACAK!<\/h3>\n<p>Medya kurulu\u015fu Hankyung&#8217;un haberine g\u00f6re, merhum Kim Sae Ron&#8217;un yasl\u0131 ailesinin yasal temsilcisinin 27 Mart&#8217;ta saat 13:30&#8217;da Seul&#8217;de bir bas\u0131n toplant\u0131s\u0131 d\u00fczenleyece\u011fi bildirildi. Temsilci, Kim Soo Hyun ile Kim Sae Ron aras\u0131ndaki ili\u015fkinin zamanlamas\u0131n\u0131 do\u011frulayabilecek delilleri yay\u0131nlamay\u0131 ve Kim Sae Ron&#8217;un ailesini hedef alan yanl\u0131\u015f bilgilerin yay\u0131lmas\u0131yla ilgili olarak ger\u00e7ekle\u015ftirilecek yasal i\u015flemi duyurmay\u0131 planl\u0131yor.<\/p>\n<p><img loading=\"lazy\" decoding=\"async\" class=\"alignnone wp-image-153197\" src=\"https:\/\/www.tgrthaber.com\/mavikadin\/wp-content\/uploads\/kim-soo-hyun-and-kim-sae-ron-300x180.jpg\" alt=\"kim soo hyun and kim sae ron\" width=\"1208\" height=\"725\" title=\"\" srcset=\"https:\/\/www.tgrthaber.com\/mavikadin\/wp-content\/uploads\/kim-soo-hyun-and-kim-sae-ron-300x180.jpg 300w, https:\/\/www.tgrthaber.com\/mavikadin\/wp-content\/uploads\/kim-soo-hyun-and-kim-sae-ron-768x461.jpg 768w, https:\/\/www.tgrthaber.com\/mavikadin\/wp-content\/uploads\/kim-soo-hyun-and-kim-sae-ron.jpg 825w\" sizes=\"(max-width: 1208px) 100vw, 1208px\" \/><\/p>\n<hr \/>\n<p>Kim Sae Ron aile k\u0131zlar\u0131yla ilgili foto\u011fraflar\u0131n sosyal medyalarda payla\u015f\u0131lmas\u0131ndan rahats\u0131zl\u0131k duymu\u015ftu. Foto\u011fraflar\u0131n ger\u00e7e\u011fi yans\u0131t\u0131p yans\u0131tmad\u0131\u011f\u0131 konusunda da dijital adli inceleme yapacaklar\u0131n\u0131 a\u00e7\u0131klam\u0131\u015ft\u0131. Dikkatler, konferansta ikilinin 2015&#8217;ten beri birlikte oldu\u011fu iddialar\u0131n\u0131n do\u011frulan\u0131p do\u011frulanmayaca\u011f\u0131na odaklanm\u0131\u015f durumda.<\/p>\n<p><img loading=\"lazy\" decoding=\"async\" class=\"alignnone wp-image-153198\" src=\"https:\/\/www.tgrthaber.com\/mavikadin\/wp-content\/uploads\/kim-soo-hyun-and-kim-sae-ron-2-300x171.jpg\" alt=\"kim soo hyun and kim sae ron (2)\" width=\"1208\" height=\"689\" title=\"\" srcset=\"https:\/\/www.tgrthaber.com\/mavikadin\/wp-content\/uploads\/kim-soo-hyun-and-kim-sae-ron-2-300x171.jpg 300w, https:\/\/www.tgrthaber.com\/mavikadin\/wp-content\/uploads\/kim-soo-hyun-and-kim-sae-ron-2-768x438.jpg 768w, https:\/\/www.tgrthaber.com\/mavikadin\/wp-content\/uploads\/kim-soo-hyun-and-kim-sae-ron-2.jpg 835w\" sizes=\"(max-width: 1208px) 100vw, 1208px\" \/><\/p>\n<hr \/>\n<p>Garosero Ara\u015ft\u0131rma Enstit\u00fcs\u00fc daha \u00f6nce, \u00f6len ki\u015finin ailesinin verdi\u011fi ifadeye dayanarak, Kim Sae Ron&#8217;un, Kim Soo Hyun ile 2015 y\u0131l\u0131n\u0131n Kas\u0131m ay\u0131nda, hen\u00fcz re\u015fit de\u011filken ba\u015flayarak alt\u0131 y\u0131l boyunca \u00e7\u0131kt\u0131\u011f\u0131n\u0131 iddia etmi\u015fti. Garosero Ara\u015ft\u0131rma Enstit\u00fcs\u00fc, yay\u0131n s\u0131ras\u0131nda Kim Soo Hyun\u2018un bula\u015f\u0131klar\u0131 y\u0131karken bir ti\u015f\u00f6rt ve i\u00e7 \u00e7ama\u015f\u0131r\u0131 giydi\u011fi foto\u011fraf\u0131n\u0131 g\u00f6stererek, Kim Sae Ron\u2018un evinde g\u00f6r\u00fcnd\u00fc\u011f\u00fc iddia edildi.<\/p>\n<h3>K\u0130M SAE RON A\u0130LES\u0130 BASIN TOPLANTISI NEREDE YAPILACAK?<\/h3>\n<p>Bas\u0131n toplant\u0131s\u0131n\u0131n 27 Mart\u2019ta Seul, Seocho-gu\u2018da saat 13:30\u2018da yap\u0131lmas\u0131 planlan\u0131yor.<\/p>\n","protected":false},"excerpt":{"rendered":"<p>Kim Sae Ron ailesi k\u0131zlar\u0131 hakk\u0131nda bas\u0131nda \u00e7\u0131kan iftiralara kar\u015f\u0131 a\u00e7\u0131klama yapma karar\u0131 ald\u0131lar. Merhum Kim Sae Ron&#8217;un yasl\u0131 ailesinin yasal temsilcisinin 27 Mart&#8217;ta saat 13:30&#8217;da Seul&#8217;de bir bas\u0131n toplant\u0131s\u0131 d\u00fczenleyece\u011fi bildirildi. Peki, Kim Sae Ron ailesinin elinde olan kan\u0131tlar Kim Soo Hyun\u2019la m\u0131 ilgili? <\/p>\n","protected":false},"author":10,"featured_media":153199,"comment_status":"closed","ping_status":"closed","sticky":false,"template":"","format":"standard","meta":{"rank_math_lock_modified_date":false,"footnotes":""},"categories":[76],"tags":[11671,247,11336,11171,4670,2218],"class_list":["post-153191","post","type-post","status-publish","format-standard","has-post-thumbnail","hentry","category-magazin","tag-kdrama","tag-kesfet","tag-kim-sae-ron","tag-kim-soo-hyun","tag-kore-magazin","tag-magazin-haberleri"],"_links":{"self":[{"href":"https:\/\/www.tgrthaber.com\/mavikadin\/wp-json\/wp\/v2\/posts\/153191"}],"collection":[{"href":"https:\/\/www.tgrthaber.com\/mavikadin\/wp-json\/wp\/v2\/posts"}],"about":[{"href":"https:\/\/www.tgrthaber.com\/mavikadin\/wp-json\/wp\/v2\/types\/post"}],"author":[{"embeddable":true,"href":"https:\/\/www.tgrthaber.com\/mavikadin\/wp-json\/wp\/v2\/users\/10"}],"replies":[{"embeddable":true,"href":"https:\/\/www.tgrthaber.com\/mavikadin\/wp-json\/wp\/v2\/comments?post=153191"}],"version-history":[{"count":1,"href":"https:\/\/www.tgrthaber.com\/mavikadin\/wp-json\/wp\/v2\/posts\/153191\/revisions"}],"predecessor-version":[{"id":153200,"href":"https:\/\/www.tgrthaber.com\/mavikadin\/wp-json\/wp\/v2\/posts\/153191\/revisions\/153200"}],"wp:featuredmedia":[{"embeddable":true,"href":"https:\/\/www.tgrthaber.com\/mavikadin\/wp-json\/wp\/v2\/media\/153199"}],"wp:attachment":[{"href":"https:\/\/www.tgrthaber.com\/mavikadin\/wp-json\/wp\/v2\/media?parent=153191"}],"wp:term":[{"taxonomy":"category","embeddable":true,"href":"https:\/\/www.tgrthaber.com\/mavikadin\/wp-json\/wp\/v2\/categories?post=153191"},{"taxonomy":"post_tag","embeddable":true,"href":"https:\/\/www.tgrthaber.com\/mavikadin\/wp-json\/wp\/v2\/tags?post=153191"}],"curies":[{"name":"wp","href":"https:\/\/api.w.org\/{rel}","templated":true}]}}