{"id":153202,"date":"2025-03-27T01:27:41","date_gmt":"2025-03-26T22:27:41","guid":{"rendered":"https:\/\/www.tgrthaber.com\/mavikadin\/?p=153202"},"modified":"2025-09-18T16:02:01","modified_gmt":"2025-09-18T13:02:01","slug":"yali-capkini-final-yaparken-beril-pozamdan-bebek-mujdesi","status":"publish","type":"post","link":"https:\/\/www.tgrthaber.com\/mavikadin\/yali-capkini-final-yaparken-beril-pozamdan-bebek-mujdesi\/","title":{"rendered":"Yal\u0131 \u00c7apk\u0131n\u0131 final yaparken Beril Pozam\u2019dan bebek m\u00fcjdesi!"},"content":{"rendered":"<p class=\"p1\">Yal\u0131 \u00c7apk\u0131n\u0131 dizisi 100. b\u00f6l\u00fcm\u00fcyle ekran ser\u00fcvenini noktalarken, oyunculardan Beril Pozam ve e\u015fi Ersin Ar\u0131c\u0131 cephesinde y\u00fczleri g\u00fcl\u00fcmseten bir geli\u015fme ya\u015fand\u0131. Beril Pozam\u2019\u0131n bebek bekledi\u011fi \u00f6\u011frenildi. Dizinin final karar\u0131n\u0131n arkas\u0131nda Mert Ramazan Demir ya da Afra Sara\u00e7o\u011flu de\u011fil, Pozam\u2019\u0131n hamileli\u011fi oldu\u011fu kulislerde konu\u015fulmaya ba\u015flan\u0131rken, \u00e7iftin bebek m\u00fcjdesini ima eden ilk sosyal medya payla\u015f\u0131m\u0131 da geldi.<\/p>\n<h3>YALI \u00c7APKINI D\u0130Z\u0130S\u0130N\u0130N YILDIZI BER\u0130L POZAM&#8217;IN HAM\u0130LE OLDU\u011eU \u0130DD\u0130A ED\u0130LD\u0130<\/h3>\n<p class=\"p1\">Yal\u0131 \u00c7apk\u0131n\u0131 dizisi 100. b\u00f6l\u00fcm\u00fcyle ekranlara veda etmeye haz\u0131rlan\u0131rken, oyuncu kadrosundan Beril Pozam ve e\u015fi Ersin Ar\u0131c\u0131 hakk\u0131nda sevindirici bir geli\u015fme g\u00fcndeme geldi. Beril Pozam\u2019\u0131n hamile oldu\u011fu bilgisi kulislerde h\u0131zla yay\u0131ld\u0131. Dizinin sona ermesinde Afra Sara\u00e7o\u011flu ya da Mert Ramazan Demir\u2019in de\u011fil, Pozam\u2019\u0131n hamileli\u011finin etkili oldu\u011fu iddialar\u0131 konu\u015fulmaya ba\u015fland\u0131. T\u00fcm bu s\u00f6ylentilerin ard\u0131ndan \u00e7iftin sosyal medya hesaplar\u0131ndan payla\u015ft\u0131klar\u0131 bir g\u00f6nderi, bebek haberini dolayl\u0131 olarak do\u011frular nitelikte oldu.<\/p>\n<p><img loading=\"lazy\" decoding=\"async\" class=\"alignnone wp-image-153208 \" src=\"https:\/\/www.tgrthaber.com\/mavikadin\/wp-content\/uploads\/Ekran-Resmi-2025-03-27-01.19.50.png\" alt=\"\" width=\"993\" height=\"602\" title=\"\" srcset=\"https:\/\/www.tgrthaber.com\/mavikadin\/wp-content\/uploads\/Ekran-Resmi-2025-03-27-01.19.50.png 594w, https:\/\/www.tgrthaber.com\/mavikadin\/wp-content\/uploads\/Ekran-Resmi-2025-03-27-01.19.50-300x182.png 300w\" sizes=\"(max-width: 993px) 100vw, 993px\" \/><\/p>\n<hr \/>\n<h3>YALI \u00c7APKINI&#8217;NIN SUNA&#8217;SI BER\u0130L POZAM K\u0130MD\u0130R?<\/h3>\n<p class=\"p1\">Beril Pozam, hem tiyatro sahnelerindeki performanslar\u0131 hem de televizyon ekranlar\u0131ndaki rolleriyle dikkat \u00e7eken bir isim. Yal\u0131 \u00c7apk\u0131n\u0131 dizisinde oynad\u0131\u011f\u0131 Suna karakteriyle geni\u015f kitlelerce tan\u0131nan oyuncu, sadece karakteriyle de\u011fil, oyunculuk yetene\u011fiyle de \u00f6ne \u00e7\u0131k\u0131yor. Peki Beril Pozam hakk\u0131nda merak edilenler neler? Ka\u00e7 ya\u015f\u0131nda ve hangi projelerde yer ald\u0131?<\/p>\n<p><img loading=\"lazy\" decoding=\"async\" class=\"alignnone wp-image-153209 \" src=\"https:\/\/www.tgrthaber.com\/mavikadin\/wp-content\/uploads\/Ekran-Resmi-2025-03-27-01.20.47.png\" alt=\"\" width=\"990\" height=\"561\" title=\"\" srcset=\"https:\/\/www.tgrthaber.com\/mavikadin\/wp-content\/uploads\/Ekran-Resmi-2025-03-27-01.20.47.png 886w, https:\/\/www.tgrthaber.com\/mavikadin\/wp-content\/uploads\/Ekran-Resmi-2025-03-27-01.20.47-300x170.png 300w, https:\/\/www.tgrthaber.com\/mavikadin\/wp-content\/uploads\/Ekran-Resmi-2025-03-27-01.20.47-768x435.png 768w\" sizes=\"(max-width: 990px) 100vw, 990px\" \/><\/p>\n<hr \/>\n<p class=\"p1\">1995 y\u0131l\u0131nda \u0130stanbul\u2019da d\u00fcnyaya gelen Beril Pozam, ayn\u0131 zamanda sahne sanatlar\u0131 ge\u00e7mi\u015fi olan bir oyuncudur. Tiyatro alan\u0131nda uzun s\u00fcredir aktif olan Pozam, kamera \u00f6n\u00fc kariyerine de ba\u015far\u0131l\u0131 projelerle devam etmi\u015ftir. Televizyon izleyicisi onu ilk kez 2019 y\u0131l\u0131nda Afili A\u015fk dizisindeki Nazmiye karakteriyle tan\u0131d\u0131. Oyuncunun yer ald\u0131\u011f\u0131 yap\u0131mlar aras\u0131nda 2020 y\u0131l\u0131nda Akrep, 2021\u2019de Ada Masal\u0131, 2022\u2019de Baba ve son olarak Yal\u0131 \u00c7apk\u0131n\u0131 bulunuyor. Talento Ajans b\u00fcnyesinde kariyerini s\u00fcrd\u00fcren Beril Pozam, oyunculuk yolculu\u011funa yeni projelerle devam etmektedir.<\/p>\n<p>&nbsp;<\/p>\n<p>&nbsp;<\/p>\n","protected":false},"excerpt":{"rendered":"<p>Yal\u0131 \u00c7apk\u0131n\u0131 dizisi 100. b\u00f6l\u00fcmle final yaparken, oyunculardan Beril Pozam ve sevgilisi Ersin Ar\u0131c\u0131\u2019dan mutlu bir haber geldi. Beril Pozam\u2019\u0131n hamile oldu\u011fu iddialar\u0131 kulislerde yay\u0131l\u0131rken, \u00e7iftin bebek bekledi\u011fini i\u015faret eden ilk payla\u015f\u0131m da sosyal medyada payla\u015f\u0131ld\u0131. <\/p>\n","protected":false},"author":16,"featured_media":153210,"comment_status":"closed","ping_status":"closed","sticky":false,"template":"","format":"standard","meta":{"rank_math_lock_modified_date":false,"footnotes":""},"categories":[76],"tags":[15691,15689,15690],"class_list":["post-153202","post","type-post","status-publish","format-standard","has-post-thumbnail","hentry","category-magazin","tag-beril-pozam-hamile-mi","tag-yali-capkini-beril-pozam-hamile","tag-yali-capkini-sunasi-beril-pozam-kimdir"],"_links":{"self":[{"href":"https:\/\/www.tgrthaber.com\/mavikadin\/wp-json\/wp\/v2\/posts\/153202"}],"collection":[{"href":"https:\/\/www.tgrthaber.com\/mavikadin\/wp-json\/wp\/v2\/posts"}],"about":[{"href":"https:\/\/www.tgrthaber.com\/mavikadin\/wp-json\/wp\/v2\/types\/post"}],"author":[{"embeddable":true,"href":"https:\/\/www.tgrthaber.com\/mavikadin\/wp-json\/wp\/v2\/users\/16"}],"replies":[{"embeddable":true,"href":"https:\/\/www.tgrthaber.com\/mavikadin\/wp-json\/wp\/v2\/comments?post=153202"}],"version-history":[{"count":1,"href":"https:\/\/www.tgrthaber.com\/mavikadin\/wp-json\/wp\/v2\/posts\/153202\/revisions"}],"predecessor-version":[{"id":153213,"href":"https:\/\/www.tgrthaber.com\/mavikadin\/wp-json\/wp\/v2\/posts\/153202\/revisions\/153213"}],"wp:featuredmedia":[{"embeddable":true,"href":"https:\/\/www.tgrthaber.com\/mavikadin\/wp-json\/wp\/v2\/media\/153210"}],"wp:attachment":[{"href":"https:\/\/www.tgrthaber.com\/mavikadin\/wp-json\/wp\/v2\/media?parent=153202"}],"wp:term":[{"taxonomy":"category","embeddable":true,"href":"https:\/\/www.tgrthaber.com\/mavikadin\/wp-json\/wp\/v2\/categories?post=153202"},{"taxonomy":"post_tag","embeddable":true,"href":"https:\/\/www.tgrthaber.com\/mavikadin\/wp-json\/wp\/v2\/tags?post=153202"}],"curies":[{"name":"wp","href":"https:\/\/api.w.org\/{rel}","templated":true}]}}