{"id":153215,"date":"2025-03-27T01:56:24","date_gmt":"2025-03-26T22:56:24","guid":{"rendered":"https:\/\/www.tgrthaber.com\/mavikadin\/?p=153215"},"modified":"2025-09-18T16:02:14","modified_gmt":"2025-09-18T13:02:14","slug":"ay-yola-kimdir-aslen-nereli-baskurtca-seslendirdigi-homay-sarkisini-milyonlar-dinledi","status":"publish","type":"post","link":"https:\/\/www.tgrthaber.com\/mavikadin\/ay-yola-kimdir-aslen-nereli-baskurtca-seslendirdigi-homay-sarkisini-milyonlar-dinledi\/","title":{"rendered":"Ay Yola kimdir, aslen nereli? Ba\u015fkurt\u00e7a seslendirdi\u011fi &#8216;Homay&#8217; \u015fark\u0131s\u0131n\u0131 milyonlar dinledi"},"content":{"rendered":"<p class=\"p1\">Ba\u015fkurt m\u00fczi\u011finin etkileyici t\u0131n\u0131lar\u0131n\u0131 d\u00fcnya ile bulu\u015fturan &#8216;Ay Yola&#8217;, son d\u00f6nemin en dikkat \u00e7eken etnik m\u00fczik projelerinden biri haline geldi. 14 Mart\u2019ta yay\u0131mlanan &#8216;Homay&#8217; adl\u0131 par\u00e7as\u0131, \u00f6zellikle T\u00fcrk D\u00fcnyas\u0131\u2019nda k\u0131sa s\u00fcrede geni\u015f bir dinleyici kitlesine ula\u015ft\u0131. Farkl\u0131 co\u011frafyalardan insanlar, \u015fark\u0131n\u0131n verdi\u011fi duyguyu i\u00e7selle\u015ftirerek payla\u015fmaya ba\u015flad\u0131. Peki Ay Yola kimdir, aslen nereli? \u0130\u015fte detaylar&#8230;<\/p>\n<h3>AY YOLA&#8217;NIN &#8216;HOMAY&#8217; \u015eARKISINI M\u0130LYONLAR D\u0130NLED\u0130<\/h3>\n<p class=\"p1\">Ay Yola, \u00fc\u00e7 sanat\u00e7\u0131n\u0131n bir araya gelerek olu\u015fturdu\u011fu bir m\u00fczik grubudur. &#8216;Ural Bat\u0131r&#8217; adl\u0131 konsept alb\u00fcmde yer alan 12 par\u00e7an\u0131n tamam\u0131, ayn\u0131 isimli destan\u0131n b\u00f6l\u00fcmlerini ve karakterlerini anlat\u0131yor. Homay ise bu alb\u00fcm\u00fcn en dikkat \u00e7eken ve en \u00e7ok dinlenen par\u00e7alar\u0131ndan biri oldu. Ay Yola\u2019n\u0131n yapt\u0131\u011f\u0131 a\u00e7\u0131klamada, &#8216;Homay&#8217; bize kimli\u011fimizi ve ge\u00e7mi\u015fimizi hat\u0131rlat\u0131yor. Bu \u015fark\u0131, hepimizin i\u00e7indeki hik\u00e2yeye dokunuyor&#8217; s\u00f6zleri, par\u00e7an\u0131n neden bu kadar yo\u011fun duygular uyand\u0131rd\u0131\u011f\u0131n\u0131 ortaya koyuyor. \u015eark\u0131n\u0131n etkileyici yap\u0131s\u0131 ve k\u00fclt\u00fcrel dokusu sebebiyle sosyal medya kullan\u0131c\u0131lar\u0131 Ay Yola hakk\u0131nda daha fazla bilgi aramaya ba\u015flad\u0131.Peki Ay Yola kimdir, aslen nereli? \u0130\u015fte merak edilen detaylar\u2026<\/p>\n<div style=\"width: 640px;\" class=\"wp-video\"><!--[if lt IE 9]><script>document.createElement('video');<\/script><![endif]-->\n<video class=\"wp-video-shortcode\" id=\"video-153215-1\" width=\"640\" height=\"1138\" preload=\"metadata\" controls=\"controls\"><source type=\"video\/mp4\" src=\"https:\/\/www.tgrthaber.com\/mavikadin\/wp-content\/uploads\/ay-yola.mp4?_=1\" \/><a href=\"https:\/\/www.tgrthaber.com\/mavikadin\/wp-content\/uploads\/ay-yola.mp4\">https:\/\/www.tgrthaber.com\/mavikadin\/wp-content\/uploads\/ay-yola.mp4<\/a><\/video><\/div>\n<h3 class=\"p1\">AY YOLA K\u0130MD\u0130R, ASLEN NEREL\u0130?<\/h3>\n<p class=\"p1\">Ay Yola kimdir, aslen nereli? sorusunun cevab\u0131, son d\u00f6nemde sosyal medyada h\u0131zla yay\u0131lan &#8216;Homay&#8217; \u015fark\u0131s\u0131yla birlikte merak edilmeye ba\u015fland\u0131. Ay Yol, Ba\u015fkurt T\u00fcrklerine mensup \u00fc\u00e7 sanat\u00e7\u0131n\u0131n bir araya gelerek kurdu\u011fu etnik m\u00fczik grubudur. Grubun ad\u0131 Ba\u015fkurt\u00e7a bir ifade olup, anlam\u0131 &#8216;Ay Yolu&#8217; yani &#8216;Samanyolu&#8217;dur. K\u00fclt\u00fcrel k\u00f6kenleri Ba\u015fkortostan\u2019a dayanan bu grup, T\u00fcrk halklar\u0131n\u0131n ortak destanlar\u0131, ezgileri ve s\u00f6zl\u00fc miraslar\u0131n\u0131 yeniden yorumlayarak m\u00fczi\u011fe ta\u015f\u0131may\u0131 ama\u00e7lamaktad\u0131r.<\/p>\n<p><img loading=\"lazy\" decoding=\"async\" class=\"alignnone wp-image-153217 \" src=\"https:\/\/www.tgrthaber.com\/mavikadin\/wp-content\/uploads\/Ekran-Resmi-2025-03-27-01.48.41.png\" alt=\"\" width=\"976\" height=\"1391\" title=\"\" srcset=\"https:\/\/www.tgrthaber.com\/mavikadin\/wp-content\/uploads\/Ekran-Resmi-2025-03-27-01.48.41.png 640w, https:\/\/www.tgrthaber.com\/mavikadin\/wp-content\/uploads\/Ekran-Resmi-2025-03-27-01.48.41-211x300.png 211w\" sizes=\"(max-width: 976px) 100vw, 976px\" \/><\/p>\n<hr \/>\n<p class=\"p1\">M\u00fcziklerinde Ba\u015fkurt\u00e7a\u2019y\u0131 ve Orta Asya\u2019ya ait geleneksel enstr\u00fcmanlar\u0131 kullanarak, hem tarihi hem de duygusal anlamda g\u00fc\u00e7l\u00fc bir ba\u011f kurmay\u0131 hedeflerler. 2024 y\u0131l\u0131nda yay\u0131nlad\u0131klar\u0131 &#8216;Ural Bat\u0131r&#8217; isimli alb\u00fcmle dikkat \u00e7eken grup, bu alb\u00fcmde Ba\u015fkurt destanlar\u0131ndan esinlenen 12 par\u00e7aya yer vermi\u015ftir. Grubun en \u00e7ok ses getiren par\u00e7as\u0131 olan &#8216;Homay&#8217;, k\u0131sa s\u00fcrede milyonlarca dinlenmeye ula\u015farak, Ay Yola\u2019y\u0131 T\u00fcrk d\u00fcnyas\u0131nda tan\u0131nan bir isim haline getirmi\u015ftir. Ay Yola&#8217;n\u0131n K\u0131rk\u0131zistanl\u0131 oldu\u011fu biliniyor. Ya\u015f\u0131 ve kariyerine dair bilgiler hen\u00fcz bilinmiyor.<\/p>\n","protected":false},"excerpt":{"rendered":"<p>Son d\u00f6nemde ad\u0131ndan s\u0131k\u00e7a s\u00f6z ettiren \u201cAy Yola\u201d m\u00fczik grubu, Ba\u015fkurt ezgilerini modern yorumlarla harmanlayarak dinleyiciyle bulu\u015fturdu. 14 Mart\u2019ta \u00e7\u0131kan \u201cHomay\u201d \u015fark\u0131s\u0131yla b\u00fcy\u00fck ilgi g\u00f6ren grup, T\u00fcrk D\u00fcnyas\u0131\u2019nda k\u0131sa s\u00fcrede tan\u0131nd\u0131. Peki Ay Yola kimdir, aslen nereli? \u0130\u015fte detaylar\u2026<\/p>\n","protected":false},"author":16,"featured_media":153218,"comment_status":"closed","ping_status":"closed","sticky":false,"template":"","format":"standard","meta":{"rank_math_lock_modified_date":false,"footnotes":""},"categories":[101],"tags":[15694,15693],"class_list":["post-153215","post","type-post","status-publish","format-standard","has-post-thumbnail","hentry","category-kesfet","tag-homay-ay-yola-aslen-nereli","tag-homay-ay-yola-kimdir"],"_links":{"self":[{"href":"https:\/\/www.tgrthaber.com\/mavikadin\/wp-json\/wp\/v2\/posts\/153215"}],"collection":[{"href":"https:\/\/www.tgrthaber.com\/mavikadin\/wp-json\/wp\/v2\/posts"}],"about":[{"href":"https:\/\/www.tgrthaber.com\/mavikadin\/wp-json\/wp\/v2\/types\/post"}],"author":[{"embeddable":true,"href":"https:\/\/www.tgrthaber.com\/mavikadin\/wp-json\/wp\/v2\/users\/16"}],"replies":[{"embeddable":true,"href":"https:\/\/www.tgrthaber.com\/mavikadin\/wp-json\/wp\/v2\/comments?post=153215"}],"version-history":[{"count":2,"href":"https:\/\/www.tgrthaber.com\/mavikadin\/wp-json\/wp\/v2\/posts\/153215\/revisions"}],"predecessor-version":[{"id":153220,"href":"https:\/\/www.tgrthaber.com\/mavikadin\/wp-json\/wp\/v2\/posts\/153215\/revisions\/153220"}],"wp:featuredmedia":[{"embeddable":true,"href":"https:\/\/www.tgrthaber.com\/mavikadin\/wp-json\/wp\/v2\/media\/153218"}],"wp:attachment":[{"href":"https:\/\/www.tgrthaber.com\/mavikadin\/wp-json\/wp\/v2\/media?parent=153215"}],"wp:term":[{"taxonomy":"category","embeddable":true,"href":"https:\/\/www.tgrthaber.com\/mavikadin\/wp-json\/wp\/v2\/categories?post=153215"},{"taxonomy":"post_tag","embeddable":true,"href":"https:\/\/www.tgrthaber.com\/mavikadin\/wp-json\/wp\/v2\/tags?post=153215"}],"curies":[{"name":"wp","href":"https:\/\/api.w.org\/{rel}","templated":true}]}}