{"id":153272,"date":"2025-03-27T11:10:56","date_gmt":"2025-03-27T08:10:56","guid":{"rendered":"https:\/\/www.tgrthaber.com\/mavikadin\/?p=153272"},"modified":"2025-03-27T15:47:57","modified_gmt":"2025-03-27T12:47:57","slug":"uludag-otel-yangininda-hayatini-kaybeden-berkin-ustanin-son-paylasimi-yurekleri-dagladi","status":"publish","type":"post","link":"https:\/\/www.tgrthaber.com\/mavikadin\/uludag-otel-yangininda-hayatini-kaybeden-berkin-ustanin-son-paylasimi-yurekleri-dagladi\/","title":{"rendered":"Uluda\u011f otel yang\u0131n\u0131nda hayat\u0131n\u0131 kaybeden Berkin Usta\u2019n\u0131n son payla\u015f\u0131m\u0131 y\u00fcrekleri da\u011flad\u0131!"},"content":{"rendered":"<p>Bursa Uluda\u011f b\u00f6lgesinde bulunan Kervansaray Otel\u2019de yang\u0131n \u00e7\u0131kt\u0131. Yang\u0131ndan hayat\u0131n\u0131 kaybedenler aras\u0131nda milli kayak\u00e7\u0131 Berkin Usta ve babas\u0131 eski milli kayak\u00e7\u0131 Yahya Usta oldu\u011fu \u00f6\u011frenildi. Berkin Usta\u2019n\u0131n sosyal medya hesab\u0131 \u00fczerinden yapt\u0131\u011f\u0131 son payla\u015f\u0131m y\u00fcrekleri da\u011flad\u0131. \u0130\u015fte Berkin Usta\u2019n\u0131n yapt\u0131\u011f\u0131 son payla\u015f\u0131m\u2026<\/p>\n<h3>ULUDA\u011e KERVANSARAY OTELDE YANGIN \u00c7IKTI!<\/h3>\n<p>Milli kayak\u00e7\u0131 Berkin Usta\u2019n\u0131n ve babas\u0131 eski millik kayak\u00e7\u0131 Yahya Usta\u2019n\u0131n \u00f6l\u00fcm\u00fcne yol a\u00e7an otelle ilgili a\u00e7\u0131klamalar yap\u0131ld\u0131. Yap\u0131lan ilk a\u00e7\u0131klamaya g\u00f6re; 1. Oteller B\u00f6lgesi&#8217;nde basit konaklama belgesinin s\u00fcresinin doldu\u011fu ve Milli Parklar&#8217;daki tahsis s\u00fcreci sona erdi\u011fi i\u00e7in belediyenin i\u015f yeri a\u00e7ma ruhsat\u0131n\u0131 yenilemedi\u011fi otelde hen\u00fcz belirlenemeyen bir nedenden dolay\u0131 yang\u0131n \u00e7\u0131kt\u0131. \u0130hbar \u00fczerine olay yerine itfaiye ekipleri sevk edildi.<\/p>\n<p><img loading=\"lazy\" decoding=\"async\" class=\"alignnone wp-image-153276\" src=\"https:\/\/www.tgrthaber.com\/mavikadin\/wp-content\/uploads\/Berkin-Usta-5-1024x576.jpg\" alt=\"Uluda\u011f otel yang\u0131n\u0131nda hayat\u0131n\u0131 kaybeden Berkin Usta\u2019n\u0131n son payla\u015f\u0131m\u0131 y\u00fcrekleri da\u011flad\u0131!\" width=\"1208\" height=\"680\" title=\"\" srcset=\"https:\/\/www.tgrthaber.com\/mavikadin\/wp-content\/uploads\/Berkin-Usta-5-1024x576.jpg 1024w, https:\/\/www.tgrthaber.com\/mavikadin\/wp-content\/uploads\/Berkin-Usta-5-300x169.jpg 300w, https:\/\/www.tgrthaber.com\/mavikadin\/wp-content\/uploads\/Berkin-Usta-5-768x432.jpg 768w, https:\/\/www.tgrthaber.com\/mavikadin\/wp-content\/uploads\/Berkin-Usta-5-1536x864.jpg 1536w, https:\/\/www.tgrthaber.com\/mavikadin\/wp-content\/uploads\/Berkin-Usta-5.jpg 1600w\" sizes=\"(max-width: 1208px) 100vw, 1208px\" \/><\/p>\n<hr \/>\n<p>Turizm i\u015fletme belgesi olmad\u0131\u011f\u0131 gerek\u00e7esiyle ocak ay\u0131nda kapat\u0131lan otelde \u00e7\u0131kan yang\u0131n ekiplerin m\u00fcdahalesi sonucunda kontrol alt\u0131na al\u0131nd\u0131. Yang\u0131n s\u0131ras\u0131nda otel ve alt k\u0131sm\u0131ndaki kayak merkezinde \u00e7al\u0131\u015ft\u0131klar\u0131 bildirilen 12 ki\u015finin dumandan etkilendi\u011fi ve 2 ki\u015finin ise hayat\u0131n\u0131 kaybetti\u011fi bilgisi edinildi.<\/p>\n<p>Yang\u0131nda hayat\u0131n\u0131 kaybedenlerin eski kayak\u00e7\u0131 Yahya Usta ve milli kayak\u00e7\u0131 o\u011flu Berkin Usta oldu\u011fu \u00f6\u011frenildi.<\/p>\n<p><img loading=\"lazy\" decoding=\"async\" class=\"alignnone wp-image-153277\" src=\"https:\/\/www.tgrthaber.com\/mavikadin\/wp-content\/uploads\/Berkin-Usta-2-1-1024x576.jpg\" alt=\"Uluda\u011f otel yang\u0131n\u0131nda hayat\u0131n\u0131 kaybeden Berkin Usta\u2019n\u0131n son payla\u015f\u0131m\u0131 y\u00fcrekleri da\u011flad\u0131!\" width=\"1208\" height=\"680\" title=\"\" srcset=\"https:\/\/www.tgrthaber.com\/mavikadin\/wp-content\/uploads\/Berkin-Usta-2-1-1024x576.jpg 1024w, https:\/\/www.tgrthaber.com\/mavikadin\/wp-content\/uploads\/Berkin-Usta-2-1-300x169.jpg 300w, https:\/\/www.tgrthaber.com\/mavikadin\/wp-content\/uploads\/Berkin-Usta-2-1-768x432.jpg 768w, https:\/\/www.tgrthaber.com\/mavikadin\/wp-content\/uploads\/Berkin-Usta-2-1-1536x864.jpg 1536w, https:\/\/www.tgrthaber.com\/mavikadin\/wp-content\/uploads\/Berkin-Usta-2-1.jpg 1600w\" sizes=\"(max-width: 1208px) 100vw, 1208px\" \/><\/p>\n<hr \/>\n<h3>BERK\u0130N USTA\u2019NIN SON PAYLA\u015eIMI Y\u00dcREKLER\u0130 DA\u011eLADI!<\/h3>\n<p>Uluda\u011f Kervansaray Otel\u2019de yang\u0131nda hayat\u0131n\u0131 kaybeden ki\u015filerden birinin 24. Pekin K\u0131\u015f Olimpiyatlar\u0131\u2019nda T\u00fcrkiye\u2019yi temsil eden Milli Kayak\u00e7\u0131 Berkin Usta oldu\u011fu \u00f6\u011frenildi. Hen\u00fcz 25 ya\u015f\u0131nda olan gen\u00e7 kayak\u00e7\u0131n\u0131n yang\u0131ndan saatler \u00f6nce otelden payla\u015f\u0131mlar yapt\u0131\u011f\u0131 g\u00f6r\u00fcld\u00fc.<\/p>\n<p>\u0130\u015fte Berkin Usta&#8217;n\u0131n yang\u0131ndan saatler \u00f6nce Instagram hesab\u0131ndan yapt\u0131\u011f\u0131 payla\u015f\u0131m&#8230;<\/p>\n<p><img loading=\"lazy\" decoding=\"async\" class=\"alignnone wp-image-153275\" src=\"https:\/\/www.tgrthaber.com\/mavikadin\/wp-content\/uploads\/Berkin-Usta-4-1-1024x576.jpg\" alt=\"Uluda\u011f otel yang\u0131n\u0131nda hayat\u0131n\u0131 kaybeden Berkin Usta\u2019n\u0131n son payla\u015f\u0131m\u0131 y\u00fcrekleri da\u011flad\u0131!\" width=\"1208\" height=\"680\" title=\"\" srcset=\"https:\/\/www.tgrthaber.com\/mavikadin\/wp-content\/uploads\/Berkin-Usta-4-1-1024x576.jpg 1024w, https:\/\/www.tgrthaber.com\/mavikadin\/wp-content\/uploads\/Berkin-Usta-4-1-300x169.jpg 300w, https:\/\/www.tgrthaber.com\/mavikadin\/wp-content\/uploads\/Berkin-Usta-4-1-768x432.jpg 768w, https:\/\/www.tgrthaber.com\/mavikadin\/wp-content\/uploads\/Berkin-Usta-4-1-1536x864.jpg 1536w, https:\/\/www.tgrthaber.com\/mavikadin\/wp-content\/uploads\/Berkin-Usta-4-1.jpg 1600w\" sizes=\"(max-width: 1208px) 100vw, 1208px\" \/><\/p>\n<hr \/>\n<p>Berkin Usta\u2019n\u0131n sosyal medya hesab\u0131 \u00fczerinden yapt\u0131\u011f\u0131 son payla\u015f\u0131m y\u00fcrekleri da\u011flad\u0131. Bursa Uluda\u011f\u2019da denetimlerde eksiklikler tespit edildi\u011fi i\u00e7in kapat\u0131lan Kervansaray Otel\u2019de \u00e7\u0131kan yang\u0131nda Milli Kayak\u00e7\u0131 Berkin Usta ve babas\u0131 T\u00fcrkiye Kayak ve Snowboard \u00d6\u011fretmenleri Derne\u011fi Ba\u015fkan\u0131 eski milli kayak\u00e7\u0131 Yahya Usta hayat\u0131n\u0131 kaybetti.<\/p>\n<p>Berkin Usta\u2019n\u0131n annesi Fikriye Usta\u2019n\u0131n da yararlananlar aras\u0131nda oldu\u011fu \u00f6\u011frenildi. Ayn\u0131 zamanda Uluda\u011f oteller b\u00f6lgesinde kayak merkezi i\u015fleten ailenin otelin 5. kat\u0131nda kald\u0131\u011f\u0131 \u00f6\u011frenildi.<\/p>\n<p><img loading=\"lazy\" decoding=\"async\" class=\"alignnone wp-image-153278\" src=\"https:\/\/www.tgrthaber.com\/mavikadin\/wp-content\/uploads\/Berkin-Usta-1-1-1024x576.jpg\" alt=\"Uluda\u011f otel yang\u0131n\u0131nda hayat\u0131n\u0131 kaybeden Berkin Usta\u2019n\u0131n son payla\u015f\u0131m\u0131 y\u00fcrekleri da\u011flad\u0131!\" width=\"1208\" height=\"680\" title=\"\" srcset=\"https:\/\/www.tgrthaber.com\/mavikadin\/wp-content\/uploads\/Berkin-Usta-1-1-1024x576.jpg 1024w, https:\/\/www.tgrthaber.com\/mavikadin\/wp-content\/uploads\/Berkin-Usta-1-1-300x169.jpg 300w, https:\/\/www.tgrthaber.com\/mavikadin\/wp-content\/uploads\/Berkin-Usta-1-1-768x432.jpg 768w, https:\/\/www.tgrthaber.com\/mavikadin\/wp-content\/uploads\/Berkin-Usta-1-1-1536x864.jpg 1536w, https:\/\/www.tgrthaber.com\/mavikadin\/wp-content\/uploads\/Berkin-Usta-1-1.jpg 1600w\" sizes=\"(max-width: 1208px) 100vw, 1208px\" \/><\/p>\n<hr \/>\n<h3>BERK\u0130N USTA\u2019NIN YILLAR \u00d6NCEK\u0130 R\u00d6PORTAJI ORTAYA \u00c7IKTI!<\/h3>\n<p>Uluda\u011f Kervansaray Otel\u2019de \u00e7\u0131kan yang\u0131ndan dolay\u0131 hayat\u0131n\u0131 kaybeden milli kayak\u00e7\u0131 Berkin Usta\u2019n\u0131n 2022 Pekin K\u0131\u015f Olimpiyat Oyunlar\u0131\u2019na kat\u0131lmadan \u00f6nce verdi\u011fi r\u00f6portaj ortaya \u00e7\u0131kt\u0131.<\/p>\n<p><img loading=\"lazy\" decoding=\"async\" class=\"alignnone wp-image-153279\" src=\"https:\/\/www.tgrthaber.com\/mavikadin\/wp-content\/uploads\/Berkin-Usta-1024x576.jpg\" alt=\"Uluda\u011f otel yang\u0131n\u0131nda hayat\u0131n\u0131 kaybeden Berkin Usta\u2019n\u0131n son payla\u015f\u0131m\u0131 y\u00fcrekleri da\u011flad\u0131!\" width=\"1208\" height=\"680\" title=\"\" srcset=\"https:\/\/www.tgrthaber.com\/mavikadin\/wp-content\/uploads\/Berkin-Usta-1024x576.jpg 1024w, https:\/\/www.tgrthaber.com\/mavikadin\/wp-content\/uploads\/Berkin-Usta-300x169.jpg 300w, https:\/\/www.tgrthaber.com\/mavikadin\/wp-content\/uploads\/Berkin-Usta-768x432.jpg 768w, https:\/\/www.tgrthaber.com\/mavikadin\/wp-content\/uploads\/Berkin-Usta-1536x864.jpg 1536w, https:\/\/www.tgrthaber.com\/mavikadin\/wp-content\/uploads\/Berkin-Usta.jpg 1600w\" sizes=\"(max-width: 1208px) 100vw, 1208px\" \/><\/p>\n<hr \/>\n<p>Usta verdi\u011fi r\u00f6portajda: \u201cOlimpiyatlara kat\u0131lmak benim \u00e7ocuklu\u011fumdan beri olan hayalim. \u00c7ok zorluklarla kar\u015f\u0131la\u015fsam da 2022 Pekin K\u0131\u015f Olimpiyat Oyunlar\u0131&#8217;nda \u00fclkemi temsil etme hakk\u0131 kazand\u0131m. Kendi ad\u0131ma tabii ki \u00e7ok mutlu ve gururluyum. Ben bug\u00fcne kadar kat\u0131ld\u0131\u011f\u0131m her yar\u0131\u015fmada elimden geleni yaparak g\u00fczel sonu\u00e7lar almaya \u00e7al\u0131\u015ft\u0131m. Olimpiyatta da en g\u00fczel performans\u0131m\u0131 sergileyerek iyi bir sonu\u00e7 al\u0131p, bu sporda bizim de d\u00fcnyada iyi yerlerde oldu\u011fumuzu g\u00f6stermek istiyorum.\u201d ifadelerine yer vermi\u015fti<\/p>\n","protected":false},"excerpt":{"rendered":"<p>Berkin Usta Uluda\u011f\u2019da bulunan Kervansaray Otel\u2019de \u00e7\u0131kan yang\u0131ndan dolay\u0131 hayat\u0131n\u0131 kaybetti. Berkin Usta\u2019n\u0131n son payla\u015f\u0131m\u0131 ise y\u00fcrekleri da\u011flad\u0131. \u0130\u015fte Berkin Usta\u2019n\u0131n son payla\u015f\u0131m\u0131\u2026<\/p>\n","protected":false},"author":26,"featured_media":153280,"comment_status":"closed","ping_status":"closed","sticky":false,"template":"","format":"standard","meta":{"rank_math_lock_modified_date":false,"footnotes":""},"categories":[76],"tags":[15699,15701,15703,215,15700,15702],"class_list":["post-153272","post","type-post","status-publish","format-standard","has-post-thumbnail","hentry","category-magazin","tag-berkin-usta","tag-kervansaray-otel-yangini","tag-milli-kayakci","tag-uludag","tag-uludag-kervansaray-otel","tag-uludag-yangini"],"_links":{"self":[{"href":"https:\/\/www.tgrthaber.com\/mavikadin\/wp-json\/wp\/v2\/posts\/153272"}],"collection":[{"href":"https:\/\/www.tgrthaber.com\/mavikadin\/wp-json\/wp\/v2\/posts"}],"about":[{"href":"https:\/\/www.tgrthaber.com\/mavikadin\/wp-json\/wp\/v2\/types\/post"}],"author":[{"embeddable":true,"href":"https:\/\/www.tgrthaber.com\/mavikadin\/wp-json\/wp\/v2\/users\/26"}],"replies":[{"embeddable":true,"href":"https:\/\/www.tgrthaber.com\/mavikadin\/wp-json\/wp\/v2\/comments?post=153272"}],"version-history":[{"count":1,"href":"https:\/\/www.tgrthaber.com\/mavikadin\/wp-json\/wp\/v2\/posts\/153272\/revisions"}],"predecessor-version":[{"id":153281,"href":"https:\/\/www.tgrthaber.com\/mavikadin\/wp-json\/wp\/v2\/posts\/153272\/revisions\/153281"}],"wp:featuredmedia":[{"embeddable":true,"href":"https:\/\/www.tgrthaber.com\/mavikadin\/wp-json\/wp\/v2\/media\/153280"}],"wp:attachment":[{"href":"https:\/\/www.tgrthaber.com\/mavikadin\/wp-json\/wp\/v2\/media?parent=153272"}],"wp:term":[{"taxonomy":"category","embeddable":true,"href":"https:\/\/www.tgrthaber.com\/mavikadin\/wp-json\/wp\/v2\/categories?post=153272"},{"taxonomy":"post_tag","embeddable":true,"href":"https:\/\/www.tgrthaber.com\/mavikadin\/wp-json\/wp\/v2\/tags?post=153272"}],"curies":[{"name":"wp","href":"https:\/\/api.w.org\/{rel}","templated":true}]}}