{"id":153299,"date":"2025-03-27T11:49:34","date_gmt":"2025-03-27T08:49:34","guid":{"rendered":"https:\/\/www.tgrthaber.com\/mavikadin\/?p=153299"},"modified":"2025-03-27T15:46:37","modified_gmt":"2025-03-27T12:46:37","slug":"unlu-sarkici-nihat-dogan-takipcisine-onur-davasi-acti-seref-ve-sayginligim-rencide-edildi","status":"publish","type":"post","link":"https:\/\/www.tgrthaber.com\/mavikadin\/unlu-sarkici-nihat-dogan-takipcisine-onur-davasi-acti-seref-ve-sayginligim-rencide-edildi\/","title":{"rendered":"\u00dcnl\u00fc \u015fark\u0131c\u0131 Nihat Do\u011fan takip\u00e7isine \u2018onur\u2019 davas\u0131 a\u00e7t\u0131! \u201c\u015eeref ve sayg\u0131nl\u0131\u011f\u0131m rencide edildi\u201d"},"content":{"rendered":"<p>Genelde magazin d\u00fcnyas\u0131n\u0131n g\u00fcndeminden uzak kalmaya \u00e7al\u0131\u015fan \u00fcnl\u00fc \u015fark\u0131c\u0131 Nihat Do\u011fan, kendisine hakaretler savuran sosyal medya kullan\u0131c\u0131s\u0131na a\u00e7t\u0131\u011f\u0131 manevi tazminat davas\u0131yla g\u00fcndeme geldi. Do\u011fan, kendisine hakaret eden takip\u00e7isi \u00d6zg\u00fcr Akay\u2019a 7 bin 500 TL\u2019lik manevi tazminat davas\u0131 a\u00e7t\u0131. \u0130\u015fte detaylar\u2026<\/p>\n<h3>\u00dcNL\u00dc \u015eARKICI N\u0130HAT DO\u011eAN TAK\u0130P\u00c7\u0130S\u0130NE \u2018ONUR\u2019 DAVASI A\u00c7TI!<\/h3>\n<p>Magazin d\u00fcnyas\u0131n\u0131n g\u00fcndeminde yer almak istemeyen ve \u00f6zel hayat\u0131n\u0131 g\u00f6zlerden uzak ya\u015famay\u0131 tercih eden \u00fcnl\u00fc \u015fark\u0131c\u0131 Nihat Do\u011fan, takip\u00e7isine a\u00e7t\u0131\u011f\u0131 \u201cOnur\u201d davas\u0131yla g\u00fcndeme bomba gibi oturdu. Bir d\u00f6nem kat\u0131ld\u0131\u011f\u0131 Survivor yar\u0131\u015fmas\u0131yla pop\u00fclerli\u011fini art\u0131ran Do\u011fan, sosyal medya \u00fczerinden kendisine hakaret eden \u00d6zg\u00fcr Akay\u2019a 7 bin 500 TL\u2019lik manevi tazminat davas\u0131 a\u00e7t\u0131.<\/p>\n<p><img loading=\"lazy\" decoding=\"async\" class=\"alignnone wp-image-153301\" src=\"https:\/\/www.tgrthaber.com\/mavikadin\/wp-content\/uploads\/Nihat-Dogan-1-1024x576.jpg\" alt=\"Nihat Do\u011fan takip\u00e7isine \u2018onur\u2019 davas\u0131 a\u00e7t\u0131! \" width=\"1208\" height=\"680\" title=\"\" srcset=\"https:\/\/www.tgrthaber.com\/mavikadin\/wp-content\/uploads\/Nihat-Dogan-1-1024x576.jpg 1024w, https:\/\/www.tgrthaber.com\/mavikadin\/wp-content\/uploads\/Nihat-Dogan-1-300x169.jpg 300w, https:\/\/www.tgrthaber.com\/mavikadin\/wp-content\/uploads\/Nihat-Dogan-1-768x432.jpg 768w, https:\/\/www.tgrthaber.com\/mavikadin\/wp-content\/uploads\/Nihat-Dogan-1-1536x864.jpg 1536w, https:\/\/www.tgrthaber.com\/mavikadin\/wp-content\/uploads\/Nihat-Dogan-1.jpg 1600w\" sizes=\"(max-width: 1208px) 100vw, 1208px\" \/><\/p>\n<hr \/>\n<p>H\u00fcrriyet\u2019ten \u00d6zge E\u011frikar\u2019\u0131n haberine g\u00f6re; \u00fcnl\u00fc \u015fark\u0131c\u0131 Nihat Do\u011fan, sosyal medya platformu X \u00fczerinden kendisine hakaret etti\u011fi iddias\u0131yla \u00d6zg\u00fcr Akay ad\u0131ndaki sosyal medya kullan\u0131c\u0131s\u0131na 7 bin 500 TL\u2019lik manevi tazminat davas\u0131 a\u00e7t\u0131. Ortaya at\u0131lan iddialara g\u00f6re Antalya\u2019da ya\u015fayan \u00d6zg\u00fcr Akay, sosyal medya \u00fczerinden yapt\u0131\u011f\u0131 payla\u015f\u0131mda Do\u011fan\u2019a \u201ck\u00f6pek\u201d ve \u201cdallama\u201d kelimelerini kullanarak hakaret etti. \u00dcnl\u00fc \u015fark\u0131c\u0131 ise konuyu yarg\u0131ya ta\u015f\u0131d\u0131.<\/p>\n<h3>&#8220;\u015eEREF VE SAYGINLI\u011eIM RENC\u0130DE ED\u0130LD\u0130\u201d<\/h3>\n<p>Avukat\u0131 Esennur Ezgi arac\u0131l\u0131\u011f\u0131yla mahkemeye ba\u015fvuran \u00fcnl\u00fc sanat\u00e7\u0131 Nihat Do\u011fan\u2019\u0131n dava dilek\u00e7esinde \u015fu ifadelere yer verildi:<\/p>\n<p><img loading=\"lazy\" decoding=\"async\" class=\"alignnone wp-image-153302\" src=\"https:\/\/www.tgrthaber.com\/mavikadin\/wp-content\/uploads\/Nihat-Dogan-3-1024x576.jpg\" alt=\"Nihat Do\u011fan takip\u00e7isine \u2018onur\u2019 davas\u0131 a\u00e7t\u0131! \" width=\"1208\" height=\"680\" title=\"\" srcset=\"https:\/\/www.tgrthaber.com\/mavikadin\/wp-content\/uploads\/Nihat-Dogan-3-1024x576.jpg 1024w, https:\/\/www.tgrthaber.com\/mavikadin\/wp-content\/uploads\/Nihat-Dogan-3-300x169.jpg 300w, https:\/\/www.tgrthaber.com\/mavikadin\/wp-content\/uploads\/Nihat-Dogan-3-768x432.jpg 768w, https:\/\/www.tgrthaber.com\/mavikadin\/wp-content\/uploads\/Nihat-Dogan-3-1536x864.jpg 1536w, https:\/\/www.tgrthaber.com\/mavikadin\/wp-content\/uploads\/Nihat-Dogan-3.jpg 1600w\" sizes=\"(max-width: 1208px) 100vw, 1208px\" \/><\/p>\n<hr \/>\n<p>\u201c\u00d6zg\u00fcr Akay taraf\u0131ndan m\u00fcvekkile hakaret edilmi\u015ftir. Sosyal payla\u015f\u0131m sitesi arac\u0131l\u0131\u011f\u0131yla kamuya a\u00e7\u0131k bir alanda bahsi ge\u00e7en ifade ve olgular y\u00fcz\u00fcnden m\u00fcvekkilin \u015feref, onur ve sayg\u0131nl\u0131\u011f\u0131 rencide edilmi\u015ftir. Bu haks\u0131z fiilin m\u00fcvekkilim nezdinde manevi zarar olu\u015fturdu\u011fu a\u00e7\u0131k bir ger\u00e7ektir. Bu nedenle m\u00fcvekkilin ki\u015filik haklar\u0131n\u0131 ihlal eden \u00d6zg\u00fcr Akay\u2019\u0131n tazminata mahk\u00fbm edilmesini talep ediyoruz.\u201d<\/p>\n<p>\u00dcnl\u00fc sanat\u00e7\u0131 Nihat Do\u011fan, \u015fimdilerde kendisine hakaret etti\u011fini iddia etti\u011fi takip\u00e7isine a\u00e7t\u0131\u011f\u0131 \u201conur\u201d davas\u0131yla g\u00fcndeme geliyor. Do\u011fan\u2019\u0131n davas\u0131n\u0131n nas\u0131l sonu\u00e7lanaca\u011f\u0131 ise \u015fimdiden merak ediliyor. \u0130lerleyen s\u00fcre\u00e7te Do\u011fan&#8217;\u0131n onur davas\u0131 hakk\u0131ndaki geli\u015fmeler haberimizde yer alacakt\u0131r.<\/p>\n","protected":false},"excerpt":{"rendered":"<p>Nihat Do\u011fan, kendisine hakaret eden sosyal medya kullan\u0131c\u0131s\u0131 \u00d6zg\u00fcr Akay\u2019a 7 bin 500 TL\u2019lik manevi tazminat davas\u0131 a\u00e7t\u0131. \u0130\u015fte detaylar<\/p>\n","protected":false},"author":26,"featured_media":153300,"comment_status":"closed","ping_status":"closed","sticky":false,"template":"","format":"standard","meta":{"rank_math_lock_modified_date":false,"footnotes":""},"categories":[76],"tags":[2310,15709,15710],"class_list":["post-153299","post","type-post","status-publish","format-standard","has-post-thumbnail","hentry","category-magazin","tag-nihat-dogan","tag-nihat-dogan-onur-davasi","tag-nihat-dogan-tazminat-davasi"],"_links":{"self":[{"href":"https:\/\/www.tgrthaber.com\/mavikadin\/wp-json\/wp\/v2\/posts\/153299"}],"collection":[{"href":"https:\/\/www.tgrthaber.com\/mavikadin\/wp-json\/wp\/v2\/posts"}],"about":[{"href":"https:\/\/www.tgrthaber.com\/mavikadin\/wp-json\/wp\/v2\/types\/post"}],"author":[{"embeddable":true,"href":"https:\/\/www.tgrthaber.com\/mavikadin\/wp-json\/wp\/v2\/users\/26"}],"replies":[{"embeddable":true,"href":"https:\/\/www.tgrthaber.com\/mavikadin\/wp-json\/wp\/v2\/comments?post=153299"}],"version-history":[{"count":2,"href":"https:\/\/www.tgrthaber.com\/mavikadin\/wp-json\/wp\/v2\/posts\/153299\/revisions"}],"predecessor-version":[{"id":153304,"href":"https:\/\/www.tgrthaber.com\/mavikadin\/wp-json\/wp\/v2\/posts\/153299\/revisions\/153304"}],"wp:featuredmedia":[{"embeddable":true,"href":"https:\/\/www.tgrthaber.com\/mavikadin\/wp-json\/wp\/v2\/media\/153300"}],"wp:attachment":[{"href":"https:\/\/www.tgrthaber.com\/mavikadin\/wp-json\/wp\/v2\/media?parent=153299"}],"wp:term":[{"taxonomy":"category","embeddable":true,"href":"https:\/\/www.tgrthaber.com\/mavikadin\/wp-json\/wp\/v2\/categories?post=153299"},{"taxonomy":"post_tag","embeddable":true,"href":"https:\/\/www.tgrthaber.com\/mavikadin\/wp-json\/wp\/v2\/tags?post=153299"}],"curies":[{"name":"wp","href":"https:\/\/api.w.org\/{rel}","templated":true}]}}