{"id":153339,"date":"2025-03-27T14:36:56","date_gmt":"2025-03-27T11:36:56","guid":{"rendered":"https:\/\/www.tgrthaber.com\/mavikadin\/?p=153339"},"modified":"2025-03-27T15:41:23","modified_gmt":"2025-03-27T12:41:23","slug":"unlu-manken-maja-malnar-istanbul-asigi-cikti-sosyal-medyasindan-pes-pese-fotograf-paylasti","status":"publish","type":"post","link":"https:\/\/www.tgrthaber.com\/mavikadin\/unlu-manken-maja-malnar-istanbul-asigi-cikti-sosyal-medyasindan-pes-pese-fotograf-paylasti\/","title":{"rendered":"\u00dcnl\u00fc manken Maja Malnar \u0130stanbul a\u015f\u0131\u011f\u0131 \u00e7\u0131kt\u0131! Sosyal medyas\u0131ndan pe\u015f pe\u015fe foto\u011fraf payla\u015ft\u0131"},"content":{"rendered":"<p>T\u00fcrkiye\u2019nin do\u011fal ve k\u00fclt\u00fcrel zenginlikleri, d\u00fcnyan\u0131n d\u00f6rt bir yan\u0131nda bulunan turistleri cezbetmeye devam ediyor. T\u00fcrkiye\u2019yi s\u0131k s\u0131k ziyarete gelen manken Maja Malnar, ge\u00e7ti\u011fimiz g\u00fcnlerde \u0130stanbul\u2019da pozlar payla\u015ft\u0131. T\u00fcrkiye\u2019yi ve \u0130stanbul\u2019u ayr\u0131 sevdi\u011fini dile getiren manken bo\u015f f\u0131rsatlar\u0131nda T\u00fcrkiye\u2019ye geliyor. \u0130stanbul a\u015f\u0131\u011f\u0131 olan manken Maja Malnar, sosyal medyas\u0131ndan pe\u015f pe\u015fe foto\u011fraf payla\u015ft\u0131.<\/p>\n<h3>\u00dcNL\u00dc MANKEN MAJA MALNAR \u0130STANBUL A\u015eI\u011eI \u00c7IKTI<\/h3>\n<p>Slovenyal\u0131 \u00fcnl\u00fc manken ve influencer Maja Malnar, T\u00fcrkiye\u2019ye olan hayranl\u0131\u011f\u0131n\u0131 her f\u0131rsatta dile getiriyor. Bir\u00e7ok T\u00fcrk tasar\u0131mc\u0131lar\u0131n\u0131n tasar\u0131mlar\u0131yla da s\u0131k s\u0131k sosyal medyas\u0131ndan payla\u015f\u0131m yapan \u00fcnl\u00fc manken adeta T\u00fcrkiye a\u015f\u0131\u011f\u0131 olarak biliniyor. Yaz aylar\u0131n\u0131n \u00e7o\u011funlu\u011funu Bodrum ve Marmaris\u2019te tatil yaparak ge\u00e7iren Slovenyal\u0131 \u00fcnl\u00fc manken bu sefer de \u0130stanbul\u2019da g\u00f6r\u00fcnt\u00fclendi.<\/p>\n<p><img loading=\"lazy\" decoding=\"async\" class=\"alignnone wp-image-153359\" src=\"https:\/\/www.tgrthaber.com\/mavikadin\/wp-content\/uploads\/haber-gorselleri-fotoshop-2025-03-27T143014.696-1024x576.jpg\" alt=\"\u00dcnl\u00fc manken Maja Malnar \u0130stanbul a\u015f\u0131\u011f\u0131 \u00e7\u0131kt\u0131! Sosyal medyas\u0131ndan pe\u015f pe\u015fe foto\u011fraf payla\u015ft\u0131\" width=\"1208\" height=\"680\" title=\"\" srcset=\"https:\/\/www.tgrthaber.com\/mavikadin\/wp-content\/uploads\/haber-gorselleri-fotoshop-2025-03-27T143014.696-1024x576.jpg 1024w, https:\/\/www.tgrthaber.com\/mavikadin\/wp-content\/uploads\/haber-gorselleri-fotoshop-2025-03-27T143014.696-300x169.jpg 300w, https:\/\/www.tgrthaber.com\/mavikadin\/wp-content\/uploads\/haber-gorselleri-fotoshop-2025-03-27T143014.696-768x432.jpg 768w, https:\/\/www.tgrthaber.com\/mavikadin\/wp-content\/uploads\/haber-gorselleri-fotoshop-2025-03-27T143014.696-1536x864.jpg 1536w, https:\/\/www.tgrthaber.com\/mavikadin\/wp-content\/uploads\/haber-gorselleri-fotoshop-2025-03-27T143014.696.jpg 1600w\" sizes=\"(max-width: 1208px) 100vw, 1208px\" \/><\/p>\n<hr \/>\n<p>Di\u015f tedavisi i\u00e7in \u0130stanbul\u2019a geldi\u011fi iddia edilen manken Malnar, tedavisinin ard\u0131ndan \u00fclkesine d\u00f6nece\u011fi \u00f6\u011frenildi. \u0130stanbul\u2019un tarihi sokaklar\u0131nda gezinti yapmay\u0131 da ihmal etmeyen \u00fcnl\u00fc model, Galata sokaklar\u0131nda keyifli bir y\u00fcr\u00fcy\u00fc\u015f yapt\u0131. Daha sonralar\u0131nda Bo\u011faz turuna \u00e7\u0131kan Malnar, tekne gezisinde bol bol foto\u011fraflar \u00e7ekerek takip\u00e7ileri ile payla\u015ft\u0131.<\/p>\n<h3><img loading=\"lazy\" decoding=\"async\" class=\"alignnone wp-image-153357\" src=\"https:\/\/www.tgrthaber.com\/mavikadin\/wp-content\/uploads\/haber-gorselleri-fotoshop-2025-03-27T143137.199-1024x576.jpg\" alt=\"\u00dcnl\u00fc manken Maja Malnar \u0130stanbul a\u015f\u0131\u011f\u0131 \u00e7\u0131kt\u0131! Sosyal medyas\u0131ndan pe\u015f pe\u015fe foto\u011fraf payla\u015ft\u0131\" width=\"1208\" height=\"680\" title=\"\" srcset=\"https:\/\/www.tgrthaber.com\/mavikadin\/wp-content\/uploads\/haber-gorselleri-fotoshop-2025-03-27T143137.199-1024x576.jpg 1024w, https:\/\/www.tgrthaber.com\/mavikadin\/wp-content\/uploads\/haber-gorselleri-fotoshop-2025-03-27T143137.199-300x169.jpg 300w, https:\/\/www.tgrthaber.com\/mavikadin\/wp-content\/uploads\/haber-gorselleri-fotoshop-2025-03-27T143137.199-768x432.jpg 768w, https:\/\/www.tgrthaber.com\/mavikadin\/wp-content\/uploads\/haber-gorselleri-fotoshop-2025-03-27T143137.199-1536x864.jpg 1536w, https:\/\/www.tgrthaber.com\/mavikadin\/wp-content\/uploads\/haber-gorselleri-fotoshop-2025-03-27T143137.199.jpg 1600w\" sizes=\"(max-width: 1208px) 100vw, 1208px\" \/><\/h3>\n<hr \/>\n<h3>SOSYAL MEDYASINDAN PE\u015e PE\u015eE FOTO\u011eRAF PAYLA\u015eTI<\/h3>\n<p>\u00dcnl\u00fc manken Maja Malnar, tam bir T\u00fcrkiye a\u015f\u0131\u011f\u0131 olarak biliniyor. Zaman zaman T\u00fcrkiye\u2019ye gelen \u00fcnl\u00fc manken burada al\u0131\u015fveri\u015flerini yap\u0131yor. Sosyal medyas\u0131ndan da her zaman T\u00fcrkiye\u2019yi ve \u0130stanbul\u2019u \u00e7ok sevdi\u011fini dile getiren manken \u0130stanbul\u2019un tad\u0131n\u0131 \u00e7\u0131kart\u0131yor.<\/p>\n<p><img loading=\"lazy\" decoding=\"async\" class=\"alignnone wp-image-153361\" src=\"https:\/\/www.tgrthaber.com\/mavikadin\/wp-content\/uploads\/haber-gorselleri-fotoshop-2025-03-27T142934.685-1024x576.jpg\" alt=\"\u00dcnl\u00fc manken Maja Malnar \u0130stanbul a\u015f\u0131\u011f\u0131 \u00e7\u0131kt\u0131! Sosyal medyas\u0131ndan pe\u015f pe\u015fe foto\u011fraf payla\u015ft\u0131\" width=\"1208\" height=\"680\" title=\"\" srcset=\"https:\/\/www.tgrthaber.com\/mavikadin\/wp-content\/uploads\/haber-gorselleri-fotoshop-2025-03-27T142934.685-1024x576.jpg 1024w, https:\/\/www.tgrthaber.com\/mavikadin\/wp-content\/uploads\/haber-gorselleri-fotoshop-2025-03-27T142934.685-300x169.jpg 300w, https:\/\/www.tgrthaber.com\/mavikadin\/wp-content\/uploads\/haber-gorselleri-fotoshop-2025-03-27T142934.685-768x432.jpg 768w, https:\/\/www.tgrthaber.com\/mavikadin\/wp-content\/uploads\/haber-gorselleri-fotoshop-2025-03-27T142934.685-1536x864.jpg 1536w, https:\/\/www.tgrthaber.com\/mavikadin\/wp-content\/uploads\/haber-gorselleri-fotoshop-2025-03-27T142934.685.jpg 1600w\" sizes=\"(max-width: 1208px) 100vw, 1208px\" \/><\/p>\n<hr \/>\n<p>T\u00fcrk kahvesi i\u00e7erek \u0130stanbul\u2019un atmosferinin tad\u0131n\u0131 \u00e7\u0131karan Malnar, \u0130stanbul\u2019un g\u00f6rkemli manzaras\u0131na hayran kald\u0131\u011f\u0131n\u0131 dile getirdi. \u00dcnl\u00fc model, \u201cBo\u011faz\u2019\u0131n e\u015fsiz bir enerjisi var. Burada olmaktan her zaman b\u00fcy\u00fck mutluluk duyuyorum.\u201d Diyerek \u0130stanbul sevgisini dile getirdi. Malnar\u2019\u0131n T\u00fcrkiye\u2019den yapt\u0131\u011f\u0131 payla\u015f\u0131mlar, takip\u00e7ileri taraf\u0131ndan b\u00fcy\u00fck ilgi g\u00f6r\u00fcyor.<\/p>\n<p><img loading=\"lazy\" decoding=\"async\" class=\"alignnone wp-image-153358\" src=\"https:\/\/www.tgrthaber.com\/mavikadin\/wp-content\/uploads\/haber-gorselleri-fotoshop-2025-03-27T143055.403-1024x576.jpg\" alt=\"\u00dcnl\u00fc manken Maja Malnar \u0130stanbul a\u015f\u0131\u011f\u0131 \u00e7\u0131kt\u0131! Sosyal medyas\u0131ndan pe\u015f pe\u015fe foto\u011fraf payla\u015ft\u0131\" width=\"1208\" height=\"680\" title=\"\" srcset=\"https:\/\/www.tgrthaber.com\/mavikadin\/wp-content\/uploads\/haber-gorselleri-fotoshop-2025-03-27T143055.403-1024x576.jpg 1024w, https:\/\/www.tgrthaber.com\/mavikadin\/wp-content\/uploads\/haber-gorselleri-fotoshop-2025-03-27T143055.403-300x169.jpg 300w, https:\/\/www.tgrthaber.com\/mavikadin\/wp-content\/uploads\/haber-gorselleri-fotoshop-2025-03-27T143055.403-768x432.jpg 768w, https:\/\/www.tgrthaber.com\/mavikadin\/wp-content\/uploads\/haber-gorselleri-fotoshop-2025-03-27T143055.403-1536x864.jpg 1536w, https:\/\/www.tgrthaber.com\/mavikadin\/wp-content\/uploads\/haber-gorselleri-fotoshop-2025-03-27T143055.403.jpg 1600w\" sizes=\"(max-width: 1208px) 100vw, 1208px\" \/><\/p>\n<hr \/>\n<p>T\u00fcrkiye\u2019deki tasar\u0131mc\u0131 arkada\u015flar\u0131n\u0131n yan\u0131na giden Malnar, burada \u00e7e\u015fitli markalardan al\u0131\u015fveri\u015flerini yaparken ki g\u00f6r\u00fcnt\u00fclerini sosyal medyas\u0131ndan payla\u015fmay\u0131 da unutmad\u0131.<\/p>\n","protected":false},"excerpt":{"rendered":"<p>T\u00fcrkiye\u2019nin do\u011fal ve k\u00fclt\u00fcrel zenginlikleri, d\u00fcnyan\u0131n d\u00f6rt bir yan\u0131nda bulunan turistleri cezbetmeye devam ediyor. T\u00fcrkiye\u2019yi s\u0131k s\u0131k ziyarete gelen manken Maja Malnar, ge\u00e7ti\u011fimiz g\u00fcnlerde \u0130stanbul\u2019da pozlar payla\u015ft\u0131. T\u00fcrkiye\u2019yi ve \u0130stanbul\u2019u ayr\u0131 sevdi\u011fini dile getiren manken bo\u015f f\u0131rsatlar\u0131nda T\u00fcrkiye\u2019ye geliyor. \u0130stanbul a\u015f\u0131\u011f\u0131 olan manken Maja Malnar, sosyal medyas\u0131ndan pe\u015f pe\u015fe foto\u011fraf payla\u015ft\u0131.<\/p>\n","protected":false},"author":34,"featured_media":153356,"comment_status":"closed","ping_status":"closed","sticky":false,"template":"","format":"standard","meta":{"rank_math_lock_modified_date":false,"footnotes":""},"categories":[76],"tags":[2678,15720,15721,15722],"class_list":["post-153339","post","type-post","status-publish","format-standard","has-post-thumbnail","hentry","category-magazin","tag-istanbul","tag-maja-malnar","tag-turkiye","tag-unlu-manken"],"_links":{"self":[{"href":"https:\/\/www.tgrthaber.com\/mavikadin\/wp-json\/wp\/v2\/posts\/153339"}],"collection":[{"href":"https:\/\/www.tgrthaber.com\/mavikadin\/wp-json\/wp\/v2\/posts"}],"about":[{"href":"https:\/\/www.tgrthaber.com\/mavikadin\/wp-json\/wp\/v2\/types\/post"}],"author":[{"embeddable":true,"href":"https:\/\/www.tgrthaber.com\/mavikadin\/wp-json\/wp\/v2\/users\/34"}],"replies":[{"embeddable":true,"href":"https:\/\/www.tgrthaber.com\/mavikadin\/wp-json\/wp\/v2\/comments?post=153339"}],"version-history":[{"count":1,"href":"https:\/\/www.tgrthaber.com\/mavikadin\/wp-json\/wp\/v2\/posts\/153339\/revisions"}],"predecessor-version":[{"id":153366,"href":"https:\/\/www.tgrthaber.com\/mavikadin\/wp-json\/wp\/v2\/posts\/153339\/revisions\/153366"}],"wp:featuredmedia":[{"embeddable":true,"href":"https:\/\/www.tgrthaber.com\/mavikadin\/wp-json\/wp\/v2\/media\/153356"}],"wp:attachment":[{"href":"https:\/\/www.tgrthaber.com\/mavikadin\/wp-json\/wp\/v2\/media?parent=153339"}],"wp:term":[{"taxonomy":"category","embeddable":true,"href":"https:\/\/www.tgrthaber.com\/mavikadin\/wp-json\/wp\/v2\/categories?post=153339"},{"taxonomy":"post_tag","embeddable":true,"href":"https:\/\/www.tgrthaber.com\/mavikadin\/wp-json\/wp\/v2\/tags?post=153339"}],"curies":[{"name":"wp","href":"https:\/\/api.w.org\/{rel}","templated":true}]}}