{"id":153362,"date":"2025-03-27T14:44:18","date_gmt":"2025-03-27T11:44:18","guid":{"rendered":"https:\/\/www.tgrthaber.com\/mavikadin\/?p=153362"},"modified":"2025-03-27T15:44:18","modified_gmt":"2025-03-27T12:44:18","slug":"dehayi-imre-de-kurtaramadi-deha-dizisinde-final-canlari-caliyor","status":"publish","type":"post","link":"https:\/\/www.tgrthaber.com\/mavikadin\/dehayi-imre-de-kurtaramadi-deha-dizisinde-final-canlari-caliyor\/","title":{"rendered":"Deha\u2019y\u0131 \u0130mre de kurtaramad\u0131! Deha dizisinde final \u00e7anlar\u0131 \u00e7al\u0131yor"},"content":{"rendered":"<p>Show TV ekranlar\u0131n\u0131n sevilen dizisi Deha, yeni b\u00f6l\u00fcmleriyle yay\u0131nlanmaya devam ediyor. Yay\u0131nland\u0131\u011f\u0131 ilk g\u00fcnden bu yana b\u00fcy\u00fck bir ilgiyle takip edilen dizi,\u00a0Esme karakterini oynayan Ahsen Ero\u011flu\u2019nun diziden ayr\u0131lmas\u0131yla birlikte reytinglerde ciddi bir d\u00fc\u015f\u00fc\u015f ya\u015fam\u0131\u015ft\u0131. Yeni b\u00f6l\u00fcmleriyle seyirciye heyecan dolu anlar ya\u015fatan dizide, Devran ve \u0130mre\u2019nin a\u015fk\u0131 i\u015flenmeye ba\u015flanm\u0131\u015ft\u0131. Kimi izleyiciler Devran ve \u0130mre a\u015fk\u0131n\u0131 b\u00fcy\u00fck bir ilgiyle kar\u015f\u0131larken kimi izleyiciler ise ikili aras\u0131ndaki a\u015fk\u0131 samimiyetsiz bulmu\u015ftu. Bu sefer diziyi \u0130mre de kurtaramad\u0131. Deha dizisinde final \u00e7anlar\u0131 \u00e7almaya ba\u015flad\u0131.<\/p>\n<h3>DEHA\u2019YI \u0130MRE DE KURTARAMADI!<\/h3>\n<p>Show TV ekranlar\u0131n\u0131n b\u00fcy\u00fck bir ilgiyle takip edilen dizisi Deha, ge\u00e7ti\u011fimiz g\u00fcnlerde 25. b\u00f6l\u00fcm\u00fcyle izleyici kar\u015f\u0131s\u0131na \u00e7\u0131kt\u0131. Pazar ak\u015famlar\u0131n\u0131n b\u00fcy\u00fck bir ilgiyle takip edilen dizisini \u0130mre karakteri de kurtaramad\u0131.<\/p>\n<p>Hem konusu hem de g\u00fc\u00e7l\u00fc oyuncu kadrosuyla dikkatleri \u00fczerine \u00e7eken dizi, yay\u0131nland\u0131\u011f\u0131 ilk b\u00f6l\u00fcmlerinde seyirci taraf\u0131ndan b\u00fcy\u00fck bir be\u011feni toplam\u0131\u015ft\u0131.<\/p>\n<p><img loading=\"lazy\" decoding=\"async\" class=\"alignnone wp-image-153368\" src=\"https:\/\/www.tgrthaber.com\/mavikadin\/wp-content\/uploads\/Deha-4-2-1024x576.jpg\" alt=\"Deha\u2019y\u0131 \u0130mre de kurtaramad\u0131! Deha dizisinde final \u00e7anlar\u0131 \u00e7al\u0131yor\" width=\"1208\" height=\"680\" title=\"\" srcset=\"https:\/\/www.tgrthaber.com\/mavikadin\/wp-content\/uploads\/Deha-4-2-1024x576.jpg 1024w, https:\/\/www.tgrthaber.com\/mavikadin\/wp-content\/uploads\/Deha-4-2-300x169.jpg 300w, https:\/\/www.tgrthaber.com\/mavikadin\/wp-content\/uploads\/Deha-4-2-768x432.jpg 768w, https:\/\/www.tgrthaber.com\/mavikadin\/wp-content\/uploads\/Deha-4-2-1536x864.jpg 1536w, https:\/\/www.tgrthaber.com\/mavikadin\/wp-content\/uploads\/Deha-4-2.jpg 1600w\" sizes=\"(max-width: 1208px) 100vw, 1208px\" \/><\/p>\n<hr \/>\n<p>Deha dizisinde, \u201cEsme\u201d karakterini oynayan Ahsen Ero\u011flu\u2019nun diziden ayr\u0131lmas\u0131yla birlikte reytinglerde ciddi bir d\u00fc\u015f\u00fc\u015f ya\u015fanm\u0131\u015ft\u0131. \u0130zleyiciler ve sosyal medya kullan\u0131c\u0131lar\u0131 \u201cEsme\u201d karakterinin diziden ayr\u0131lmas\u0131n\u0131 \u00e7ok ele\u015ftirmi\u015fti.<\/p>\n<p>Ba\u015far\u0131l\u0131 oyunculu\u011fuyla g\u00f6z kama\u015ft\u0131ran Ahsen Ero\u011flu ise diziye damga vuran oyuncular aras\u0131nda yer alm\u0131\u015f ve seyirci taraf\u0131ndan \u00e7ok sevilmi\u015fti. Esme karakterinin diziden ayr\u0131lmas\u0131yla birlikte \u0130mre karakteri \u00f6n plana \u00e7\u0131kar\u0131ld\u0131. Seyirci \u0130mre karakterini be\u011fenmemi\u015f ve reytinglerdeki d\u00fc\u015f\u00fc\u015f devam etmi\u015fti. Final \u00e7anlar\u0131 \u00e7alan diziyi \u0130mre de kurtaramad\u0131.<\/p>\n<p><img loading=\"lazy\" decoding=\"async\" class=\"alignnone wp-image-153369\" src=\"https:\/\/www.tgrthaber.com\/mavikadin\/wp-content\/uploads\/Deha-1-2-1024x576.jpg\" alt=\"Deha\u2019y\u0131 \u0130mre de kurtaramad\u0131! Deha dizisinde final \u00e7anlar\u0131 \u00e7al\u0131yor\" width=\"1208\" height=\"680\" title=\"\" srcset=\"https:\/\/www.tgrthaber.com\/mavikadin\/wp-content\/uploads\/Deha-1-2-1024x576.jpg 1024w, https:\/\/www.tgrthaber.com\/mavikadin\/wp-content\/uploads\/Deha-1-2-300x169.jpg 300w, https:\/\/www.tgrthaber.com\/mavikadin\/wp-content\/uploads\/Deha-1-2-768x432.jpg 768w, https:\/\/www.tgrthaber.com\/mavikadin\/wp-content\/uploads\/Deha-1-2-1536x864.jpg 1536w, https:\/\/www.tgrthaber.com\/mavikadin\/wp-content\/uploads\/Deha-1-2.jpg 1600w\" sizes=\"(max-width: 1208px) 100vw, 1208px\" \/><\/p>\n<hr \/>\n<h3>DEHA D\u0130Z\u0130S\u0130NDE F\u0130NAL \u00c7ANLARI \u00c7ALIYOR!<\/h3>\n<p>Heyecan dolu yeni b\u00f6l\u00fcmlerin devam etti\u011fi Deha dizisinde, Devran ve \u0130mre\u2019nin a\u015fk\u0131 i\u015flenmeye ba\u015flanm\u0131\u015ft\u0131. Kimi izleyiciler Devran ve \u0130mre a\u015fk\u0131n\u0131 b\u00fcy\u00fck bir ilgiyle kar\u015f\u0131larken kimi izleyiciler ise ikili aras\u0131ndaki a\u015fk\u0131 samimiyetsiz bulmu\u015ftu.<\/p>\n<p><img loading=\"lazy\" decoding=\"async\" class=\"alignnone wp-image-153370\" src=\"https:\/\/www.tgrthaber.com\/mavikadin\/wp-content\/uploads\/Deha-3-2-1024x576.jpg\" alt=\"Deha\u2019y\u0131 \u0130mre de kurtaramad\u0131! Deha dizisinde final \u00e7anlar\u0131 \u00e7al\u0131yor\" width=\"1208\" height=\"680\" title=\"\" srcset=\"https:\/\/www.tgrthaber.com\/mavikadin\/wp-content\/uploads\/Deha-3-2-1024x576.jpg 1024w, https:\/\/www.tgrthaber.com\/mavikadin\/wp-content\/uploads\/Deha-3-2-300x169.jpg 300w, https:\/\/www.tgrthaber.com\/mavikadin\/wp-content\/uploads\/Deha-3-2-768x432.jpg 768w, https:\/\/www.tgrthaber.com\/mavikadin\/wp-content\/uploads\/Deha-3-2-1536x864.jpg 1536w, https:\/\/www.tgrthaber.com\/mavikadin\/wp-content\/uploads\/Deha-3-2.jpg 1600w\" sizes=\"(max-width: 1208px) 100vw, 1208px\" \/><\/p>\n<hr \/>\n<p>Devran ve \u0130mre a\u015fk\u0131 i\u015flenmeye devam etti\u011fi Deha dizisinde, final \u00e7anlar\u0131 \u00e7almaya ba\u015flad\u0131. Diziye yeni oyuncular\u0131n dahil olmas\u0131 ise olumlu bir etki ya\u015fatmad\u0131. Son olarak 25. b\u00f6l\u00fcm\u00fcyle ekranlara gelen dizi, reytinglerde tekrardan d\u00fc\u015f\u00fc\u015f ya\u015famaya ba\u015flad\u0131. Ak\u0131llara ise dizinin final olup olmayaca\u011f\u0131 sorular\u0131 geldi. Hen\u00fcz diziden gelen resmi bir a\u00e7\u0131klama bulunmasa da Deha dizisinde final \u00e7anlar\u0131 \u00e7almaya ba\u015flad\u0131.<\/p>\n<h3>DEHA D\u0130Z\u0130S\u0130 SON B\u00d6L\u00dcMDE NELER OLDU?<\/h3>\n<p>Deha dizisinin son b\u00f6l\u00fcm\u00fcnde, bu defa hem Devran hem de \u0130skender sevdi\u011fi kad\u0131nlar i\u00e7in m\u00fccadele vermek zorunda kald\u0131. Fakat \u0130skender, Devran\u2019\u0131n bu m\u00fccadelesini ayn\u0131 zamanda Karahan\u2019a kar\u015f\u0131 kendi lehine bir f\u0131rsat olarak da de\u011ferlendirme derdine d\u00fc\u015ft\u00fc.<\/p>\n<p><img loading=\"lazy\" decoding=\"async\" class=\"alignnone wp-image-153371\" src=\"https:\/\/www.tgrthaber.com\/mavikadin\/wp-content\/uploads\/Deha-5-2-1024x576.jpg\" alt=\"Deha\u2019y\u0131 \u0130mre de kurtaramad\u0131! Deha dizisinde final \u00e7anlar\u0131 \u00e7al\u0131yor\" width=\"1208\" height=\"680\" title=\"\" srcset=\"https:\/\/www.tgrthaber.com\/mavikadin\/wp-content\/uploads\/Deha-5-2-1024x576.jpg 1024w, https:\/\/www.tgrthaber.com\/mavikadin\/wp-content\/uploads\/Deha-5-2-300x169.jpg 300w, https:\/\/www.tgrthaber.com\/mavikadin\/wp-content\/uploads\/Deha-5-2-768x432.jpg 768w, https:\/\/www.tgrthaber.com\/mavikadin\/wp-content\/uploads\/Deha-5-2-1536x864.jpg 1536w, https:\/\/www.tgrthaber.com\/mavikadin\/wp-content\/uploads\/Deha-5-2.jpg 1600w\" sizes=\"(max-width: 1208px) 100vw, 1208px\" \/><\/p>\n<hr \/>\n<p>Cesur, \u0130skender\u2019in bu hamlesiyle para i\u00e7in \u0130mre\u2019yi bile g\u00f6zden \u00e7\u0131karabilece\u011fini fark etti ve \u0130mre i\u00e7in asla atmayaca\u011f\u0131n\u0131 d\u00fc\u015f\u00fcnd\u00fc\u011f\u00fcm\u00fcz bir ad\u0131m att\u0131. Devran, \u0130mre ile y\u00fczle\u015fmek i\u00e7in yan\u0131na gelirken, \u0130mre ise Devran\u2019\u0131n gitmesi i\u00e7in \u0131srarc\u0131 oldu.<\/p>\n<p>Dizide iki a\u015f\u0131\u011fa ne olaca\u011f\u0131 merak konusu olurken, Devran \u0130mre\u2019yi evlilik karar\u0131ndan vazge\u00e7irmeye \u00e7al\u0131\u015ft\u0131. Devran, \u0130mre\u2019nin intikam i\u00e7in ni\u015fanland\u0131\u011f\u0131n\u0131 s\u00f6ylerken \u0130mre ise t\u00fcm kap\u0131lar\u0131 kapatt\u0131. Karahan, Devran taraf\u0131ndan k\u00f6\u015feye s\u0131k\u0131\u015ft\u0131r\u0131ld\u0131\u011f\u0131nda art\u0131k \u0130mre i\u00e7in i\u015fler daha tehlikeli bir hal ald\u0131. Devran \u0130mre\u2019yi bu tehlikeden kurtarmaya \u00e7al\u0131\u015f\u0131rken, \u0130skender ise Aysel\u2019in ona d\u00f6nmesini sa\u011flamak i\u00e7in Devran\u2019\u0131 en sevdi\u011fi yerden vurmaya haz\u0131rland\u0131.<\/p>\n<p><img loading=\"lazy\" decoding=\"async\" class=\"alignnone wp-image-153372\" src=\"https:\/\/www.tgrthaber.com\/mavikadin\/wp-content\/uploads\/Deha-10-1024x576.jpg\" alt=\"Deha\u2019y\u0131 \u0130mre de kurtaramad\u0131! Deha dizisinde final \u00e7anlar\u0131 \u00e7al\u0131yor\" width=\"1208\" height=\"680\" title=\"\" srcset=\"https:\/\/www.tgrthaber.com\/mavikadin\/wp-content\/uploads\/Deha-10-1024x576.jpg 1024w, https:\/\/www.tgrthaber.com\/mavikadin\/wp-content\/uploads\/Deha-10-300x169.jpg 300w, https:\/\/www.tgrthaber.com\/mavikadin\/wp-content\/uploads\/Deha-10-768x432.jpg 768w, https:\/\/www.tgrthaber.com\/mavikadin\/wp-content\/uploads\/Deha-10-1536x864.jpg 1536w, https:\/\/www.tgrthaber.com\/mavikadin\/wp-content\/uploads\/Deha-10.jpg 1600w\" sizes=\"(max-width: 1208px) 100vw, 1208px\" \/><\/p>\n<hr \/>\n<p>Karahan ve Devran aras\u0131ndaki sava\u015flar\u0131n h\u0131z kesmeden devam etti\u011fi son b\u00f6l\u00fcmde \u0130skender, Aysel\u2019in pe\u015fini b\u0131rakm\u0131yor. Cesur\u2019un nefes kesen kavgas\u0131 diziye damga vururken Karahan\u2019\u0131n Devran\u2019a silah\u0131n do\u011frultmas\u0131yla birlikte Devran vuruldu. Karahan ile Devran\u2019\u0131 korumak i\u00e7in evlilik yoluna giren \u0130mre ise Devran\u2019\u0131n vurulmas\u0131yla birlikte kahroldu.<\/p>\n","protected":false},"excerpt":{"rendered":"<p>Show TV ekranlar\u0131n\u0131n fenomen dizisi Deha\u2019da final \u00e7anlar\u0131 \u00e7al\u0131yor. Bu sefer diziyi \u0130mre de kurtaramad\u0131. Peki, Deha dizisi final verecek mi? Deha dizisi son b\u00f6l\u00fcmde neler oldu? \u0130\u015fte detaylar\u2026 <\/p>\n","protected":false},"author":26,"featured_media":153367,"comment_status":"closed","ping_status":"closed","sticky":false,"template":"","format":"standard","meta":{"rank_math_lock_modified_date":false,"footnotes":""},"categories":[602],"tags":[8941,2791,3398,15723,10549,15311],"class_list":["post-153362","post","type-post","status-publish","format-standard","has-post-thumbnail","hentry","category-diziler","tag-deha-devran","tag-deha-dizi","tag-deha-dizisi","tag-deha-final","tag-deha-final-mi-yapacak","tag-deha-imre"],"_links":{"self":[{"href":"https:\/\/www.tgrthaber.com\/mavikadin\/wp-json\/wp\/v2\/posts\/153362"}],"collection":[{"href":"https:\/\/www.tgrthaber.com\/mavikadin\/wp-json\/wp\/v2\/posts"}],"about":[{"href":"https:\/\/www.tgrthaber.com\/mavikadin\/wp-json\/wp\/v2\/types\/post"}],"author":[{"embeddable":true,"href":"https:\/\/www.tgrthaber.com\/mavikadin\/wp-json\/wp\/v2\/users\/26"}],"replies":[{"embeddable":true,"href":"https:\/\/www.tgrthaber.com\/mavikadin\/wp-json\/wp\/v2\/comments?post=153362"}],"version-history":[{"count":2,"href":"https:\/\/www.tgrthaber.com\/mavikadin\/wp-json\/wp\/v2\/posts\/153362\/revisions"}],"predecessor-version":[{"id":153374,"href":"https:\/\/www.tgrthaber.com\/mavikadin\/wp-json\/wp\/v2\/posts\/153362\/revisions\/153374"}],"wp:featuredmedia":[{"embeddable":true,"href":"https:\/\/www.tgrthaber.com\/mavikadin\/wp-json\/wp\/v2\/media\/153367"}],"wp:attachment":[{"href":"https:\/\/www.tgrthaber.com\/mavikadin\/wp-json\/wp\/v2\/media?parent=153362"}],"wp:term":[{"taxonomy":"category","embeddable":true,"href":"https:\/\/www.tgrthaber.com\/mavikadin\/wp-json\/wp\/v2\/categories?post=153362"},{"taxonomy":"post_tag","embeddable":true,"href":"https:\/\/www.tgrthaber.com\/mavikadin\/wp-json\/wp\/v2\/tags?post=153362"}],"curies":[{"name":"wp","href":"https:\/\/api.w.org\/{rel}","templated":true}]}}