{"id":153375,"date":"2025-03-27T15:57:44","date_gmt":"2025-03-27T12:57:44","guid":{"rendered":"https:\/\/www.tgrthaber.com\/mavikadin\/?p=153375"},"modified":"2025-03-27T15:57:44","modified_gmt":"2025-03-27T12:57:44","slug":"esref-ruya-dizisi-yeni-bolum-ne-zaman-esref-ruya-2-nisan-carsamba-olacak-mi","status":"publish","type":"post","link":"https:\/\/www.tgrthaber.com\/mavikadin\/esref-ruya-dizisi-yeni-bolum-ne-zaman-esref-ruya-2-nisan-carsamba-olacak-mi\/","title":{"rendered":"E\u015fref R\u00fcya dizisi yeni b\u00f6l\u00fcm ne zaman? E\u015fref R\u00fcya 2 nisan \u00e7ar\u015famba olacak m\u0131?"},"content":{"rendered":"<p>Kanal D ekranlar\u0131n\u0131n yeni dizisi olan E\u015fref R\u00fcya seyirciyi ekrana kilitlemeye devam ediyor. Son d\u00f6nemin en \u00e7ok konu\u015fulan yap\u0131mlar\u0131ndan biri olan &#8220;E\u015fref R\u00fcya&#8221; dizisi, izleyiciden tam not almaya devam ediyor. \u00c7ar\u015famba ak\u015famlar\u0131 yay\u0131nlanan dizi, her hafta b\u00fcy\u00fck bir ilgiyle takip ediliyor. Dizinin yay\u0131nlanan son b\u00f6l\u00fcm\u00fcnden sonra yeni b\u00f6l\u00fcm\u00fcn\u00fcn fragman\u0131n\u0131n yay\u0131nlan\u0131p yay\u0131nlanmad\u0131\u011f\u0131 merak edildi. Peki, E\u015fref R\u00fcya dizisi yeni b\u00f6l\u00fcm ne zaman? E\u015fref R\u00fcya 2 nisan \u00e7ar\u015famba olacak m\u0131? sorular\u0131n\u0131 sizler i\u00e7in ara\u015ft\u0131rd\u0131k. Merak edilenler haberimizde\u2026<\/p>\n<h3>E\u015eREF R\u00dcYA D\u0130Z\u0130S\u0130 YEN\u0130 B\u00d6L\u00dcM NE ZAMAN<\/h3>\n<p>E\u015fref R\u00fcya dizisinin son b\u00f6l\u00fcm\u00fcnde, E\u015fref ve Nisan aras\u0131ndaki gerginlik giderek t\u0131rmanm\u0131\u015ft\u0131. Nisan, E\u015fref&#8217;ten uzakla\u015fmaya \u00e7al\u0131\u015f\u0131rken, E\u015fref ise onun pe\u015fini b\u0131rakmamakta kararl\u0131yd\u0131. E\u015fref\u2019in vurulmas\u0131 Yetimler grubunda bomba etkisi ya\u015fat\u0131r.<\/p>\n<p><img loading=\"lazy\" decoding=\"async\" class=\"alignnone wp-image-153410\" src=\"https:\/\/www.tgrthaber.com\/mavikadin\/wp-content\/uploads\/haber-gorselleri-fotoshop-2025-03-27T155138.931-1024x576.jpg\" alt=\"E\u015fref R\u00fcya dizisi yeni b\u00f6l\u00fcm ne zaman? E\u015fref R\u00fcya 2 nisan \u00e7ar\u015famba olacak m\u0131?\" width=\"1208\" height=\"680\" title=\"\" srcset=\"https:\/\/www.tgrthaber.com\/mavikadin\/wp-content\/uploads\/haber-gorselleri-fotoshop-2025-03-27T155138.931-1024x576.jpg 1024w, https:\/\/www.tgrthaber.com\/mavikadin\/wp-content\/uploads\/haber-gorselleri-fotoshop-2025-03-27T155138.931-300x169.jpg 300w, https:\/\/www.tgrthaber.com\/mavikadin\/wp-content\/uploads\/haber-gorselleri-fotoshop-2025-03-27T155138.931-768x432.jpg 768w, https:\/\/www.tgrthaber.com\/mavikadin\/wp-content\/uploads\/haber-gorselleri-fotoshop-2025-03-27T155138.931-1536x864.jpg 1536w, https:\/\/www.tgrthaber.com\/mavikadin\/wp-content\/uploads\/haber-gorselleri-fotoshop-2025-03-27T155138.931.jpg 1600w\" sizes=\"(max-width: 1208px) 100vw, 1208px\" \/><\/p>\n<hr \/>\n<p>Nisan ise E\u015fref\u2019i ya\u015fatmak i\u00e7in her \u015feyi yapar ve ilk kez bu kadar b\u00fcy\u00fck bir olay\u0131n i\u00e7inde oldu\u011funu anlar. \u0130zleyiciler dizinin son b\u00f6l\u00fcmden sonra ise yeni b\u00f6l\u00fcm fragman\u0131 merakla beklenmeye ba\u015flad\u0131. Her hafta \u00e7ar\u015famba ak\u015famlar\u0131 saat 20:00&#8217;de Kanal D ekranlar\u0131nda izleyiciyle bulu\u015fan &#8220;E\u015fref R\u00fcya&#8221;, 3. b\u00f6l\u00fcm\u00fcyle seyircisi ile bulu\u015facak.<\/p>\n<h3><img loading=\"lazy\" decoding=\"async\" class=\"alignnone wp-image-153409\" src=\"https:\/\/www.tgrthaber.com\/mavikadin\/wp-content\/uploads\/haber-gorselleri-fotoshop-2025-03-27T155154.522-1024x576.jpg\" alt=\"E\u015fref R\u00fcya dizisi yeni b\u00f6l\u00fcm ne zaman? E\u015fref R\u00fcya 2 nisan \u00e7ar\u015famba olacak m\u0131?\" width=\"1208\" height=\"680\" title=\"\" srcset=\"https:\/\/www.tgrthaber.com\/mavikadin\/wp-content\/uploads\/haber-gorselleri-fotoshop-2025-03-27T155154.522-1024x576.jpg 1024w, https:\/\/www.tgrthaber.com\/mavikadin\/wp-content\/uploads\/haber-gorselleri-fotoshop-2025-03-27T155154.522-300x169.jpg 300w, https:\/\/www.tgrthaber.com\/mavikadin\/wp-content\/uploads\/haber-gorselleri-fotoshop-2025-03-27T155154.522-768x432.jpg 768w, https:\/\/www.tgrthaber.com\/mavikadin\/wp-content\/uploads\/haber-gorselleri-fotoshop-2025-03-27T155154.522-1536x864.jpg 1536w, https:\/\/www.tgrthaber.com\/mavikadin\/wp-content\/uploads\/haber-gorselleri-fotoshop-2025-03-27T155154.522.jpg 1600w\" sizes=\"(max-width: 1208px) 100vw, 1208px\" \/><\/h3>\n<hr \/>\n<h3>E\u015eREF R\u00dcYA 2 N\u0130SAN \u00c7AR\u015eAMBA OLACAK MI<\/h3>\n<p>Kanal D ekranlar\u0131nda seyircisi ile bulu\u015fan E\u015fref R\u00fcya dizisi 2. B\u00f6l\u00fcm\u00fcyle ekranlara geldi. Seyirciye heyecan ve gerilim dolu anlar ya\u015fatan dizinin yeni b\u00f6l\u00fcm fragman\u0131 yay\u0131nland\u0131. Yay\u0131nlanan 3. b\u00f6l\u00fcm fragman\u0131nda, bu gerilimin daha da artaca\u011f\u0131 g\u00f6r\u00fcl\u00fcyor.<\/p>\n<p><img loading=\"lazy\" decoding=\"async\" class=\"alignnone wp-image-153408\" src=\"https:\/\/www.tgrthaber.com\/mavikadin\/wp-content\/uploads\/haber-gorselleri-fotoshop-2025-03-27T155202.201-1024x576.jpg\" alt=\"E\u015fref R\u00fcya dizisi yeni b\u00f6l\u00fcm ne zaman? E\u015fref R\u00fcya 2 nisan \u00e7ar\u015famba olacak m\u0131?\" width=\"1208\" height=\"680\" title=\"\" srcset=\"https:\/\/www.tgrthaber.com\/mavikadin\/wp-content\/uploads\/haber-gorselleri-fotoshop-2025-03-27T155202.201-1024x576.jpg 1024w, https:\/\/www.tgrthaber.com\/mavikadin\/wp-content\/uploads\/haber-gorselleri-fotoshop-2025-03-27T155202.201-300x169.jpg 300w, https:\/\/www.tgrthaber.com\/mavikadin\/wp-content\/uploads\/haber-gorselleri-fotoshop-2025-03-27T155202.201-768x432.jpg 768w, https:\/\/www.tgrthaber.com\/mavikadin\/wp-content\/uploads\/haber-gorselleri-fotoshop-2025-03-27T155202.201-1536x864.jpg 1536w, https:\/\/www.tgrthaber.com\/mavikadin\/wp-content\/uploads\/haber-gorselleri-fotoshop-2025-03-27T155202.201.jpg 1600w\" sizes=\"(max-width: 1208px) 100vw, 1208px\" \/><\/p>\n<hr \/>\n<p>Nisan&#8217;\u0131 bekleyen s\u00fcrprizler ve E\u015fref&#8217;in ya\u015fad\u0131\u011f\u0131 zorluklar, hik\u00e2yenin giderek karma\u015f\u0131k bir hal alaca\u011f\u0131n\u0131 g\u00f6steriyor. Fragmanda dikkat \u00e7eken bir di\u011fer detay ise E\u015fref&#8217;in b\u00fcy\u00fck bir tehlikeyle y\u00fcz y\u00fcze gelmesi oluyor. Dizinin bu b\u00f6l\u00fcm\u00fcnde, E\u015fref&#8217;in ba\u015f\u0131na gelen olaylar ve verdi\u011fi kararlar izleyicileri ekrana kilitleyecek gibi g\u00f6r\u00fcn\u00fcyor.<\/p>\n<p><img loading=\"lazy\" decoding=\"async\" class=\"alignnone wp-image-153407\" src=\"https:\/\/www.tgrthaber.com\/mavikadin\/wp-content\/uploads\/haber-gorselleri-fotoshop-2025-03-27T155231.089-1024x576.jpg\" alt=\"E\u015fref R\u00fcya dizisi yeni b\u00f6l\u00fcm ne zaman? E\u015fref R\u00fcya 2 nisan \u00e7ar\u015famba olacak m\u0131?\" width=\"1208\" height=\"680\" title=\"\" srcset=\"https:\/\/www.tgrthaber.com\/mavikadin\/wp-content\/uploads\/haber-gorselleri-fotoshop-2025-03-27T155231.089-1024x576.jpg 1024w, https:\/\/www.tgrthaber.com\/mavikadin\/wp-content\/uploads\/haber-gorselleri-fotoshop-2025-03-27T155231.089-300x169.jpg 300w, https:\/\/www.tgrthaber.com\/mavikadin\/wp-content\/uploads\/haber-gorselleri-fotoshop-2025-03-27T155231.089-768x432.jpg 768w, https:\/\/www.tgrthaber.com\/mavikadin\/wp-content\/uploads\/haber-gorselleri-fotoshop-2025-03-27T155231.089-1536x864.jpg 1536w, https:\/\/www.tgrthaber.com\/mavikadin\/wp-content\/uploads\/haber-gorselleri-fotoshop-2025-03-27T155231.089.jpg 1600w\" sizes=\"(max-width: 1208px) 100vw, 1208px\" \/><\/p>\n<hr \/>\n<p>Fragmandaki aksiyon dolu sahneler, gelecek b\u00f6l\u00fcm\u00fcn tempolu ve heyecan dolu olaca\u011f\u0131n\u0131n sinyallerini veriyor. Her hafta \u00e7ar\u015famba ak\u015famlar\u0131 saat 20:00&#8217;de Kanal D ekranlar\u0131nda izleyiciyle bulu\u015fan &#8220;E\u015fref R\u00fcya&#8221;, 3. b\u00f6l\u00fcm\u00fcyle 2 Nisan 2025 tarihinde yay\u0131nlanacak. \u0130lk iki b\u00f6l\u00fcm\u00fcyle b\u00fcy\u00fck bir izleyici kitlesine ula\u015fan dizi, sosyal medyada da g\u00fcndem olmaya devam ediyor. Gelecek b\u00f6l\u00fcmde E\u015fref&#8217;in kar\u015f\u0131la\u015faca\u011f\u0131 zorluklar ve Nisan&#8217;la olan ili\u015fkisindeki geli\u015fmeler merak konusu oldu.<\/p>\n","protected":false},"excerpt":{"rendered":"<p>Kanal D ekranlar\u0131n\u0131n yeni dizisi olan E\u015fref R\u00fcya seyirciyi ekrana kilitlemeye devam ediyor. \u00c7ar\u015famba ak\u015famlar\u0131 yay\u0131nlanan dizi, her hafta b\u00fcy\u00fck bir ilgiyle takip ediliyor. Peki, E\u015fref R\u00fcya dizisi yeni b\u00f6l\u00fcm ne zaman? E\u015fref R\u00fcya 2 nisan \u00e7ar\u015famba olacak m\u0131? sorular\u0131n\u0131 sizler i\u00e7in ara\u015ft\u0131rd\u0131k. Merak edilenler haberimizde\u2026<\/p>\n","protected":false},"author":34,"featured_media":152774,"comment_status":"closed","ping_status":"closed","sticky":false,"template":"","format":"standard","meta":{"rank_math_lock_modified_date":false,"footnotes":""},"categories":[602],"tags":[15212,10511,4755,11026,15356,15725],"class_list":["post-153375","post","type-post","status-publish","format-standard","has-post-thumbnail","hentry","category-diziler","tag-cagatay-ulusoy-esref-ruya","tag-demet-ozdemir-esref-ruya","tag-esref-ruya","tag-esref-ruya-dizi","tag-esref-ruya-yeni-bolum","tag-esref-ruya-yeni-bolum-ne-zaman"],"_links":{"self":[{"href":"https:\/\/www.tgrthaber.com\/mavikadin\/wp-json\/wp\/v2\/posts\/153375"}],"collection":[{"href":"https:\/\/www.tgrthaber.com\/mavikadin\/wp-json\/wp\/v2\/posts"}],"about":[{"href":"https:\/\/www.tgrthaber.com\/mavikadin\/wp-json\/wp\/v2\/types\/post"}],"author":[{"embeddable":true,"href":"https:\/\/www.tgrthaber.com\/mavikadin\/wp-json\/wp\/v2\/users\/34"}],"replies":[{"embeddable":true,"href":"https:\/\/www.tgrthaber.com\/mavikadin\/wp-json\/wp\/v2\/comments?post=153375"}],"version-history":[{"count":2,"href":"https:\/\/www.tgrthaber.com\/mavikadin\/wp-json\/wp\/v2\/posts\/153375\/revisions"}],"predecessor-version":[{"id":153414,"href":"https:\/\/www.tgrthaber.com\/mavikadin\/wp-json\/wp\/v2\/posts\/153375\/revisions\/153414"}],"wp:featuredmedia":[{"embeddable":true,"href":"https:\/\/www.tgrthaber.com\/mavikadin\/wp-json\/wp\/v2\/media\/152774"}],"wp:attachment":[{"href":"https:\/\/www.tgrthaber.com\/mavikadin\/wp-json\/wp\/v2\/media?parent=153375"}],"wp:term":[{"taxonomy":"category","embeddable":true,"href":"https:\/\/www.tgrthaber.com\/mavikadin\/wp-json\/wp\/v2\/categories?post=153375"},{"taxonomy":"post_tag","embeddable":true,"href":"https:\/\/www.tgrthaber.com\/mavikadin\/wp-json\/wp\/v2\/tags?post=153375"}],"curies":[{"name":"wp","href":"https:\/\/api.w.org\/{rel}","templated":true}]}}