{"id":153406,"date":"2025-03-27T16:02:53","date_gmt":"2025-03-27T13:02:53","guid":{"rendered":"https:\/\/www.tgrthaber.com\/mavikadin\/?p=153406"},"modified":"2025-03-27T16:02:53","modified_gmt":"2025-03-27T13:02:53","slug":"acun-ilicalidan-elenen-dogusa-buyuk-sitem-tam-bir-hayal-kirikligiydi","status":"publish","type":"post","link":"https:\/\/www.tgrthaber.com\/mavikadin\/acun-ilicalidan-elenen-dogusa-buyuk-sitem-tam-bir-hayal-kirikligiydi\/","title":{"rendered":"Acun Il\u0131cal\u0131&#8217;dan elenen Do\u011fu\u015f&#8217;a b\u00fcy\u00fck sitem! &#8216;Tam bir hayal k\u0131r\u0131kl\u0131\u011f\u0131yd\u0131&#8217;"},"content":{"rendered":"<p>TV8 kanal\u0131n\u0131n b\u00fcy\u00fck bir ilgi ile takip edilen yar\u0131\u015fma programlar\u0131ndan olan Survivor&#8217;da All Star ve G\u00f6n\u00fcll\u00fcler tak\u0131m\u0131yine k\u0131ran k\u0131rana bir m\u00fccadele i\u00e7indeydi. Son yay\u0131nlanan b\u00f6l\u00fcm\u00fcnde kritik dokunulmazl\u0131\u011f\u0131 alan taraf All Star K\u0131rm\u0131z\u0131 tak\u0131m oldu.<\/p>\n<p>Oyunda yenilenler ise G\u00f6n\u00fcll\u00fcler Mavi tak\u0131m, ekip arkada\u015flar\u0131 aras\u0131ndan bir ki\u015fiyi eleme aday\u0131 olarak g\u00f6stermek mecburiyetinde kald\u0131.<\/p>\n<p>Survivor program\u0131n\u0131n eleme aday\u0131 olarak g\u00f6sterilen yar\u0131\u015fmac\u0131 isimleri ise s\u0131rayla; Asena, Tu\u011fba ve P\u0131nar Saka oldu.<\/p>\n<h3>SURV\u0130VOR&#8217;DA YARI\u015eMADAN AYRILAN SON \u0130S\u0130M DO\u011eU\u015e OLDU!<\/h3>\n<p>25 Mart ak\u015fam\u0131 survivor program\u0131n\u0131n eleme potas\u0131nda All Star tak\u0131m\u0131ndan yar\u0131\u015fmac\u0131 \u0130smail Balaban ve G\u00f6n\u00fcll\u00fcler tak\u0131m\u0131ndan da Do\u011fu\u015f Dicle oyunu kazanmak i\u00e7in kar\u015f\u0131 kar\u015f\u0131ya sava\u015ft\u0131.<\/p>\n<p><img loading=\"lazy\" decoding=\"async\" class=\"alignnone wp-image-153417\" src=\"https:\/\/www.tgrthaber.com\/mavikadin\/wp-content\/uploads\/gg-22.png\" alt=\"\" width=\"1208\" height=\"694\" title=\"\" srcset=\"https:\/\/www.tgrthaber.com\/mavikadin\/wp-content\/uploads\/gg-22.png 846w, https:\/\/www.tgrthaber.com\/mavikadin\/wp-content\/uploads\/gg-22-300x172.png 300w, https:\/\/www.tgrthaber.com\/mavikadin\/wp-content\/uploads\/gg-22-768x441.png 768w\" sizes=\"(max-width: 1208px) 100vw, 1208px\" \/><\/p>\n<hr \/>\n<p>Nefes kesen oyunu 5-3&#8217;l\u00fck skorla yenen \u0130smail Balaban rakibi olan Do\u011fu\u015f&#8217;u eledi. Bu yenilgi sonras\u0131nda Survivor&#8217;dan en son elenen isim\u00a0 Do\u011fu\u015f oldu.<\/p>\n<h3>ACUN ILICALI&#8217;DAN YARI\u015eMACI DO\u011eU\u015e&#8217;A B\u00dcY\u00dcK S\u0130TEM!<\/h3>\n<p>Program\u0131n sunucusu Acun Il\u0131cal\u0131, yar\u0131\u015fmadan son elenen isim olan Do\u011fu\u015f ile ilgili birtak\u0131m a\u00e7\u0131klamalarda bulunarak k\u0131zg\u0131nl\u0131\u011f\u0131n\u0131 dile getirdi.<\/p>\n<p>Do\u011fu\u015f&#8217;a sitem dolu s\u00f6zlerde bulunan Il\u0131cal\u0131, \u015fu ifadelerde bulundu:<\/p>\n<p>&#8220;Do\u011fu\u015f i\u00e7in de birka\u00e7 c\u00fcmle s\u00f6yleyelim. Survivor her \u015feyden \u00f6nce mental bir yar\u0131\u015fma. Onu bir kez daha s\u00f6yl\u00fcyoruz. Son iki senedir performans \u00f6n planda biliyorsunuz. SMS&#8217;i kald\u0131rd\u0131k bunlar\u0131n hepsi do\u011fru. Mental olarak yar\u0131\u015fmac\u0131lar\u0131n diren\u00e7li olmas\u0131 gerekiyor. Maalesef genel olarak yeni yar\u0131\u015fmac\u0131larda g\u00f6r\u00fclen Survivor travmas\u0131 Do\u011fu\u015f&#8217;u da adadan adeta \u00e7ekti ald\u0131 bence.<\/p>\n<h3>&#8220;BEN\u0130M KEND\u0130S\u0130NE TAB\u0130 K\u0130 B\u0130R S\u0130TEM\u0130M VAR&#8230;&#8221;<\/h3>\n<p>Y\u0131llar boyunca Survivor&#8217;a kat\u0131lmak i\u00e7in casting&#8217;lere giren, buran\u0131n hayali diye yan\u0131p tutu\u015fan bir yar\u0131\u015fmac\u0131 Do\u011fu\u015f aram\u0131zdan ayr\u0131ld\u0131. Benim kendisine tabi ki benim bir sitemim var.&#8221;<\/p>\n<p><img loading=\"lazy\" decoding=\"async\" class=\"alignnone wp-image-142712\" src=\"https:\/\/www.tgrthaber.com\/mavikadin\/wp-content\/uploads\/Survivor-2025-Acun-Ilicali-konseyde-sinirlendi-50-kere-susun-diyoruz-diye-cilgina-dondu-.png\" alt=\"\" width=\"1208\" height=\"680\" title=\"\" srcset=\"https:\/\/www.tgrthaber.com\/mavikadin\/wp-content\/uploads\/Survivor-2025-Acun-Ilicali-konseyde-sinirlendi-50-kere-susun-diyoruz-diye-cilgina-dondu-.png 1920w, https:\/\/www.tgrthaber.com\/mavikadin\/wp-content\/uploads\/Survivor-2025-Acun-Ilicali-konseyde-sinirlendi-50-kere-susun-diyoruz-diye-cilgina-dondu--300x169.png 300w, https:\/\/www.tgrthaber.com\/mavikadin\/wp-content\/uploads\/Survivor-2025-Acun-Ilicali-konseyde-sinirlendi-50-kere-susun-diyoruz-diye-cilgina-dondu--1024x576.png 1024w, https:\/\/www.tgrthaber.com\/mavikadin\/wp-content\/uploads\/Survivor-2025-Acun-Ilicali-konseyde-sinirlendi-50-kere-susun-diyoruz-diye-cilgina-dondu--768x432.png 768w, https:\/\/www.tgrthaber.com\/mavikadin\/wp-content\/uploads\/Survivor-2025-Acun-Ilicali-konseyde-sinirlendi-50-kere-susun-diyoruz-diye-cilgina-dondu--1536x864.png 1536w\" sizes=\"(max-width: 1208px) 100vw, 1208px\" \/><\/p>\n<hr \/>\n<p>Bildi\u011fimiz Do\u011fu\u015f olarak gitmedi buradan. Ve \u015funu da unutmas\u0131n ki buraya gelmek i\u00e7in \u00e7\u0131rp\u0131nan bir yar\u0131\u015fmac\u0131n\u0131n yerine gelmi\u015fti. Ve burada \u00f6l\u00fcm\u00fcne sava\u015facak bir yar\u0131\u015fmac\u0131 \u015fu anda yar\u0131\u015fmaya kat\u0131lamam\u0131\u015f oldu. Do\u011fu\u015f da yar\u0131\u015fman\u0131n \u00e7ok \u00f6nemli bir yerinde bence kafa olarak Survivor&#8217;dan \u00f6nce gitti.<\/p>\n<p>\u00d6nce ruhu gitti bedenini de ge\u00e7ti\u011fimiz g\u00fcnlerde yollad\u0131k. Tam bir hayal k\u0131r\u0131kl\u0131\u011f\u0131d\u0131r benim i\u00e7in. Onun da alt\u0131n\u0131 \u00e7izeyim. Buras\u0131 d\u00fcnyan\u0131n en zorlu yar\u0131\u015fmas\u0131. Herkesin g\u00f6rd\u00fc\u011f\u00fc bir yar\u0131\u015fma. Buraya gelip en kritik d\u00f6nemlerde, ben mental olarak iyi de\u011filim demek ve performans olarak da bir anda d\u00fc\u015fmek \u00e7ok da g\u00fczel olmad\u0131 bence. Te\u015fekk\u00fcr ediyoruz yine de kendisine&#8221;<\/p>\n","protected":false},"excerpt":{"rendered":"<p>Yay\u0131nlanan son b\u00f6l\u00fcmde eleme potas\u0131ndaki isimlerden biri olup yar\u0131\u015fmaya erken veda eden isimlerden birisi de yar\u0131\u015fmac\u0131 Do\u011fu\u015f Dicle oldu. Konseyde sunucu Acun Il\u0131cal\u0131, elenen Do\u011fu\u015f ile ilgili hayal k\u0131r\u0131kl\u0131klar\u0131n\u0131n oldu\u011funu s\u00f6yleyip sitemini dile getirdi.<\/p>\n","protected":false},"author":27,"featured_media":153413,"comment_status":"closed","ping_status":"closed","sticky":false,"template":"","format":"standard","meta":{"rank_math_lock_modified_date":false,"footnotes":""},"categories":[76],"tags":[2368,15726,2366,8156],"class_list":["post-153406","post","type-post","status-publish","format-standard","has-post-thumbnail","hentry","category-magazin","tag-acun-ilicali","tag-dogus-dicle","tag-survivor","tag-survivor-eleme-adayi"],"_links":{"self":[{"href":"https:\/\/www.tgrthaber.com\/mavikadin\/wp-json\/wp\/v2\/posts\/153406"}],"collection":[{"href":"https:\/\/www.tgrthaber.com\/mavikadin\/wp-json\/wp\/v2\/posts"}],"about":[{"href":"https:\/\/www.tgrthaber.com\/mavikadin\/wp-json\/wp\/v2\/types\/post"}],"author":[{"embeddable":true,"href":"https:\/\/www.tgrthaber.com\/mavikadin\/wp-json\/wp\/v2\/users\/27"}],"replies":[{"embeddable":true,"href":"https:\/\/www.tgrthaber.com\/mavikadin\/wp-json\/wp\/v2\/comments?post=153406"}],"version-history":[{"count":2,"href":"https:\/\/www.tgrthaber.com\/mavikadin\/wp-json\/wp\/v2\/posts\/153406\/revisions"}],"predecessor-version":[{"id":153420,"href":"https:\/\/www.tgrthaber.com\/mavikadin\/wp-json\/wp\/v2\/posts\/153406\/revisions\/153420"}],"wp:featuredmedia":[{"embeddable":true,"href":"https:\/\/www.tgrthaber.com\/mavikadin\/wp-json\/wp\/v2\/media\/153413"}],"wp:attachment":[{"href":"https:\/\/www.tgrthaber.com\/mavikadin\/wp-json\/wp\/v2\/media?parent=153406"}],"wp:term":[{"taxonomy":"category","embeddable":true,"href":"https:\/\/www.tgrthaber.com\/mavikadin\/wp-json\/wp\/v2\/categories?post=153406"},{"taxonomy":"post_tag","embeddable":true,"href":"https:\/\/www.tgrthaber.com\/mavikadin\/wp-json\/wp\/v2\/tags?post=153406"}],"curies":[{"name":"wp","href":"https:\/\/api.w.org\/{rel}","templated":true}]}}