{"id":153421,"date":"2025-03-27T16:34:35","date_gmt":"2025-03-27T13:34:35","guid":{"rendered":"https:\/\/www.tgrthaber.com\/mavikadin\/?p=153421"},"modified":"2025-03-27T16:35:54","modified_gmt":"2025-03-27T13:35:54","slug":"sosyal-medyada-alay-konusu-olan-sarkici-selena-gomezden-aciklama","status":"publish","type":"post","link":"https:\/\/www.tgrthaber.com\/mavikadin\/sosyal-medyada-alay-konusu-olan-sarkici-selena-gomezden-aciklama\/","title":{"rendered":"Sosyal medyada alay konusu olan \u015fark\u0131c\u0131 Selena Gomez&#8217;den a\u00e7\u0131klama!"},"content":{"rendered":"<p>32 ya\u015f\u0131ndaki \u00fcnl\u00fc \u015fark\u0131c\u0131 Selena Gomez, ni\u015fanl\u0131s\u0131 Benny Blanco ile beraber sunuculu\u011funu Jay Shetty\u2019nin yapt\u0131\u011f\u0131 &#8216;On Purpose&#8217; isimli podcast\u2019ine konuk olarak kat\u0131ld\u0131. \u015eark\u0131c\u0131l\u0131\u011f\u0131n\u0131n yan\u0131 s\u0131ra son zamanlarda oyunculuk y\u00f6n\u00fcn\u00fc de deneyen Selena Gomez, son zamanlarda magazin g\u00fcndeminde iyiden iyiye alay konusu olmu\u015ftu.<\/p>\n<p>Sosyal medyada yerli yersiz \u00e7ok say\u0131da ele\u015ftiri alan Selena Gomez, programda sosyal medyada kendisiyle ilgili yap\u0131lan yorumlar\u0131n ruh halini ne denli etkiledi\u011fini dile getirdi.<\/p>\n<h3>HASTA\u011eINDAN DOLAYI K\u0130LO ALAN SELENA GOMEZ&#8217;DEN A\u00c7IKLAMA!<\/h3>\n<p>Lupus rahats\u0131zl\u0131\u011f\u0131na sahip olmas\u0131 sebebiyle kulland\u0131\u011f\u0131 ila\u00e7lardan dolay\u0131 kilo ald\u0131\u011f\u0131n\u0131 s\u00f6yleyen Selena Gomez, bu y\u00fczden yap\u0131lan ele\u015ftirilere y\u00f6nelik a\u00e7\u0131klamada bulundu.<\/p>\n<p><img loading=\"lazy\" decoding=\"async\" class=\"alignnone wp-image-139883\" src=\"https:\/\/www.tgrthaber.com\/mavikadin\/wp-content\/uploads\/2-275.png\" alt=\"\" width=\"1208\" height=\"680\" title=\"\" srcset=\"https:\/\/www.tgrthaber.com\/mavikadin\/wp-content\/uploads\/2-275.png 1280w, https:\/\/www.tgrthaber.com\/mavikadin\/wp-content\/uploads\/2-275-300x169.png 300w, https:\/\/www.tgrthaber.com\/mavikadin\/wp-content\/uploads\/2-275-1024x576.png 1024w, https:\/\/www.tgrthaber.com\/mavikadin\/wp-content\/uploads\/2-275-768x432.png 768w\" sizes=\"(max-width: 1208px) 100vw, 1208px\" \/><\/p>\n<hr \/>\n<p>Gomez, &#8220;Kilom b\u00fcy\u00fck bir mesele. Herkesin s\u00f6yleyecek bir \u015feyi var ve bu beni ger\u00e7ekten \u00fcz\u00fcyor demek istemem. \u00c7\u00fcnk\u00fc bir kurban de\u011filim ama bazen beni ac\u0131la\u015ft\u0131r\u0131yor ve bunu s\u00f6yledi\u011fim i\u00e7in su\u00e7lu hissediyorum. Ger\u00e7ek bu&#8221; ifadelerinde bulundu.<\/p>\n<p>Gomez, \u00f6zellikle de kat\u0131ld\u0131\u011f\u0131 etkinliklerdeki foto\u011fraflarda iyi \u00e7\u0131kabilme kayg\u0131s\u0131n\u0131n kendisini zorlad\u0131\u011f\u0131na de\u011finerek;\u00a0&#8220;Kad\u0131nlar\u0131n d\u0131\u015f g\u00f6r\u00fcn\u00fc\u015fleriyle ilgili daha yo\u011fun duygulara sahip oldu\u011fu kimse i\u00e7in yeni bir \u015fey de\u011fil. Kat\u0131ld\u0131\u011f\u0131m organizasyonlarda tek istedi\u011fim, iyi bir foto\u011fraf verip bir an \u00f6nce oturabilmek&#8221; dedi.<\/p>\n<h3>SELENA GOMEZ: K\u00d6T\u00dc YORUMLARI OKUMAKTAN KA\u00c7INAMIYORUM&#8221;<\/h3>\n<p>Sosyal medyada hakk\u0131nda \u00f6ne at\u0131lan olumsuz ele\u015ftirileri okumamak istedi\u011fini s\u00f6yleyen \u015fark\u0131c\u0131; &#8220;T\u00fcm sosyal medya uygulamalar\u0131n\u0131 telefonumdan kald\u0131rd\u0131m ama yine de k\u00f6t\u00fc yorumlarla kar\u015f\u0131la\u015f\u0131yorum. Bazen okumaktan ka\u00e7\u0131nam\u0131yorum, ama \u00e7o\u011fu zaman g\u00f6rmezden geliyorum&#8221; itiraf\u0131nda bulundu.<\/p>\n<h3>\u015eARKICI SELENA GOMEZ ASLA \u0130STEMED\u0130\u011e\u0130 MESLE\u011e\u0130 A\u00c7IKLADI!<\/h3>\n<p>\u00dcnl\u00fc \u015fark\u0131c\u0131 Selena Gomez, lupus rahats\u0131zl\u0131\u011f\u0131 sebebiyle kulland\u0131\u011f\u0131 ila\u00e7lar\u0131n sa\u011fl\u0131\u011f\u0131n\u0131 ciddi anlamda olumlu etkiledi\u011finin alt\u0131n\u0131 \u00e7izerek; &#8220;Sa\u011fl\u0131kl\u0131 olmay\u0131 ve kendime bakmay\u0131 tercih ederim.<\/p>\n<p><img loading=\"lazy\" decoding=\"async\" class=\"wp-image-134753\" src=\"https:\/\/www.tgrthaber.com\/mavikadin\/wp-content\/uploads\/selena-gomez-4.jpg\" alt=\"selena gomez\" width=\"1208\" height=\"680\" title=\"\" srcset=\"https:\/\/www.tgrthaber.com\/mavikadin\/wp-content\/uploads\/selena-gomez-4.jpg 1600w, https:\/\/www.tgrthaber.com\/mavikadin\/wp-content\/uploads\/selena-gomez-4-300x169.jpg 300w, https:\/\/www.tgrthaber.com\/mavikadin\/wp-content\/uploads\/selena-gomez-4-1024x576.jpg 1024w, https:\/\/www.tgrthaber.com\/mavikadin\/wp-content\/uploads\/selena-gomez-4-768x432.jpg 768w, https:\/\/www.tgrthaber.com\/mavikadin\/wp-content\/uploads\/selena-gomez-4-1536x864.jpg 1536w\" sizes=\"(max-width: 1208px) 100vw, 1208px\" \/><\/p>\n<hr \/>\n<p>\u0130la\u00e7lar\u0131m \u00f6nemli ve bana ger\u00e7ekten yard\u0131mc\u0131 oluyorlar. Model de\u011filim, asla da olmayaca\u011f\u0131m. Ve bu bir sorun de\u011fil; modeller harika ama ben kesinlikle onlardan biri de\u011filim&#8221; dedi.<\/p>\n","protected":false},"excerpt":{"rendered":"<p>ABD&#8217;li  d\u00fcnyaca \u00fcnl\u00fc \u015fark\u0131c\u0131 Selena Gomez, ni\u015fanl\u0131s\u0131 ile beraber kat\u0131ld\u0131\u011f\u0131 programda hakk\u0131nda \u00e7\u0131kan kilo s\u00f6ylentileri ile ilgili rahats\u0131zl\u0131\u011f\u0131n\u0131 belirterek a\u00e7\u0131klamalarda bulundu.<\/p>\n","protected":false},"author":27,"featured_media":153434,"comment_status":"closed","ping_status":"closed","sticky":false,"template":"","format":"standard","meta":{"rank_math_lock_modified_date":false,"footnotes":""},"categories":[76],"tags":[133,3756,12401],"class_list":["post-153421","post","type-post","status-publish","format-standard","has-post-thumbnail","hentry","category-magazin","tag-magazin","tag-selena-gomez","tag-selena-gomez-hastaligi"],"_links":{"self":[{"href":"https:\/\/www.tgrthaber.com\/mavikadin\/wp-json\/wp\/v2\/posts\/153421"}],"collection":[{"href":"https:\/\/www.tgrthaber.com\/mavikadin\/wp-json\/wp\/v2\/posts"}],"about":[{"href":"https:\/\/www.tgrthaber.com\/mavikadin\/wp-json\/wp\/v2\/types\/post"}],"author":[{"embeddable":true,"href":"https:\/\/www.tgrthaber.com\/mavikadin\/wp-json\/wp\/v2\/users\/27"}],"replies":[{"embeddable":true,"href":"https:\/\/www.tgrthaber.com\/mavikadin\/wp-json\/wp\/v2\/comments?post=153421"}],"version-history":[{"count":2,"href":"https:\/\/www.tgrthaber.com\/mavikadin\/wp-json\/wp\/v2\/posts\/153421\/revisions"}],"predecessor-version":[{"id":153433,"href":"https:\/\/www.tgrthaber.com\/mavikadin\/wp-json\/wp\/v2\/posts\/153421\/revisions\/153433"}],"wp:featuredmedia":[{"embeddable":true,"href":"https:\/\/www.tgrthaber.com\/mavikadin\/wp-json\/wp\/v2\/media\/153434"}],"wp:attachment":[{"href":"https:\/\/www.tgrthaber.com\/mavikadin\/wp-json\/wp\/v2\/media?parent=153421"}],"wp:term":[{"taxonomy":"category","embeddable":true,"href":"https:\/\/www.tgrthaber.com\/mavikadin\/wp-json\/wp\/v2\/categories?post=153421"},{"taxonomy":"post_tag","embeddable":true,"href":"https:\/\/www.tgrthaber.com\/mavikadin\/wp-json\/wp\/v2\/tags?post=153421"}],"curies":[{"name":"wp","href":"https:\/\/api.w.org\/{rel}","templated":true}]}}