{"id":153423,"date":"2025-03-27T16:22:49","date_gmt":"2025-03-27T13:22:49","guid":{"rendered":"https:\/\/www.tgrthaber.com\/mavikadin\/?p=153423"},"modified":"2025-03-27T16:22:50","modified_gmt":"2025-03-27T13:22:50","slug":"esref-ruya-dizisine-hanimaga-geliyor-iddiali-diziye-iddiali-oyuncu","status":"publish","type":"post","link":"https:\/\/www.tgrthaber.com\/mavikadin\/esref-ruya-dizisine-hanimaga-geliyor-iddiali-diziye-iddiali-oyuncu\/","title":{"rendered":"E\u015fref R\u00fcya dizisine Han\u0131ma\u011fa geliyor! \u0130ddial\u0131 diziye iddial\u0131 oyuncu"},"content":{"rendered":"<p>E\u015fref R\u00fcya&#8217;n\u0131n kadrosuna bir oyuncu daha kat\u0131ld\u0131. Kanal D\u2019nin d\u00fcn ak\u015fam 2. b\u00f6l\u00fcm\u00fc seyirciyle bulu\u015fan dizisi yine izleyicisini ekranlar\u0131 ba\u015f\u0131na kilitledi.<\/p>\n<h3>E\u015eREF R\u00dcYA&#8217;YA HANIMA\u011eA GEL\u0130YOR<\/h3>\n<p>E\u015fref R\u00fcya dizisi y\u0131l\u0131n ekibi ve b\u00fct\u00e7esiyle en iddial\u0131 dizisi olarak dikkatleri \u00fczerine \u00e7ekiyor. \u00c7a\u011fatay Ulusoy ile Demet \u00d6zdemir\u2019i bir araya getiren diziye yeni bir aile kat\u0131l\u0131yor.<\/p>\n<p>Ailenin k\u0131z\u0131 Nimet\u2019i Neslihan Arslan\u2019\u0131n, babas\u0131 Nusret A\u011fa\u2019y\u0131 H\u00fcseyin Soysalan\u2019\u0131n oynayaca\u011f\u0131 ortaya \u00e7\u0131km\u0131\u015ft\u0131. Ailenin han\u0131ma\u011fa rol\u00fcn\u00fc ise Asl\u0131 Sa\u00e7ar oynayacak.<\/p>\n<p><img loading=\"lazy\" decoding=\"async\" class=\"alignnone size-full wp-image-153425\" src=\"https:\/\/www.tgrthaber.com\/mavikadin\/wp-content\/uploads\/Asli-Sacar-1.png\" alt=\"\" width=\"1208\" height=\"680\" title=\"\" srcset=\"https:\/\/www.tgrthaber.com\/mavikadin\/wp-content\/uploads\/Asli-Sacar-1.png 1208w, https:\/\/www.tgrthaber.com\/mavikadin\/wp-content\/uploads\/Asli-Sacar-1-300x169.png 300w, https:\/\/www.tgrthaber.com\/mavikadin\/wp-content\/uploads\/Asli-Sacar-1-1024x576.png 1024w, https:\/\/www.tgrthaber.com\/mavikadin\/wp-content\/uploads\/Asli-Sacar-1-768x432.png 768w\" sizes=\"(max-width: 1208px) 100vw, 1208px\" \/><\/p>\n<hr \/>\n<p>Sevilen oyuncu daha \u00f6nce \u201cKalp At\u0131\u015f\u0131\u201d, \u201cYe\u015fil Vadinin K\u0131z\u0131\u201d, \u201cA\u015fk Ve Gurur\u201d ve \u201cPrestij Meselesi\u201d projeleriyle kamera kar\u015f\u0131s\u0131na ge\u00e7mi\u015fti.<\/p>\n<h3>E\u015eREF R\u00dcYA EK\u0130B\u0130<\/h3>\n<p>Sekt\u00f6r\u00fcn \u00f6nde gelen yap\u0131m \u015firketlerinden Tims&amp;B\u2019in yap\u0131m\u0131n\u0131 \u00fcstlendi\u011fi E\u015fref R\u00fcya dizisinin yap\u0131mc\u0131l\u0131\u011f\u0131n\u0131 Timur Savc\u0131 ve Burak Sa\u011fya\u015far \u00fcstleniyor.<\/p>\n<p><img loading=\"lazy\" decoding=\"async\" class=\"alignnone size-full wp-image-153426\" src=\"https:\/\/www.tgrthaber.com\/mavikadin\/wp-content\/uploads\/Asli-Sacar-2.png\" alt=\"\" width=\"1208\" height=\"680\" title=\"\" srcset=\"https:\/\/www.tgrthaber.com\/mavikadin\/wp-content\/uploads\/Asli-Sacar-2.png 1208w, https:\/\/www.tgrthaber.com\/mavikadin\/wp-content\/uploads\/Asli-Sacar-2-300x169.png 300w, https:\/\/www.tgrthaber.com\/mavikadin\/wp-content\/uploads\/Asli-Sacar-2-1024x576.png 1024w, https:\/\/www.tgrthaber.com\/mavikadin\/wp-content\/uploads\/Asli-Sacar-2-768x432.png 768w\" sizes=\"(max-width: 1208px) 100vw, 1208px\" \/><\/p>\n<hr \/>\n<p>Y\u00f6netmen koltu\u011funda Ulu\u00e7 Bayraktar\u2019\u0131n oturdu\u011fu ve senaryosu Ethem \u00d6z\u0131\u015f\u0131k ve Lokman Maral&#8217;\u0131n kaleme ald\u0131\u011f\u0131 dizi 19 Mart&#8217;ta ilk b\u00f6l\u00fcm\u00fcyle ekranlara gelmi\u015fti.<\/p>\n<h3>E\u015eREF R\u00dcYA BA\u015eROL OYUNCULARI<\/h3>\n<p><strong>\u00c7A\u011eATAY ULUSOY<\/strong><\/p>\n<p><strong>E\u015eREF TEK<\/strong><\/p>\n<p>E\u015fref Tek \u0130stanbul\u2019da \u2018Yetimler\u2019 olarak bilinen g\u00fc\u00e7l\u00fc bir su\u00e7 \u00f6rg\u00fct\u00fcn\u00fcn \u00fcyesi olarak kar\u015f\u0131m\u0131za \u00e7\u0131k\u0131yor. A\u011f\u0131rba\u015fl\u0131 ve az konu\u015fan E\u015fref&#8217;in sert duru\u015funun alt\u0131nda derin bir duygu d\u00fcnyas\u0131 vard\u0131r.<\/p>\n<p><img loading=\"lazy\" decoding=\"async\" class=\"alignnone wp-image-153409\" src=\"https:\/\/www.tgrthaber.com\/mavikadin\/wp-content\/uploads\/haber-gorselleri-fotoshop-2025-03-27T155154.522.jpg\" alt=\"\" width=\"1208\" height=\"680\" title=\"\" srcset=\"https:\/\/www.tgrthaber.com\/mavikadin\/wp-content\/uploads\/haber-gorselleri-fotoshop-2025-03-27T155154.522.jpg 1600w, https:\/\/www.tgrthaber.com\/mavikadin\/wp-content\/uploads\/haber-gorselleri-fotoshop-2025-03-27T155154.522-300x169.jpg 300w, https:\/\/www.tgrthaber.com\/mavikadin\/wp-content\/uploads\/haber-gorselleri-fotoshop-2025-03-27T155154.522-1024x576.jpg 1024w, https:\/\/www.tgrthaber.com\/mavikadin\/wp-content\/uploads\/haber-gorselleri-fotoshop-2025-03-27T155154.522-768x432.jpg 768w, https:\/\/www.tgrthaber.com\/mavikadin\/wp-content\/uploads\/haber-gorselleri-fotoshop-2025-03-27T155154.522-1536x864.jpg 1536w\" sizes=\"(max-width: 1208px) 100vw, 1208px\" \/><\/p>\n<hr \/>\n<p><strong>DEMET \u00d6ZDEM\u0130R<\/strong><\/p>\n<p><strong>N\u0130SAN AKYOL<\/strong><\/p>\n<p>Nisan Akyol sanata d\u00fc\u015fk\u00fcn yetenekli bir m\u00fczisyendir. Karde\u015fi Afra ile \u0130stanbul\u2019da b\u00fcy\u00fck bir hayat m\u00fccadelesi verir.<\/p>\n<p><img loading=\"lazy\" decoding=\"async\" class=\"alignnone wp-image-153307\" src=\"https:\/\/www.tgrthaber.com\/mavikadin\/wp-content\/uploads\/haber-gorselleri-fotoshop-2025-03-27T115848.589.jpg\" alt=\"\" width=\"1208\" height=\"680\" title=\"\" srcset=\"https:\/\/www.tgrthaber.com\/mavikadin\/wp-content\/uploads\/haber-gorselleri-fotoshop-2025-03-27T115848.589.jpg 1600w, https:\/\/www.tgrthaber.com\/mavikadin\/wp-content\/uploads\/haber-gorselleri-fotoshop-2025-03-27T115848.589-300x169.jpg 300w, https:\/\/www.tgrthaber.com\/mavikadin\/wp-content\/uploads\/haber-gorselleri-fotoshop-2025-03-27T115848.589-1024x576.jpg 1024w, https:\/\/www.tgrthaber.com\/mavikadin\/wp-content\/uploads\/haber-gorselleri-fotoshop-2025-03-27T115848.589-768x432.jpg 768w, https:\/\/www.tgrthaber.com\/mavikadin\/wp-content\/uploads\/haber-gorselleri-fotoshop-2025-03-27T115848.589-1536x864.jpg 1536w\" sizes=\"(max-width: 1208px) 100vw, 1208px\" \/><\/p>\n<hr \/>\n<p><strong>B\u00dc\u015eRA DEVEL\u0130<\/strong><\/p>\n<p><strong>\u00c7\u0130\u011eDEM SER\u0130M<\/strong><\/p>\n<p>\u00c7i\u011fdem Serim ba\u015far\u0131l\u0131, h\u0131rsl\u0131 ve tak\u0131nt\u0131l\u0131 bir emniyet mensubudur. Organize Su\u00e7larla M\u00fccadele Birimi\u2019nde komiser olarak g\u00f6rev yapar. Yetimler \u00f6rg\u00fct\u00fcn\u00fc \u00e7\u00f6kertmek en b\u00fcy\u00fck amac\u0131 olmu\u015ftur.<\/p>\n<p><img loading=\"lazy\" decoding=\"async\" class=\"alignnone wp-image-113867 size-full\" src=\"https:\/\/www.tgrthaber.com\/mavikadin\/wp-content\/uploads\/Yeni-Proje-19-2.jpg\" alt=\"\" width=\"1208\" height=\"680\" title=\"\" srcset=\"https:\/\/www.tgrthaber.com\/mavikadin\/wp-content\/uploads\/Yeni-Proje-19-2.jpg 1208w, https:\/\/www.tgrthaber.com\/mavikadin\/wp-content\/uploads\/Yeni-Proje-19-2-300x169.jpg 300w, https:\/\/www.tgrthaber.com\/mavikadin\/wp-content\/uploads\/Yeni-Proje-19-2-1024x576.jpg 1024w, https:\/\/www.tgrthaber.com\/mavikadin\/wp-content\/uploads\/Yeni-Proje-19-2-768x432.jpg 768w\" sizes=\"(max-width: 1208px) 100vw, 1208px\" \/><\/p>\n<hr \/>\n<p><strong>NEC\u0130P MEM\u0130L\u0130<\/strong><\/p>\n<p><strong>G\u00dcRDAL BOZOK<\/strong><\/p>\n<p>G\u00fcrdal Bozok E\u015fref Tek\u2019in sa\u011f kolu ve en g\u00fcvendi\u011fi arkada\u015f\u0131 olarak kar\u015f\u0131m\u0131za \u00e7\u0131k\u0131yor. Hem \u00e7apk\u0131n hem karizmatik olan bu karakter cesur ve g\u00f6z\u00fc karad\u0131r.<\/p>\n<p><img loading=\"lazy\" decoding=\"async\" class=\"alignnone wp-image-149552\" src=\"https:\/\/www.tgrthaber.com\/mavikadin\/wp-content\/uploads\/2-482.png\" alt=\"\" width=\"1208\" height=\"680\" title=\"\" srcset=\"https:\/\/www.tgrthaber.com\/mavikadin\/wp-content\/uploads\/2-482.png 1280w, https:\/\/www.tgrthaber.com\/mavikadin\/wp-content\/uploads\/2-482-300x169.png 300w, https:\/\/www.tgrthaber.com\/mavikadin\/wp-content\/uploads\/2-482-1024x576.png 1024w, https:\/\/www.tgrthaber.com\/mavikadin\/wp-content\/uploads\/2-482-768x432.png 768w\" sizes=\"(max-width: 1208px) 100vw, 1208px\" \/><\/p>\n","protected":false},"excerpt":{"rendered":"<p>E\u015fref R\u00fcya dizisine yeni bir oyuncu daha kat\u0131ld\u0131. Kanal D&#8217;nin d\u00fcn ak\u015fam yay\u0131nlanan dizisi 2. b\u00f6l\u00fcm\u00fcyle ekranlara geldi.<\/p>\n","protected":false},"author":5,"featured_media":153424,"comment_status":"closed","ping_status":"closed","sticky":false,"template":"","format":"standard","meta":{"rank_math_lock_modified_date":false,"footnotes":""},"categories":[602],"tags":[15727,2628,4755],"class_list":["post-153423","post","type-post","status-publish","format-standard","has-post-thumbnail","hentry","category-diziler","tag-asli-sacar","tag-dizi-haberleri","tag-esref-ruya"],"_links":{"self":[{"href":"https:\/\/www.tgrthaber.com\/mavikadin\/wp-json\/wp\/v2\/posts\/153423"}],"collection":[{"href":"https:\/\/www.tgrthaber.com\/mavikadin\/wp-json\/wp\/v2\/posts"}],"about":[{"href":"https:\/\/www.tgrthaber.com\/mavikadin\/wp-json\/wp\/v2\/types\/post"}],"author":[{"embeddable":true,"href":"https:\/\/www.tgrthaber.com\/mavikadin\/wp-json\/wp\/v2\/users\/5"}],"replies":[{"embeddable":true,"href":"https:\/\/www.tgrthaber.com\/mavikadin\/wp-json\/wp\/v2\/comments?post=153423"}],"version-history":[{"count":2,"href":"https:\/\/www.tgrthaber.com\/mavikadin\/wp-json\/wp\/v2\/posts\/153423\/revisions"}],"predecessor-version":[{"id":153429,"href":"https:\/\/www.tgrthaber.com\/mavikadin\/wp-json\/wp\/v2\/posts\/153423\/revisions\/153429"}],"wp:featuredmedia":[{"embeddable":true,"href":"https:\/\/www.tgrthaber.com\/mavikadin\/wp-json\/wp\/v2\/media\/153424"}],"wp:attachment":[{"href":"https:\/\/www.tgrthaber.com\/mavikadin\/wp-json\/wp\/v2\/media?parent=153423"}],"wp:term":[{"taxonomy":"category","embeddable":true,"href":"https:\/\/www.tgrthaber.com\/mavikadin\/wp-json\/wp\/v2\/categories?post=153423"},{"taxonomy":"post_tag","embeddable":true,"href":"https:\/\/www.tgrthaber.com\/mavikadin\/wp-json\/wp\/v2\/tags?post=153423"}],"curies":[{"name":"wp","href":"https:\/\/api.w.org\/{rel}","templated":true}]}}