{"id":153516,"date":"2025-03-27T18:25:33","date_gmt":"2025-03-27T15:25:33","guid":{"rendered":"https:\/\/www.tgrthaber.com\/mavikadin\/?p=153516"},"modified":"2025-03-27T18:27:08","modified_gmt":"2025-03-27T15:27:08","slug":"corum-belediyesinden-kadinlari-rahat-ettirecek-proje-anneler-gununde-hizmete-acilacak","status":"publish","type":"post","link":"https:\/\/www.tgrthaber.com\/mavikadin\/corum-belediyesinden-kadinlari-rahat-ettirecek-proje-anneler-gununde-hizmete-acilacak\/","title":{"rendered":"\u00c7orum Belediyesi&#8217;nden kad\u0131nlar\u0131 rahat ettirecek proje! Anneler G\u00fcn\u00fc&#8217;nde hizmete a\u00e7\u0131lacak"},"content":{"rendered":"<p>\u00c7orum Belediyesi&#8217;nden kad\u0131nlar\u0131 rahat ettirecek olan projede, kad\u0131nlar lokali Anneler G\u00fcn\u00fc&#8217;nde hizmete a\u00e7\u0131lacak.<\/p>\n<h3>\u00c7ORUM BELED\u0130YES\u0130&#8217;NDEN KADINLARI RAHAT ETT\u0130RECEK PROJE<\/h3>\n<p>\u00c7orum Belediye Ba\u015fkan\u0131 Dr. Halil \u0130brahim A\u015fg\u0131n, yeni d\u00f6nem projeleri aras\u0131nda yer alan Kad\u0131nlar Lokali&#8217;nde \u00e7al\u0131\u015fmalar son h\u0131z s\u00fcr\u00fcyor. Belediye Ba\u015fkan\u0131 Halil \u0130brahim A\u015fg\u0131n \u2018da \u00e7al\u0131\u015fmalar\u0131 yerinde inceledi. A\u00e7\u0131l\u0131\u015f i\u00e7in kad\u0131nlara m\u00fcjde veren Ba\u015fkan A\u015fg\u0131n &#8220;Hummal\u0131 bir \u00e7al\u0131\u015fma neticesinde bitimine yakla\u015ft\u0131\u011f\u0131m\u0131z kad\u0131nlar lokalimizi yine kad\u0131nlar\u0131m\u0131z i\u00e7in \u00f6zel bir g\u00fcn olan 11 May\u0131s Pazar g\u00fcn\u00fc Anneler G\u00fcn\u00fc&#8217;nde a\u00e7\u0131yoruz. \u0130stedik ki kad\u0131nlar\u0131m\u0131z buraya geldiklerinde rahat bir ortamda arkada\u015flar\u0131yla sohbet etsinler. G\u00fcnlerini burada yapabilsinler. Arkada\u015flar\u0131m\u0131z da \u00e7ok g\u00fczel bir projeye imza att\u0131lar. Art\u0131k son r\u00f6tu\u015flar yap\u0131l\u0131yor. &#8216;Size ne yapsak az&#8217; dedik, en g\u00fczel ve en b\u00fcy\u00fck sosyal tesisimizi kad\u0131nlar\u0131m\u0131za yapt\u0131k. Belediyemiz Sosyal Tesislerinin en b\u00fcy\u00fc\u011f\u00fc buras\u0131 olacak. 20 Milyon TL bedelli projemiz; g\u00fczel \u015fehrimize ve her zaman, her \u015feyin en g\u00fczelini hak eden kad\u0131nlar\u0131m\u0131za hay\u0131rl\u0131 olsun&#8221; dedi.<\/p>\n<p><img loading=\"lazy\" decoding=\"async\" class=\"alignnone size-full wp-image-153521\" src=\"https:\/\/www.tgrthaber.com\/mavikadin\/wp-content\/uploads\/CORUM-3.jpg\" alt=\"\" width=\"1208\" height=\"680\" title=\"\" srcset=\"https:\/\/www.tgrthaber.com\/mavikadin\/wp-content\/uploads\/CORUM-3.jpg 1208w, https:\/\/www.tgrthaber.com\/mavikadin\/wp-content\/uploads\/CORUM-3-300x169.jpg 300w, https:\/\/www.tgrthaber.com\/mavikadin\/wp-content\/uploads\/CORUM-3-1024x576.jpg 1024w, https:\/\/www.tgrthaber.com\/mavikadin\/wp-content\/uploads\/CORUM-3-768x432.jpg 768w\" sizes=\"(max-width: 1208px) 100vw, 1208px\" \/><\/p>\n","protected":false},"excerpt":{"rendered":"<p>\u00c7orum Belediyesi&#8217;nden kad\u0131nlar\u0131 rahat ettirecek proje geliyor. Anneler G\u00fcn\u00fc&#8217;nde hizmete girecek proje merakla bekleniyor.<\/p>\n","protected":false},"author":5,"featured_media":153518,"comment_status":"closed","ping_status":"closed","sticky":false,"template":"","format":"standard","meta":{"rank_math_lock_modified_date":false,"footnotes":""},"categories":[78],"tags":[15735,3356,15734],"class_list":["post-153516","post","type-post","status-publish","format-standard","has-post-thumbnail","hentry","category-yasam","tag-anneler-gunu","tag-corum","tag-corum-belediyesi"],"_links":{"self":[{"href":"https:\/\/www.tgrthaber.com\/mavikadin\/wp-json\/wp\/v2\/posts\/153516"}],"collection":[{"href":"https:\/\/www.tgrthaber.com\/mavikadin\/wp-json\/wp\/v2\/posts"}],"about":[{"href":"https:\/\/www.tgrthaber.com\/mavikadin\/wp-json\/wp\/v2\/types\/post"}],"author":[{"embeddable":true,"href":"https:\/\/www.tgrthaber.com\/mavikadin\/wp-json\/wp\/v2\/users\/5"}],"replies":[{"embeddable":true,"href":"https:\/\/www.tgrthaber.com\/mavikadin\/wp-json\/wp\/v2\/comments?post=153516"}],"version-history":[{"count":3,"href":"https:\/\/www.tgrthaber.com\/mavikadin\/wp-json\/wp\/v2\/posts\/153516\/revisions"}],"predecessor-version":[{"id":153522,"href":"https:\/\/www.tgrthaber.com\/mavikadin\/wp-json\/wp\/v2\/posts\/153516\/revisions\/153522"}],"wp:featuredmedia":[{"embeddable":true,"href":"https:\/\/www.tgrthaber.com\/mavikadin\/wp-json\/wp\/v2\/media\/153518"}],"wp:attachment":[{"href":"https:\/\/www.tgrthaber.com\/mavikadin\/wp-json\/wp\/v2\/media?parent=153516"}],"wp:term":[{"taxonomy":"category","embeddable":true,"href":"https:\/\/www.tgrthaber.com\/mavikadin\/wp-json\/wp\/v2\/categories?post=153516"},{"taxonomy":"post_tag","embeddable":true,"href":"https:\/\/www.tgrthaber.com\/mavikadin\/wp-json\/wp\/v2\/tags?post=153516"}],"curies":[{"name":"wp","href":"https:\/\/api.w.org\/{rel}","templated":true}]}}