{"id":153623,"date":"2025-03-27T22:11:44","date_gmt":"2025-03-27T19:11:44","guid":{"rendered":"https:\/\/www.tgrthaber.com\/mavikadin\/?p=153623"},"modified":"2025-03-27T22:11:43","modified_gmt":"2025-03-27T19:11:43","slug":"arka-sokaklarda-sok-veda-19-yilin-ardindan-buyuk-ayrilik","status":"publish","type":"post","link":"https:\/\/www.tgrthaber.com\/mavikadin\/arka-sokaklarda-sok-veda-19-yilin-ardindan-buyuk-ayrilik\/","title":{"rendered":"Arka Sokaklar&#8217;da \u015fok veda! 19 y\u0131l\u0131n ard\u0131ndan b\u00fcy\u00fck ayr\u0131l\u0131k"},"content":{"rendered":"<p>T\u00fcrk televizyonlar\u0131n\u0131n en uzun soluklu dizilerinden biri olan Arka Sokaklar, 19 y\u0131ld\u0131r ekranlarda izleyicileriyle bulu\u015fmaya devam ediyor. Ancak bu kez, dizinin hayranlar\u0131n\u0131 derinden sarsacak bir ayr\u0131l\u0131k ya\u015fan\u0131yor. Kanal D\u2019de yay\u0131nlanan ve D Media imzal\u0131 olan fenomen dizinin Aylin\u2019i, \u00d6zlem \u00c7\u0131nar, diziden ikinci kez ayr\u0131lma karar\u0131 ald\u0131.<\/p>\n<h3>\u00d6ZLEM \u00c7INAR D\u0130Z\u0130DEN AYRILIYOR<\/h3>\n<p>\u00d6zlem \u00c7\u0131nar, Arka Sokaklar\u2019a ilk kez 2006 y\u0131l\u0131nda kat\u0131lm\u0131\u015ft\u0131 ve Aylin karakteriyle izleyicilerin g\u00f6nl\u00fcnde taht kurmu\u015ftu. Ancak, oyuncu 2019 y\u0131l\u0131nda diziden ayr\u0131lm\u0131\u015ft\u0131. Aylin karakterinin hik\u00e2yesinin sona ermesiyle birlikte diziden ayr\u0131ld\u0131\u011f\u0131n\u0131 duyuran \u00c7\u0131nar, zaman i\u00e7inde dizinin yap\u0131mc\u0131lar\u0131yla yeniden anla\u015farak diziye geri d\u00f6nm\u00fc\u015ft\u00fc. Uzun bir s\u00fcre boyunca ekranlarda izledi\u011fimiz Aylin, 13 sezon boyunca diziye \u00f6nemli bir karakter olarak damgas\u0131n\u0131 vurmu\u015ftu.<\/p>\n<p><img loading=\"lazy\" decoding=\"async\" class=\"alignnone wp-image-153627\" src=\"https:\/\/www.tgrthaber.com\/mavikadin\/wp-content\/uploads\/3-556.png\" alt=\"\" width=\"1208\" height=\"680\" title=\"\" srcset=\"https:\/\/www.tgrthaber.com\/mavikadin\/wp-content\/uploads\/3-556.png 1280w, https:\/\/www.tgrthaber.com\/mavikadin\/wp-content\/uploads\/3-556-300x169.png 300w, https:\/\/www.tgrthaber.com\/mavikadin\/wp-content\/uploads\/3-556-1024x576.png 1024w, https:\/\/www.tgrthaber.com\/mavikadin\/wp-content\/uploads\/3-556-768x432.png 768w\" sizes=\"(max-width: 1208px) 100vw, 1208px\" \/><\/p>\n<hr \/>\n<p>Bu geri d\u00f6n\u00fc\u015f\u00fcn ard\u0131ndan, \u00c7\u0131nar yeniden Aylin karakterini oynamaya ba\u015flad\u0131 ve izleyicileriyle g\u00fc\u00e7l\u00fc bir ba\u011f kurdu. Ancak, diziye olan katk\u0131lar\u0131 sona ermi\u015f ve karakterinin hikayesi tamamlanm\u0131\u015f durumda. 710. b\u00f6l\u00fcmle birlikte \u00c7\u0131nar, diziden son kez ayr\u0131lacak. \u00d6zlem \u00c7\u0131nar\u2019\u0131n bu ayr\u0131l\u0131\u011f\u0131, Arka Sokaklar izleyicileri i\u00e7in b\u00fcy\u00fck bir s\u00fcrpriz oldu.<\/p>\n<p><img loading=\"lazy\" decoding=\"async\" class=\"alignnone wp-image-153626\" src=\"https:\/\/www.tgrthaber.com\/mavikadin\/wp-content\/uploads\/2-564.png\" alt=\"\" width=\"1208\" height=\"680\" title=\"\" srcset=\"https:\/\/www.tgrthaber.com\/mavikadin\/wp-content\/uploads\/2-564.png 1280w, https:\/\/www.tgrthaber.com\/mavikadin\/wp-content\/uploads\/2-564-300x169.png 300w, https:\/\/www.tgrthaber.com\/mavikadin\/wp-content\/uploads\/2-564-1024x576.png 1024w, https:\/\/www.tgrthaber.com\/mavikadin\/wp-content\/uploads\/2-564-768x432.png 768w\" sizes=\"(max-width: 1208px) 100vw, 1208px\" \/><\/p>\n<hr \/>\n<p>Aylin karakteri, Arka Sokaklar\u2019\u0131n \u00f6nemli karakterlerinden biriydi. \u00c7\u0131nar, Aylin\u2019in karma\u015f\u0131k ve derin ki\u015fili\u011fiyle diziye b\u00fcy\u00fck bir renk katm\u0131\u015f, karakteriyle izleyicilerin be\u011fenisini kazanm\u0131\u015ft\u0131. \u00d6zellikle dizinin 2006 y\u0131l\u0131nda ba\u015flad\u0131\u011f\u0131 d\u00f6nemde, Aylin\u2019in hikayesindeki d\u00f6n\u00fc\u015f\u00fcm, \u00c7\u0131nar\u2019\u0131n performans\u0131yla b\u00fcy\u00fck bir etki olu\u015fturmu\u015ftu. \u00c7\u0131nar\u2019\u0131n Aylin karakteriyle \u00f6zde\u015fle\u015fmesi, izleyicilerin de uzun y\u0131llar boyunca karakteri unutamamas\u0131na yol a\u00e7t\u0131.<\/p>\n<p><img loading=\"lazy\" decoding=\"async\" class=\"alignnone wp-image-153625\" src=\"https:\/\/www.tgrthaber.com\/mavikadin\/wp-content\/uploads\/1-530.png\" alt=\"\" width=\"1208\" height=\"680\" title=\"\" srcset=\"https:\/\/www.tgrthaber.com\/mavikadin\/wp-content\/uploads\/1-530.png 1280w, https:\/\/www.tgrthaber.com\/mavikadin\/wp-content\/uploads\/1-530-300x169.png 300w, https:\/\/www.tgrthaber.com\/mavikadin\/wp-content\/uploads\/1-530-1024x576.png 1024w, https:\/\/www.tgrthaber.com\/mavikadin\/wp-content\/uploads\/1-530-768x432.png 768w\" sizes=\"(max-width: 1208px) 100vw, 1208px\" \/><\/p>\n<hr \/>\n<p>Aylin\u2019in Arka Sokaklar\u2019daki yolculu\u011fu, \u00f6zlenen bir ayr\u0131l\u0131kla sona eriyor. \u00c7\u0131nar, diziden ikinci kez ayr\u0131lma karar\u0131n\u0131 alm\u0131\u015f olsa da, bu ayr\u0131l\u0131k diziyi izleyen milyonlarca hayran\u0131 i\u00e7in duygusal bir an\u0131 temsil ediyor. \u00d6zlem \u00c7\u0131nar\u2019\u0131n 710. b\u00f6l\u00fcmdeki vedas\u0131, Arka Sokaklar tarihindeki \u00f6nemli anlardan biri olarak kaydedilecek.<\/p>\n<p><img loading=\"lazy\" decoding=\"async\" class=\"alignnone wp-image-153629\" src=\"https:\/\/www.tgrthaber.com\/mavikadin\/wp-content\/uploads\/5-280.png\" alt=\"\" width=\"1208\" height=\"680\" title=\"\" srcset=\"https:\/\/www.tgrthaber.com\/mavikadin\/wp-content\/uploads\/5-280.png 1280w, https:\/\/www.tgrthaber.com\/mavikadin\/wp-content\/uploads\/5-280-300x169.png 300w, https:\/\/www.tgrthaber.com\/mavikadin\/wp-content\/uploads\/5-280-1024x576.png 1024w, https:\/\/www.tgrthaber.com\/mavikadin\/wp-content\/uploads\/5-280-768x432.png 768w\" sizes=\"(max-width: 1208px) 100vw, 1208px\" \/><\/p>\n<hr \/>\n<p>Diziye ilk kez kat\u0131ld\u0131\u011f\u0131 g\u00fcnden bu yana, Arka Sokaklar izleyicilerinin g\u00f6nl\u00fcnde taht kuran \u00d6zlem \u00c7\u0131nar, ayr\u0131l\u0131\u011f\u0131n\u0131n ard\u0131ndan kendisini daha farkl\u0131 projelerde g\u00f6rmek isteyen hayranlar\u0131n\u0131 \u00fczse de, dizinin gelene\u011fine uygun \u015fekilde, Aylin\u2019in hikayesinin son buldu\u011funu belirtiyor. \u00d6zlem \u00c7\u0131nar, Arka Sokaklar\u2019daki zaman\u0131n\u0131 unutulmaz k\u0131larken, ayr\u0131l\u0131k haberini hayranlar\u0131na duyurman\u0131n zor oldu\u011funu dile getirdi.<\/p>\n","protected":false},"excerpt":{"rendered":"<p>Kanal D\u2019nin uzun y\u0131llard\u0131r ekranlarda olan fenomen dizisi Arka Sokaklar, 19 y\u0131ll\u0131k yolculu\u011funda \u00f6nemli bir d\u00f6nemece giriyor. Dizi, y\u0131llar i\u00e7inde pek \u00e7ok ayr\u0131l\u0131\u011fa ve de\u011fi\u015fikli\u011fe sahne olsa da, bu kez hayranlar\u0131n\u0131 derinden sarsacak bir veda ile g\u00fcndemde.  \u0130\u015fte habere dair detaylar&#8230;<\/p>\n","protected":false},"author":28,"featured_media":153628,"comment_status":"closed","ping_status":"closed","sticky":false,"template":"","format":"standard","meta":{"rank_math_lock_modified_date":true,"footnotes":""},"categories":[602],"tags":[2976,15768,15769],"class_list":["post-153623","post","type-post","status-publish","format-standard","has-post-thumbnail","hentry","category-diziler","tag-arka-sokaklar","tag-arka-sokaklar-aylin","tag-ozlem-cinar"],"_links":{"self":[{"href":"https:\/\/www.tgrthaber.com\/mavikadin\/wp-json\/wp\/v2\/posts\/153623"}],"collection":[{"href":"https:\/\/www.tgrthaber.com\/mavikadin\/wp-json\/wp\/v2\/posts"}],"about":[{"href":"https:\/\/www.tgrthaber.com\/mavikadin\/wp-json\/wp\/v2\/types\/post"}],"author":[{"embeddable":true,"href":"https:\/\/www.tgrthaber.com\/mavikadin\/wp-json\/wp\/v2\/users\/28"}],"replies":[{"embeddable":true,"href":"https:\/\/www.tgrthaber.com\/mavikadin\/wp-json\/wp\/v2\/comments?post=153623"}],"version-history":[{"count":2,"href":"https:\/\/www.tgrthaber.com\/mavikadin\/wp-json\/wp\/v2\/posts\/153623\/revisions"}],"predecessor-version":[{"id":153631,"href":"https:\/\/www.tgrthaber.com\/mavikadin\/wp-json\/wp\/v2\/posts\/153623\/revisions\/153631"}],"wp:featuredmedia":[{"embeddable":true,"href":"https:\/\/www.tgrthaber.com\/mavikadin\/wp-json\/wp\/v2\/media\/153628"}],"wp:attachment":[{"href":"https:\/\/www.tgrthaber.com\/mavikadin\/wp-json\/wp\/v2\/media?parent=153623"}],"wp:term":[{"taxonomy":"category","embeddable":true,"href":"https:\/\/www.tgrthaber.com\/mavikadin\/wp-json\/wp\/v2\/categories?post=153623"},{"taxonomy":"post_tag","embeddable":true,"href":"https:\/\/www.tgrthaber.com\/mavikadin\/wp-json\/wp\/v2\/tags?post=153623"}],"curies":[{"name":"wp","href":"https:\/\/api.w.org\/{rel}","templated":true}]}}