{"id":153790,"date":"2025-03-28T10:15:54","date_gmt":"2025-03-28T07:15:54","guid":{"rendered":"https:\/\/www.tgrthaber.com\/mavikadin\/?p=153790"},"modified":"2025-03-28T10:20:22","modified_gmt":"2025-03-28T07:20:22","slug":"sahipsizler-dizisinde-sasirtan-veda-faruk-karakterini-oynayan-hasan-denizyarandan-uzen-haber","status":"publish","type":"post","link":"https:\/\/www.tgrthaber.com\/mavikadin\/sahipsizler-dizisinde-sasirtan-veda-faruk-karakterini-oynayan-hasan-denizyarandan-uzen-haber\/","title":{"rendered":"Sahipsizler dizisinde \u015fa\u015f\u0131rtan veda! Faruk karakterini oynayan Hasan Denizyaran&#8217;dan \u00fczen haber"},"content":{"rendered":"<p>Sahipsizler dizisinde Faruk karakterini \u00fcstlenen Hasan Denizyaran&#8217;\u0131n diziye veda edece\u011fi ortaya \u00e7\u0131kt\u0131. \u0130zleyiciyi \u00fczen vedan\u0131n detaylar\u0131 merak konusu oldu.<\/p>\n<p>Sahipsizler dizisi g\u00fc\u00e7l\u00fc oyuncu kadrosu ve hikayesiyle dikkatleri \u00fczerine \u00e7ekiyor. Sahipsiziler dizisinde Hazal Suba\u015f\u0131, Kaan Mira\u00e7 Sezen, Ece Ba\u011fc\u0131, Onur Berk Arslano\u011flu, Hasan Denizyaran, Mina Derman, Mehmet Bozdo\u011fan, Reha \u00d6zcan, Turgut Tun\u00e7alp, Do\u011fa Bayram, Enes Ko\u00e7ak, Sacide Ta\u015faner, Mert T\u00fcmer, Umut Kapl\u0131ca, Zeynep K\u00f6se, Duygu Karaca gibi pop\u00fcler ve deneyimli isimler yer al\u0131yor.<\/p>\n<h3>SAH\u0130PS\u0130ZLER D\u0130Z\u0130S\u0130NDE \u015eA\u015eIRTAN VEDA!<\/h3>\n<p>Sahipsizler dizisi her hafta ilgiyle takip edilen diziler aras\u0131nda yer al\u0131yor. Ba\u015far\u0131l\u0131 oyuncu kadrosuyla dikkat \u00e7eken dizide izleyiciyi \u00fczen bir ayr\u0131l\u0131k ya\u015fan\u0131yor.<\/p>\n<p><img loading=\"lazy\" decoding=\"async\" class=\"alignnone size-full wp-image-153795\" src=\"https:\/\/www.tgrthaber.com\/mavikadin\/wp-content\/uploads\/Hasan-Denizyaran-2.png\" alt=\"\" width=\"1208\" height=\"680\" title=\"\" srcset=\"https:\/\/www.tgrthaber.com\/mavikadin\/wp-content\/uploads\/Hasan-Denizyaran-2.png 1208w, https:\/\/www.tgrthaber.com\/mavikadin\/wp-content\/uploads\/Hasan-Denizyaran-2-300x169.png 300w, https:\/\/www.tgrthaber.com\/mavikadin\/wp-content\/uploads\/Hasan-Denizyaran-2-1024x576.png 1024w, https:\/\/www.tgrthaber.com\/mavikadin\/wp-content\/uploads\/Hasan-Denizyaran-2-768x432.png 768w\" sizes=\"(max-width: 1208px) 100vw, 1208px\" \/><\/p>\n<hr \/>\n<h3>SAH\u0130PS\u0130ZLER FARUK K\u0130MD\u0130R?<\/h3>\n<p>Sahipsizler dizisinde Faruk karakterini oynayan Hasan Denizyaran&#8217;\u0131n diziye veda edece\u011fi \u00f6\u011frenildi.<br \/>\nDizinin sevilen oyuncusu diziye 3. b\u00f6l\u00fcmle beraber dahil olmu\u015ftu.<\/p>\n<h3>HASAN DEN\u0130ZYARAN K\u0130M?<\/h3>\n<p>Sahipsziler dizisinde Faruk karakterini oyanayan Hasan Denizyaran, 24 Temmuz 1993&#8217;te \u0130zmir&#8217;de d\u00fcnyaya geldi.<\/p>\n<p>1.88 cm boyunda olan Hasan Denizyaran, \u0130stanbul Ayd\u0131n \u00dcniversitesi Drama ve Oyunculuk B\u00f6l\u00fcm\u00fc mezunudur.<\/p>\n<p><img loading=\"lazy\" decoding=\"async\" class=\"alignnone size-full wp-image-153796\" src=\"https:\/\/www.tgrthaber.com\/mavikadin\/wp-content\/uploads\/Hasan-Denizyaran-3.png\" alt=\"\" width=\"1208\" height=\"680\" title=\"\" srcset=\"https:\/\/www.tgrthaber.com\/mavikadin\/wp-content\/uploads\/Hasan-Denizyaran-3.png 1208w, https:\/\/www.tgrthaber.com\/mavikadin\/wp-content\/uploads\/Hasan-Denizyaran-3-300x169.png 300w, https:\/\/www.tgrthaber.com\/mavikadin\/wp-content\/uploads\/Hasan-Denizyaran-3-1024x576.png 1024w, https:\/\/www.tgrthaber.com\/mavikadin\/wp-content\/uploads\/Hasan-Denizyaran-3-768x432.png 768w\" sizes=\"(max-width: 1208px) 100vw, 1208px\" \/><\/p>\n<hr \/>\n<p>Denizyaran, 2015 y\u0131l\u0131nda profesyonel oyunculuk kariyerine ad\u0131m att\u0131.<br \/>\nHasan Denizyaran daha \u00f6nce Arka Sokaklar, Yaln\u0131z Kurt, Afili A\u015fk, Elif, Hayat Sevince G\u00fczel gibi yap\u0131mlarda rol ald\u0131.<\/p>\n<p><strong>Hasan Denizyaran Dizileri<\/strong><\/p>\n<p>Sahipsizler- Faruk<br \/>\nArka Sokaklar- Komiser Kadir<br \/>\nYaln\u0131z Kurt- Altay Kurdo\u011flu<br \/>\nAfili A\u015fk- U\u011fur<br \/>\nElif- Ak\u0131n<br \/>\nHayat Sevince G\u00fczel- Erkan<\/p>\n<p>\u0130nstagramda @hasandenizyaran kullan\u0131c\u0131 ad\u0131yla yer alan oyuncunun sevgilisi olup olmad\u0131\u011f\u0131 merak konusu. Ancak \u00fcnl\u00fc ismin sevgilisinin olmad\u0131\u011f\u0131 biliniyor.<\/p>\n","protected":false},"excerpt":{"rendered":"<p>Sahipsizler dizisinde \u015fa\u015f\u0131rtan bir veda ya\u015fan\u0131yor. Dizide Faruk karakterini oynayan Hasan Denizyaran&#8217;\u0131n diziye veda edece\u011fi \u00f6\u011frenildi.<\/p>\n","protected":false},"author":5,"featured_media":153794,"comment_status":"closed","ping_status":"closed","sticky":false,"template":"","format":"standard","meta":{"rank_math_lock_modified_date":false,"footnotes":""},"categories":[602],"tags":[2628,4774,15337],"class_list":["post-153790","post","type-post","status-publish","format-standard","has-post-thumbnail","hentry","category-diziler","tag-dizi-haberleri","tag-hasan-denizyaran","tag-sahipsizler-dizi"],"_links":{"self":[{"href":"https:\/\/www.tgrthaber.com\/mavikadin\/wp-json\/wp\/v2\/posts\/153790"}],"collection":[{"href":"https:\/\/www.tgrthaber.com\/mavikadin\/wp-json\/wp\/v2\/posts"}],"about":[{"href":"https:\/\/www.tgrthaber.com\/mavikadin\/wp-json\/wp\/v2\/types\/post"}],"author":[{"embeddable":true,"href":"https:\/\/www.tgrthaber.com\/mavikadin\/wp-json\/wp\/v2\/users\/5"}],"replies":[{"embeddable":true,"href":"https:\/\/www.tgrthaber.com\/mavikadin\/wp-json\/wp\/v2\/comments?post=153790"}],"version-history":[{"count":4,"href":"https:\/\/www.tgrthaber.com\/mavikadin\/wp-json\/wp\/v2\/posts\/153790\/revisions"}],"predecessor-version":[{"id":153800,"href":"https:\/\/www.tgrthaber.com\/mavikadin\/wp-json\/wp\/v2\/posts\/153790\/revisions\/153800"}],"wp:featuredmedia":[{"embeddable":true,"href":"https:\/\/www.tgrthaber.com\/mavikadin\/wp-json\/wp\/v2\/media\/153794"}],"wp:attachment":[{"href":"https:\/\/www.tgrthaber.com\/mavikadin\/wp-json\/wp\/v2\/media?parent=153790"}],"wp:term":[{"taxonomy":"category","embeddable":true,"href":"https:\/\/www.tgrthaber.com\/mavikadin\/wp-json\/wp\/v2\/categories?post=153790"},{"taxonomy":"post_tag","embeddable":true,"href":"https:\/\/www.tgrthaber.com\/mavikadin\/wp-json\/wp\/v2\/tags?post=153790"}],"curies":[{"name":"wp","href":"https:\/\/api.w.org\/{rel}","templated":true}]}}