{"id":153837,"date":"2025-03-28T11:53:09","date_gmt":"2025-03-28T08:53:09","guid":{"rendered":"https:\/\/www.tgrthaber.com\/mavikadin\/?p=153837"},"modified":"2025-03-28T11:53:09","modified_gmt":"2025-03-28T08:53:09","slug":"kadinlar-bayram-namazi-kilar-mi-bayram-namazina-gider-mi","status":"publish","type":"post","link":"https:\/\/www.tgrthaber.com\/mavikadin\/kadinlar-bayram-namazi-kilar-mi-bayram-namazina-gider-mi\/","title":{"rendered":"Kad\u0131nlar bayram namaz\u0131 k\u0131lar m\u0131, bayram namaz\u0131na gider mi?"},"content":{"rendered":"<p>Bayram namaz\u0131 2 rekat olarak yaln\u0131zca cemaatle k\u0131l\u0131nabilen, yaln\u0131z k\u0131l\u0131nmayan h\u00fckm\u00fc vacip bir ibadettir. Bayram namaz\u0131 i\u015frak vaktinde yani sabah, g\u00fcne\u015f do\u011fduktan sonra, ku\u015fluk vaktinde k\u0131l\u0131n\u0131r.<\/p>\n<p>G\u00fcne\u015f do\u011fduktan sonra kerahat vakti denilen 45-50 dakikal\u0131k bir mekruh vakit var, bu vakit \u00e7\u0131kt\u0131ktan sonra bayram namaz\u0131 k\u0131l\u0131n\u0131r.<\/p>\n<p>Ramazan ve Kurban Bayram\u0131nda k\u0131l\u0131nan bayram namaz\u0131 ile ilgili pek \u00e7ok konu merak ediliyor. Bunlardan biri de kad\u0131nlar\u0131n bayram namaz\u0131 k\u0131l\u0131p k\u0131lmayaca\u011f\u0131d\u0131r. Acaba dinimiz bu konuda ne diyor?<\/p>\n<h3>KADINLAR BAYRAM NAMAZINA G\u0130DER M\u0130?<\/h3>\n<p><strong>Bayram namaz\u0131 erkeklere v\u00e2cib bir ibadettir, kad\u0131nlara ise v\u00e2cib de\u011fildir.<\/strong><\/p>\n<p>Kad\u0131nlar\u0131n bayram namaz\u0131 i\u00e7in camiye gitmeleri caiz de\u011fildir.<\/p>\n<figure id=\"attachment_153841\" aria-describedby=\"caption-attachment-153841\" style=\"width: 1208px\" class=\"wp-caption alignnone\"><img loading=\"lazy\" decoding=\"async\" class=\"wp-image-153841\" src=\"https:\/\/www.tgrthaber.com\/mavikadin\/wp-content\/uploads\/kadinlar-bayram-namazi-kilar-mi-bayram-namazina-gider-mi-2.jpg\" alt=\"kad\u0131nlar bayram namaz\u0131 k\u0131lar m\u0131, bayram namaz\u0131na gider mi\" width=\"1208\" height=\"680\" title=\"\" srcset=\"https:\/\/www.tgrthaber.com\/mavikadin\/wp-content\/uploads\/kadinlar-bayram-namazi-kilar-mi-bayram-namazina-gider-mi-2.jpg 1920w, https:\/\/www.tgrthaber.com\/mavikadin\/wp-content\/uploads\/kadinlar-bayram-namazi-kilar-mi-bayram-namazina-gider-mi-2-300x169.jpg 300w, https:\/\/www.tgrthaber.com\/mavikadin\/wp-content\/uploads\/kadinlar-bayram-namazi-kilar-mi-bayram-namazina-gider-mi-2-1024x576.jpg 1024w, https:\/\/www.tgrthaber.com\/mavikadin\/wp-content\/uploads\/kadinlar-bayram-namazi-kilar-mi-bayram-namazina-gider-mi-2-768x432.jpg 768w, https:\/\/www.tgrthaber.com\/mavikadin\/wp-content\/uploads\/kadinlar-bayram-namazi-kilar-mi-bayram-namazina-gider-mi-2-1536x864.jpg 1536w\" sizes=\"(max-width: 1208px) 100vw, 1208px\" \/><figcaption id=\"caption-attachment-153841\" class=\"wp-caption-text\">\u00a0<\/figcaption><\/figure>\n<hr \/>\n<p>\u0130bni \u00c2bidin hazretleri buyuruyor ki:<\/p>\n<p><strong>(K\u0131zlar\u0131n, gen\u00e7 ve ya\u015fl\u0131 kad\u0131nlar\u0131n be\u015f vakit namaza, Cuma ve Bayram namazlar\u0131 i\u00e7in, vaaz dinlemek i\u00e7in camiye gitmeleri caiz de\u011fildir. Eskiden, yaln\u0131z \u00e7ok ya\u015fl\u0131 kad\u0131nlar\u0131n, ak\u015fam ve yats\u0131 namaz\u0131na gitmesine izin verilmi\u015f idi ise de, \u015fimdi bunlar\u0131n da gitmesi caiz de\u011fildir.) [Redd-\u00fcl Muhtar]<\/strong><\/p>\n<p>Hadisi \u015feriflerde erkeklerin camide cemaatle namaz k\u0131lmalar\u0131n\u0131n, evde k\u0131ld\u0131klar\u0131 namazdan 27 derece daha fazla sevap oldu\u011fu, kad\u0131nlar\u0131n ise evde namaz k\u0131lmalar\u0131n\u0131n, camide namaz k\u0131lmalar\u0131ndan daha \u00e7ok sevap oldu\u011fu bildirilmi\u015ftir.<\/p>\n<p>Hadis-i \u015feriflerde buyruldu ki:<\/p>\n<p>(Kad\u0131nlar\u0131n en hay\u0131rl\u0131 namaz\u0131, evlerinin en dip k\u00f6\u015fesinde k\u0131ld\u0131klar\u0131 namazd\u0131r.) [Taberani]<\/p>\n<p>(Kad\u0131nlar\u0131n, evinin en mahrem yerinde k\u0131ld\u0131\u011f\u0131 namaz, salonda k\u0131ld\u0131\u011f\u0131 namazdan efdaldir. Salonda k\u0131ld\u0131\u011f\u0131 namaz ise, camide k\u0131ld\u0131\u011f\u0131ndan efdaldir.) [Ebu Davud, \u0130.Ahmed]<\/p>\n<figure id=\"attachment_153842\" aria-describedby=\"caption-attachment-153842\" style=\"width: 1208px\" class=\"wp-caption alignnone\"><img loading=\"lazy\" decoding=\"async\" class=\"wp-image-153842\" src=\"https:\/\/www.tgrthaber.com\/mavikadin\/wp-content\/uploads\/kadinlar-bayram-namazi-kilar-mi-bayram-namazina-gider-mi-3.jpg\" alt=\"kad\u0131nlar bayram namaz\u0131 k\u0131lar m\u0131, bayram namaz\u0131na gider mi\" width=\"1208\" height=\"680\" title=\"\" srcset=\"https:\/\/www.tgrthaber.com\/mavikadin\/wp-content\/uploads\/kadinlar-bayram-namazi-kilar-mi-bayram-namazina-gider-mi-3.jpg 1920w, https:\/\/www.tgrthaber.com\/mavikadin\/wp-content\/uploads\/kadinlar-bayram-namazi-kilar-mi-bayram-namazina-gider-mi-3-300x169.jpg 300w, https:\/\/www.tgrthaber.com\/mavikadin\/wp-content\/uploads\/kadinlar-bayram-namazi-kilar-mi-bayram-namazina-gider-mi-3-1024x576.jpg 1024w, https:\/\/www.tgrthaber.com\/mavikadin\/wp-content\/uploads\/kadinlar-bayram-namazi-kilar-mi-bayram-namazina-gider-mi-3-768x432.jpg 768w, https:\/\/www.tgrthaber.com\/mavikadin\/wp-content\/uploads\/kadinlar-bayram-namazi-kilar-mi-bayram-namazina-gider-mi-3-1536x864.jpg 1536w\" sizes=\"(max-width: 1208px) 100vw, 1208px\" \/><figcaption id=\"caption-attachment-153842\" class=\"wp-caption-text\">\u00a0<\/figcaption><\/figure>\n<hr \/>\n<h3>KADINLARIN CAM\u0130YE G\u0130TMES\u0130 UYGUN MUDUR?<\/h3>\n<p>Sual: Hindiyye\u2019de, (Kad\u0131nlar\u0131n cemaatle namaz k\u0131lmak i\u00e7in camiye gitmeleri mekruhtur) yaz\u0131yor. Cemaatsiz k\u0131lsalar da, yine gitmeleri do\u011fru de\u011fil midir? \u00c7ar\u015f\u0131ya \u00e7\u0131k\u0131nca namaz k\u0131lacak m\u00fcsait yer bulunmasa, camide cemaat da\u011f\u0131ld\u0131ktan sonra da m\u0131 k\u0131lmalar\u0131 uygun olmuyor?<\/p>\n<p><strong>CEVAP<\/strong><\/p>\n<p>Kad\u0131nlar\u0131n camiye gitmesi g\u00fcnah de\u011fil, erkekler varken gidip fitneye sebep olmalar\u0131 g\u00fcnaht\u0131r. <strong>Bahsedilen durum gibi bir ihtiya\u00e7 olunca, erkekler da\u011f\u0131ld\u0131ktan sonra, kad\u0131nlara ait b\u00f6l\u00fcmde namaz k\u0131lmalar\u0131nda mahzur olmaz.<\/strong><\/p>\n","protected":false},"excerpt":{"rendered":"<p>Bayram namaz\u0131 Hanefi mezhebinde erkeklere vacib olan bir ibadettir. Ramazan ve Kurban bayram\u0131n\u0131n birinci g\u00fcn\u00fc bayram namaz\u0131 k\u0131l\u0131n\u0131r. Peki kad\u0131nlar bayram namaz\u0131 k\u0131lar m\u0131, bayram namaz\u0131 k\u0131lmak kad\u0131nlar i\u00e7in de vacip mi?<\/p>\n","protected":false},"author":30,"featured_media":153840,"comment_status":"closed","ping_status":"closed","sticky":false,"template":"","format":"standard","meta":{"rank_math_lock_modified_date":false,"footnotes":""},"categories":[78],"tags":[15824],"class_list":["post-153837","post","type-post","status-publish","format-standard","has-post-thumbnail","hentry","category-yasam","tag-bayram-namazi"],"_links":{"self":[{"href":"https:\/\/www.tgrthaber.com\/mavikadin\/wp-json\/wp\/v2\/posts\/153837"}],"collection":[{"href":"https:\/\/www.tgrthaber.com\/mavikadin\/wp-json\/wp\/v2\/posts"}],"about":[{"href":"https:\/\/www.tgrthaber.com\/mavikadin\/wp-json\/wp\/v2\/types\/post"}],"author":[{"embeddable":true,"href":"https:\/\/www.tgrthaber.com\/mavikadin\/wp-json\/wp\/v2\/users\/30"}],"replies":[{"embeddable":true,"href":"https:\/\/www.tgrthaber.com\/mavikadin\/wp-json\/wp\/v2\/comments?post=153837"}],"version-history":[{"count":7,"href":"https:\/\/www.tgrthaber.com\/mavikadin\/wp-json\/wp\/v2\/posts\/153837\/revisions"}],"predecessor-version":[{"id":153849,"href":"https:\/\/www.tgrthaber.com\/mavikadin\/wp-json\/wp\/v2\/posts\/153837\/revisions\/153849"}],"wp:featuredmedia":[{"embeddable":true,"href":"https:\/\/www.tgrthaber.com\/mavikadin\/wp-json\/wp\/v2\/media\/153840"}],"wp:attachment":[{"href":"https:\/\/www.tgrthaber.com\/mavikadin\/wp-json\/wp\/v2\/media?parent=153837"}],"wp:term":[{"taxonomy":"category","embeddable":true,"href":"https:\/\/www.tgrthaber.com\/mavikadin\/wp-json\/wp\/v2\/categories?post=153837"},{"taxonomy":"post_tag","embeddable":true,"href":"https:\/\/www.tgrthaber.com\/mavikadin\/wp-json\/wp\/v2\/tags?post=153837"}],"curies":[{"name":"wp","href":"https:\/\/api.w.org\/{rel}","templated":true}]}}