{"id":153918,"date":"2025-03-28T14:12:13","date_gmt":"2025-03-28T11:12:13","guid":{"rendered":"https:\/\/www.tgrthaber.com\/mavikadin\/?p=153918"},"modified":"2025-03-28T14:12:13","modified_gmt":"2025-03-28T11:12:13","slug":"kurulus-osman-dizisine-yeni-katilmisti-seyirciyi-sasirtan-ayrilik","status":"publish","type":"post","link":"https:\/\/www.tgrthaber.com\/mavikadin\/kurulus-osman-dizisine-yeni-katilmisti-seyirciyi-sasirtan-ayrilik\/","title":{"rendered":"Kurulu\u015f Osman dizisine yeni kat\u0131lm\u0131\u015ft\u0131! Seyirciyi \u015fa\u015f\u0131rtan ayr\u0131l\u0131k"},"content":{"rendered":"<p>ATV ekranlar\u0131n\u0131n reyting rekortmeni dizisi Kurulu\u015f Osman 6. sezonunda t\u00fcm h\u0131z\u0131yla yay\u0131nlanmaya devam ediyor. Yeni b\u00f6l\u00fcmleriyle izleyiciyi ekran ba\u015f\u0131na kilitleyen dizi, b\u00fcy\u00fck bir ilgiyle takip edilmeye devam ediyor. Dizi hem konusu hem de g\u00fc\u00e7l\u00fc oyuncu kadrosuyla dikkatleri \u00fczerine \u00e7ekiyor. Ge\u00e7ti\u011fimiz haftalarda oyuncu kadrosunu geni\u015fleten diziye \u201cEsenbike Hatun\u201d karakteriyle Ay\u00e7a \u0130nci ve \u201cSargu\u201d karakteriyle Ali \u00d6ner dahil olmu\u015ftu. Ba\u015far\u0131l\u0131 oyuncular dizideki senaryolar\u0131n\u0131n sona ermesi nedeniyle Kurulu\u015f Osman\u2019a veda etti. Hen\u00fcz diziye yeni kat\u0131lan oyuncular\u0131n ayr\u0131l\u0131\u011f\u0131 ise izleyicileri \u015fa\u015fk\u0131na \u00e7evirdi.<\/p>\n<h3>KURULU\u015e OSMAN D\u0130Z\u0130S\u0130NE YEN\u0130 KATILMI\u015eTI!<\/h3>\n<p>ATV ekranlar\u0131n\u0131n sevilen dizisi Kurulu\u015f Osman, t\u00fcm h\u0131z\u0131yla yay\u0131nlanmaya devam ediyor. Yeni b\u00f6l\u00fcmleriyle izleyiciyi ekran ba\u015f\u0131na kilitlemeye devam eden dizi, b\u00fcy\u00fck bir ilgiyle takip ediliyor. 6. Sezonunda h\u0131z kesmeden devam eden dizi hem tarihi konusu hem de g\u00fc\u00e7l\u00fc oyuncu kadrosuyla dikkatleri \u00fczerine \u00e7ekiyor.<\/p>\n<p><img loading=\"lazy\" decoding=\"async\" class=\"alignnone wp-image-153922\" src=\"https:\/\/www.tgrthaber.com\/mavikadin\/wp-content\/uploads\/Kurulus-Osman-12-3-1024x576.jpg\" alt=\"Kurulu\u015f Osman dizisine yeni kat\u0131lm\u0131\u015ft\u0131! Seyirciyi \u015fa\u015f\u0131rtan ayr\u0131l\u0131k\" width=\"1208\" height=\"680\" title=\"\" srcset=\"https:\/\/www.tgrthaber.com\/mavikadin\/wp-content\/uploads\/Kurulus-Osman-12-3-1024x576.jpg 1024w, https:\/\/www.tgrthaber.com\/mavikadin\/wp-content\/uploads\/Kurulus-Osman-12-3-300x169.jpg 300w, https:\/\/www.tgrthaber.com\/mavikadin\/wp-content\/uploads\/Kurulus-Osman-12-3-768x432.jpg 768w, https:\/\/www.tgrthaber.com\/mavikadin\/wp-content\/uploads\/Kurulus-Osman-12-3-1536x864.jpg 1536w, https:\/\/www.tgrthaber.com\/mavikadin\/wp-content\/uploads\/Kurulus-Osman-12-3.jpg 1600w\" sizes=\"(max-width: 1208px) 100vw, 1208px\" \/><\/p>\n<hr \/>\n<p>Heyecan dolu yeni b\u00f6l\u00fcmleriyle seyirci ile bulu\u015fmaya devam eden Kurulu\u015f Osman dizisi, ge\u00e7ti\u011fimiz g\u00fcnlerde nefesleri kesen bir b\u00f6l\u00fcme imza atm\u0131\u015ft\u0131.<\/p>\n<p>Dizinin yay\u0131nlanan son b\u00f6l\u00fcm\u00fcne Osman Bey\u2019in d\u00fc\u015fmanlar\u0131n\u0131 ma\u011flup ederek Kay\u0131 Obas\u0131n\u0131 geri almas\u0131, Esenbike Hatun ve Sargu\u2019nun, Sofia\u2019n\u0131n kurdu\u011fu tuzakla \u00f6ld\u00fcr\u00fclmesi damga vurmu\u015ftu. Dizinin son b\u00f6l\u00fcm\u00fcne damga vuran \u201cEsenbike Hatun\u201d ve \u201cSargu\u201d karakteri Kurulu\u015f Osman\u2019\u0131n oyuncu kadrosuna yeni kat\u0131lm\u0131\u015ft\u0131.<\/p>\n<p><img loading=\"lazy\" decoding=\"async\" class=\"alignnone wp-image-153923\" src=\"https:\/\/www.tgrthaber.com\/mavikadin\/wp-content\/uploads\/Kurulus-Osman-10-1-1024x576.jpg\" alt=\"Kurulu\u015f Osman dizisine yeni kat\u0131lm\u0131\u015ft\u0131! Seyirciyi \u015fa\u015f\u0131rtan ayr\u0131l\u0131k\" width=\"1208\" height=\"680\" title=\"\" srcset=\"https:\/\/www.tgrthaber.com\/mavikadin\/wp-content\/uploads\/Kurulus-Osman-10-1-1024x576.jpg 1024w, https:\/\/www.tgrthaber.com\/mavikadin\/wp-content\/uploads\/Kurulus-Osman-10-1-300x169.jpg 300w, https:\/\/www.tgrthaber.com\/mavikadin\/wp-content\/uploads\/Kurulus-Osman-10-1-768x432.jpg 768w, https:\/\/www.tgrthaber.com\/mavikadin\/wp-content\/uploads\/Kurulus-Osman-10-1-1536x864.jpg 1536w, https:\/\/www.tgrthaber.com\/mavikadin\/wp-content\/uploads\/Kurulus-Osman-10-1.jpg 1600w\" sizes=\"(max-width: 1208px) 100vw, 1208px\" \/><\/p>\n<hr \/>\n<h3>KURULU\u015e OSMAN D\u0130Z\u0130S\u0130NDE SEY\u0130RC\u0130Y\u0130 \u015eA\u015eIRTAN AYRILIK!<\/h3>\n<p>Heyecan dolu yeni b\u00f6l\u00fcmleriyle 6. sezonunda h\u0131z kesmeden devam eden Kurulu\u015f Osman dizisi, 6. sezon olmas\u0131na ra\u011fmen reytinglerde zirvede yer almay\u0131 ba\u015far\u0131yor. \u0130zleyicilerin b\u00fcy\u00fck bir ilgiyle takip etti\u011fi dizi, ATV ekranlar\u0131n\u0131n en \u00e7ok izlenen dizileri aras\u0131nda yer al\u0131yor.<\/p>\n<p><img loading=\"lazy\" decoding=\"async\" class=\"alignnone wp-image-153924\" src=\"https:\/\/www.tgrthaber.com\/mavikadin\/wp-content\/uploads\/Kurulus-Osman-11-5-1024x576.jpg\" alt=\"Kurulu\u015f Osman dizisine yeni kat\u0131lm\u0131\u015ft\u0131! Seyirciyi \u015fa\u015f\u0131rtan ayr\u0131l\u0131k\" width=\"1208\" height=\"680\" title=\"\" srcset=\"https:\/\/www.tgrthaber.com\/mavikadin\/wp-content\/uploads\/Kurulus-Osman-11-5-1024x576.jpg 1024w, https:\/\/www.tgrthaber.com\/mavikadin\/wp-content\/uploads\/Kurulus-Osman-11-5-300x169.jpg 300w, https:\/\/www.tgrthaber.com\/mavikadin\/wp-content\/uploads\/Kurulus-Osman-11-5-768x432.jpg 768w, https:\/\/www.tgrthaber.com\/mavikadin\/wp-content\/uploads\/Kurulus-Osman-11-5-1536x864.jpg 1536w, https:\/\/www.tgrthaber.com\/mavikadin\/wp-content\/uploads\/Kurulus-Osman-11-5.jpg 1600w\" sizes=\"(max-width: 1208px) 100vw, 1208px\" \/><\/p>\n<hr \/>\n<p>Tarihi konusu ve g\u00fc\u00e7l\u00fc oyuncu kadrosuyla b\u00fcy\u00fck bir ilgi g\u00f6ren Kurulu\u015f Osman, kadrosuna yeni isimler eklemeye devam ediyor. Oyuncu kadrosunu geni\u015fleten dizi, ge\u00e7ti\u011fimiz haftalarda \u201cEsenbike Hatun\u201d ve \u201cSargu\u201d ad\u0131ndaki yepyeni karakterleriyle izleyici kar\u015f\u0131s\u0131na \u00e7\u0131km\u0131\u015ft\u0131.<\/p>\n<p>Kurulu\u015f Osman dizisinde \u201cEsenbike Hatun\u201d karakterini \u201cAy\u00e7a \u0130nci\u201d \u00fcstlenirken, \u201cSargu\u201d karakterini ise \u201cAli \u00d6ner\u201d \u00fcstleniyordu. Ba\u015far\u0131l\u0131 oyunculuklar\u0131yla ad\u0131ndan s\u00f6z ettiren ikili dizideki senaryolar\u0131n\u0131n tamamlanmas\u0131 nedeniyle Kurulu\u015f Osman\u2019a veda etti. Diziye yeni dahil olan Ay\u00e7a \u0130nci ve Ali \u00d6ner\u2019in ayr\u0131l\u0131\u011f\u0131 seyirciyi \u015fa\u015fk\u0131na \u00e7evirdi.<\/p>\n<p><img loading=\"lazy\" decoding=\"async\" class=\"alignnone wp-image-153925\" src=\"https:\/\/www.tgrthaber.com\/mavikadin\/wp-content\/uploads\/Kurulus-Osman-8-5-1024x576.jpg\" alt=\"Kurulu\u015f Osman dizisine yeni kat\u0131lm\u0131\u015ft\u0131! Seyirciyi \u015fa\u015f\u0131rtan ayr\u0131l\u0131k\" width=\"1208\" height=\"680\" title=\"\" srcset=\"https:\/\/www.tgrthaber.com\/mavikadin\/wp-content\/uploads\/Kurulus-Osman-8-5-1024x576.jpg 1024w, https:\/\/www.tgrthaber.com\/mavikadin\/wp-content\/uploads\/Kurulus-Osman-8-5-300x169.jpg 300w, https:\/\/www.tgrthaber.com\/mavikadin\/wp-content\/uploads\/Kurulus-Osman-8-5-768x432.jpg 768w, https:\/\/www.tgrthaber.com\/mavikadin\/wp-content\/uploads\/Kurulus-Osman-8-5-1536x864.jpg 1536w, https:\/\/www.tgrthaber.com\/mavikadin\/wp-content\/uploads\/Kurulus-Osman-8-5.jpg 1600w\" sizes=\"(max-width: 1208px) 100vw, 1208px\" \/><\/p>\n<hr \/>\n<h3>ESEN B\u0130KE HATUN VE SARGUN\u2019UN SONU!<\/h3>\n<p>Kurulu\u015f Osman dizisi yay\u0131nlanan 186\u2019nc\u0131 b\u00f6l\u00fcm\u00fcyle seyirciden bir kez daha tam not ald\u0131. Osman Bey, T\u00fcrkmen Beylerinin deste\u011fini alarak k\u00fcffara kar\u015f\u0131 Kay\u0131 Obas\u0131 Alplerinin ve T\u00fcrkmen birliklerinin Sivri\u00f6y\u00fck mevkiindeki gizli kararg\u00e2hta bir araya gelerek yek v\u00fccut olarak hareket etmesi karar\u0131n\u0131 ald\u0131.<\/p>\n<p>Osman Bey, dizinin son b\u00f6l\u00fcm\u00fcnde \u201cHep birlikte tek bir ordu olaca\u011f\u0131z\u2019\u2019 diyerek harekete ge\u00e7ti. Di\u011fer yandan Esenbike Hatun, gizli kararg\u00e2h\u0131n yerini \u00f6\u011frenmek i\u00e7in T\u00fcrkmen Beylerinden \u015eahin Bey\u2019i o\u011flunun can\u0131yla tehdit etti. Kararg\u00e2h\u0131n yerini \u00f6\u011frenen Esenbike Hatun, Osman Bey ve Alplerine pusu kurdu.<\/p>\n<p><img loading=\"lazy\" decoding=\"async\" class=\"alignnone wp-image-153926\" src=\"https:\/\/www.tgrthaber.com\/mavikadin\/wp-content\/uploads\/Kurulus-Osman-9-3-1024x576.jpg\" alt=\"Kurulu\u015f Osman dizisine yeni kat\u0131lm\u0131\u015ft\u0131! Seyirciyi \u015fa\u015f\u0131rtan ayr\u0131l\u0131k\" width=\"1208\" height=\"680\" title=\"\" srcset=\"https:\/\/www.tgrthaber.com\/mavikadin\/wp-content\/uploads\/Kurulus-Osman-9-3-1024x576.jpg 1024w, https:\/\/www.tgrthaber.com\/mavikadin\/wp-content\/uploads\/Kurulus-Osman-9-3-300x169.jpg 300w, https:\/\/www.tgrthaber.com\/mavikadin\/wp-content\/uploads\/Kurulus-Osman-9-3-768x432.jpg 768w, https:\/\/www.tgrthaber.com\/mavikadin\/wp-content\/uploads\/Kurulus-Osman-9-3-1536x864.jpg 1536w, https:\/\/www.tgrthaber.com\/mavikadin\/wp-content\/uploads\/Kurulus-Osman-9-3.jpg 1600w\" sizes=\"(max-width: 1208px) 100vw, 1208px\" \/><\/p>\n<hr \/>\n<p>Kurulu\u015f Osman dizisinin son b\u00f6l\u00fcm\u00fcnde; Osman Bey Esenbike Hatun\u2019un kurdu\u011fu bu tuzaktan kurtularak kendisine yap\u0131lan ihaneti \u00f6\u011frendi ve \u015eahin Bey\u2019in can\u0131n\u0131 ald\u0131. Ard\u0131ndan y\u00f6n\u00fcn\u00fc do\u011frudan Kay\u0131 Obas\u0131\u2019na \u00e7eviren Osman Bey hain \u0130lbay\u2019\u0131 cezaland\u0131rarak Kay\u0131 Obas\u0131n\u0131 tekrar himayesi alt\u0131na ald\u0131.<\/p>\n<p>Sava\u015f\u0131 kaybettiklerini anlayan Esenbike Hatun ve Sargu ormana do\u011fru ka\u00e7t\u0131klar\u0131 s\u0131rada Sofia ve askerleriyle kar\u015f\u0131la\u015ft\u0131. Yard\u0131m teklifinde bulunun Sofia, beklenmedik bir hamleyle Esenbike Hatun ve Sargu\u2019yu \u00f6ld\u00fcrerek izini kaybettirmeyi ba\u015fard\u0131. B\u00f6ylece Esenbike Hatun ve Sargu karakterlerinin dizideki son sahneleri izleyiciye aktar\u0131ld\u0131.<\/p>\n","protected":false},"excerpt":{"rendered":"<p>ATV ekranlar\u0131n\u0131n b\u00fcy\u00fck bir ilgiyle takip edilen dizisi Kurulu\u015f Osman yeni b\u00f6l\u00fcmleriyle seyirciyi ekran ba\u015f\u0131na kilitlemeye devam ediyor. Ge\u00e7ti\u011fimiz haftalarda diziye \u201cEsenbike Hatun\u201d ve \u201cSargu\u201d karakterleriyle dahil olan Ay\u00e7a \u0130nce ve Ali \u00d6ner rollerinin bitmesi gere\u011fi diziye veda etti. Diziye yeni kat\u0131lan oyuncular\u0131n ayr\u0131l\u0131\u011f\u0131 seyircileri \u015fa\u015f\u0131rtt\u0131. <\/p>\n","protected":false},"author":26,"featured_media":153921,"comment_status":"closed","ping_status":"closed","sticky":false,"template":"","format":"standard","meta":{"rank_math_lock_modified_date":false,"footnotes":""},"categories":[602],"tags":[3072,15716,8446,14874,15842],"class_list":["post-153918","post","type-post","status-publish","format-standard","has-post-thumbnail","hentry","category-diziler","tag-kurulus-osman","tag-kurulus-osman-dizi","tag-kurulus-osman-dizisi","tag-kurulus-osman-esenbike-hatun","tag-kurulus-osman-sargu"],"_links":{"self":[{"href":"https:\/\/www.tgrthaber.com\/mavikadin\/wp-json\/wp\/v2\/posts\/153918"}],"collection":[{"href":"https:\/\/www.tgrthaber.com\/mavikadin\/wp-json\/wp\/v2\/posts"}],"about":[{"href":"https:\/\/www.tgrthaber.com\/mavikadin\/wp-json\/wp\/v2\/types\/post"}],"author":[{"embeddable":true,"href":"https:\/\/www.tgrthaber.com\/mavikadin\/wp-json\/wp\/v2\/users\/26"}],"replies":[{"embeddable":true,"href":"https:\/\/www.tgrthaber.com\/mavikadin\/wp-json\/wp\/v2\/comments?post=153918"}],"version-history":[{"count":1,"href":"https:\/\/www.tgrthaber.com\/mavikadin\/wp-json\/wp\/v2\/posts\/153918\/revisions"}],"predecessor-version":[{"id":153927,"href":"https:\/\/www.tgrthaber.com\/mavikadin\/wp-json\/wp\/v2\/posts\/153918\/revisions\/153927"}],"wp:featuredmedia":[{"embeddable":true,"href":"https:\/\/www.tgrthaber.com\/mavikadin\/wp-json\/wp\/v2\/media\/153921"}],"wp:attachment":[{"href":"https:\/\/www.tgrthaber.com\/mavikadin\/wp-json\/wp\/v2\/media?parent=153918"}],"wp:term":[{"taxonomy":"category","embeddable":true,"href":"https:\/\/www.tgrthaber.com\/mavikadin\/wp-json\/wp\/v2\/categories?post=153918"},{"taxonomy":"post_tag","embeddable":true,"href":"https:\/\/www.tgrthaber.com\/mavikadin\/wp-json\/wp\/v2\/tags?post=153918"}],"curies":[{"name":"wp","href":"https:\/\/api.w.org\/{rel}","templated":true}]}}