{"id":153936,"date":"2025-03-28T15:49:17","date_gmt":"2025-03-28T12:49:17","guid":{"rendered":"https:\/\/www.tgrthaber.com\/mavikadin\/?p=153936"},"modified":"2025-03-28T15:49:17","modified_gmt":"2025-03-28T12:49:17","slug":"ekranlarin-sevilen-dizileri-yeni-sezon-onaylarini-aldi-hangi-diziler-yeni-sezonda-ekranda-olacak","status":"publish","type":"post","link":"https:\/\/www.tgrthaber.com\/mavikadin\/ekranlarin-sevilen-dizileri-yeni-sezon-onaylarini-aldi-hangi-diziler-yeni-sezonda-ekranda-olacak\/","title":{"rendered":"Ekranlar\u0131n sevilen dizileri yeni sezon onaylar\u0131n\u0131 ald\u0131! Hangi diziler yeni sezonda ekranda olacak?"},"content":{"rendered":"<p>Ekranlar\u0131n sevilen dizileri yeni sezon i\u00e7in onaylar\u0131n\u0131 ald\u0131. Birbirinden iddial\u0131 yap\u0131mlar bu sezonda ekranlarda olacak. Peki, hangi diziler yeni sezonda ekranda olacak? merak edilenler ve daha fazlas\u0131 haberimizde\u2026<\/p>\n<h3>EKRANLARIN SEV\u0130LEN D\u0130Z\u0130LER\u0130 YEN\u0130 SEZON ONAYLARINI ALDI<\/h3>\n<p>T\u00fcrk dizileri kendi alanlar\u0131ndaki ba\u015far\u0131lar\u0131yla ad\u0131ndan s\u0131k\u00e7a s\u00f6z ettiriyorlar. T\u00fcrk dizileri birer birer finale giderken baz\u0131 diziler i\u00e7in yeni sezon onaylar\u0131 verildi. Birbirinden ba\u015far\u0131l\u0131 diziler seyircisi ile yeni sezon da ekranlarda g\u00f6r\u00fc\u015fecek. Yeni sezon da ekranlarda olacak diziler \u015fimdiden merak konusu oldu. Dizi severler be\u011fendikleri dizilerin ekran da olup olmayacaklar\u0131n\u0131 ara\u015ft\u0131rmaya ba\u015flad\u0131. Sosyal medya da payla\u015f\u0131lan bir haber sonras\u0131 sevilen dizilerden yeni sezon i\u00e7in onaylar al\u0131nd\u0131. Yap\u0131m ekipleri taraf\u0131ndan onaylanan diziler sezon finallerinin ard\u0131ndan eyl\u00fcl ay\u0131nda yeni sezonlar\u0131yla ekranlardaki yerlerini alacak.<\/p>\n<h3><img loading=\"lazy\" decoding=\"async\" class=\"alignnone wp-image-153973\" src=\"https:\/\/www.tgrthaber.com\/mavikadin\/wp-content\/uploads\/haber-gorselleri-fotoshop-2025-03-28T153722.341-1024x576.jpg\" alt=\"Ekranlar\u0131n sevilen dizileri yeni sezon onaylar\u0131n\u0131 ald\u0131! Hangi diziler yeni sezonda ekranda olacak? \" width=\"1208\" height=\"680\" title=\"\" srcset=\"https:\/\/www.tgrthaber.com\/mavikadin\/wp-content\/uploads\/haber-gorselleri-fotoshop-2025-03-28T153722.341-1024x576.jpg 1024w, https:\/\/www.tgrthaber.com\/mavikadin\/wp-content\/uploads\/haber-gorselleri-fotoshop-2025-03-28T153722.341-300x169.jpg 300w, https:\/\/www.tgrthaber.com\/mavikadin\/wp-content\/uploads\/haber-gorselleri-fotoshop-2025-03-28T153722.341-768x432.jpg 768w, https:\/\/www.tgrthaber.com\/mavikadin\/wp-content\/uploads\/haber-gorselleri-fotoshop-2025-03-28T153722.341-1536x864.jpg 1536w, https:\/\/www.tgrthaber.com\/mavikadin\/wp-content\/uploads\/haber-gorselleri-fotoshop-2025-03-28T153722.341.jpg 1600w\" sizes=\"(max-width: 1208px) 100vw, 1208px\" \/><\/h3>\n<hr \/>\n<h3>HANG\u0130 D\u0130Z\u0130LER YEN\u0130 SEZONDA EKRANDA OLACAK<\/h3>\n<p>Birbirinden ba\u015far\u0131l\u0131 diziler seyircisi ile yeni sezonda ekranlarda olacak. Yeni sezonlar\u0131 ile seyirci kar\u015f\u0131s\u0131na \u00e7\u0131kacak olan diziler ise \u015fimdiden g\u00fcndem olmaya ba\u015flad\u0131. Yeni sezon da ekranlarda olacak olan diziler ise Te\u015fkilat, Sahipsizler, Hudutsuz Sevda, Kurulu\u015f Osman, K\u0131z\u0131lc\u0131k \u015eerbeti, Kral Kaybederse, Arka Sokaklar ve Uzak \u015eehir dizileri yeni sezon onay\u0131n\u0131 ald\u0131. Yap\u0131mlardan teyitli olan bu diziler seyircisini eyl\u00fcl ay\u0131nda ekranlara kilitlemeye devam edecek.<\/p>\n<h3><img loading=\"lazy\" decoding=\"async\" class=\"alignnone wp-image-153968\" src=\"https:\/\/www.tgrthaber.com\/mavikadin\/wp-content\/uploads\/haber-gorselleri-fotoshop-2025-03-28T153810.768-1024x576.jpg\" alt=\"Ekranlar\u0131n sevilen dizileri yeni sezon onaylar\u0131n\u0131 ald\u0131! Hangi diziler yeni sezonda ekranda olacak? \" width=\"1208\" height=\"680\" title=\"\" srcset=\"https:\/\/www.tgrthaber.com\/mavikadin\/wp-content\/uploads\/haber-gorselleri-fotoshop-2025-03-28T153810.768-1024x576.jpg 1024w, https:\/\/www.tgrthaber.com\/mavikadin\/wp-content\/uploads\/haber-gorselleri-fotoshop-2025-03-28T153810.768-300x169.jpg 300w, https:\/\/www.tgrthaber.com\/mavikadin\/wp-content\/uploads\/haber-gorselleri-fotoshop-2025-03-28T153810.768-768x432.jpg 768w, https:\/\/www.tgrthaber.com\/mavikadin\/wp-content\/uploads\/haber-gorselleri-fotoshop-2025-03-28T153810.768-1536x864.jpg 1536w, https:\/\/www.tgrthaber.com\/mavikadin\/wp-content\/uploads\/haber-gorselleri-fotoshop-2025-03-28T153810.768.jpg 1600w\" sizes=\"(max-width: 1208px) 100vw, 1208px\" \/><\/h3>\n<hr \/>\n<h3>TE\u015eK\u0130LAT<\/h3>\n<p>TRT 1\u2019in sevilen aksiyon dizisi Te\u015fkilat, yap\u0131mc\u0131l\u0131\u011f\u0131n\u0131 Timur Savc\u0131 ve Burak Sa\u011fya\u015far\u2019\u0131n \u00fcstleniyor. Dizi, bug\u00fcne kadar 137 b\u00f6l\u00fcme ula\u015ft\u0131. Te\u015fkilat, \u00fclkesini korumak i\u00e7in yeralt\u0131na inen \u00f6zel bir M\u0130T timinin nefes kesen m\u00fccadelesini anlat\u0131yor.<\/p>\n<p><img loading=\"lazy\" decoding=\"async\" class=\"alignnone wp-image-153971\" src=\"https:\/\/www.tgrthaber.com\/mavikadin\/wp-content\/uploads\/haber-gorselleri-fotoshop-2025-03-28T153740.596-1024x576.jpg\" alt=\"Ekranlar\u0131n sevilen dizileri yeni sezon onaylar\u0131n\u0131 ald\u0131! Hangi diziler yeni sezonda ekranda olacak? \" width=\"1208\" height=\"680\" title=\"\" srcset=\"https:\/\/www.tgrthaber.com\/mavikadin\/wp-content\/uploads\/haber-gorselleri-fotoshop-2025-03-28T153740.596-1024x576.jpg 1024w, https:\/\/www.tgrthaber.com\/mavikadin\/wp-content\/uploads\/haber-gorselleri-fotoshop-2025-03-28T153740.596-300x169.jpg 300w, https:\/\/www.tgrthaber.com\/mavikadin\/wp-content\/uploads\/haber-gorselleri-fotoshop-2025-03-28T153740.596-768x432.jpg 768w, https:\/\/www.tgrthaber.com\/mavikadin\/wp-content\/uploads\/haber-gorselleri-fotoshop-2025-03-28T153740.596-1536x864.jpg 1536w, https:\/\/www.tgrthaber.com\/mavikadin\/wp-content\/uploads\/haber-gorselleri-fotoshop-2025-03-28T153740.596.jpg 1600w\" sizes=\"(max-width: 1208px) 100vw, 1208px\" \/><\/p>\n<hr \/>\n<h3>HUDUTSUZ SEVDA<\/h3>\n<p>Medyap\u0131m\u2019\u0131n yap\u0131mc\u0131l\u0131\u011f\u0131n\u0131 \u00fcstlendi\u011fi Hudutsuz Sevda, aksiyon ve dram dolu hikayesiyle izleyicileri ekran ba\u015f\u0131na kilitlemeye devam ediyor. Fatih Aksoy\u2019un yap\u0131mc\u0131l\u0131\u011f\u0131n\u0131 \u00fcstlendi\u011fi dizinin senaryosunu Bahad\u0131r \u00d6zdener kaleme al\u0131yor. Hik\u00e2ye, babas\u0131n\u0131 kan davas\u0131nda kaybeden Halil \u0130brahim\u2019in y\u0131llar sonra memleketi Karadeniz\u2019e d\u00f6nerek sevdi\u011fi kad\u0131n Yasemin ile kurmak istedi\u011fi hayat\u0131 ve kar\u015f\u0131la\u015ft\u0131\u011f\u0131 engelleri anlat\u0131yor.<\/p>\n<p><img loading=\"lazy\" decoding=\"async\" class=\"alignnone wp-image-153972\" src=\"https:\/\/www.tgrthaber.com\/mavikadin\/wp-content\/uploads\/haber-gorselleri-fotoshop-2025-03-28T153733.237-1024x576.jpg\" alt=\"Ekranlar\u0131n sevilen dizileri yeni sezon onaylar\u0131n\u0131 ald\u0131! Hangi diziler yeni sezonda ekranda olacak? \" width=\"1208\" height=\"680\" title=\"\" srcset=\"https:\/\/www.tgrthaber.com\/mavikadin\/wp-content\/uploads\/haber-gorselleri-fotoshop-2025-03-28T153733.237-1024x576.jpg 1024w, https:\/\/www.tgrthaber.com\/mavikadin\/wp-content\/uploads\/haber-gorselleri-fotoshop-2025-03-28T153733.237-300x169.jpg 300w, https:\/\/www.tgrthaber.com\/mavikadin\/wp-content\/uploads\/haber-gorselleri-fotoshop-2025-03-28T153733.237-768x432.jpg 768w, https:\/\/www.tgrthaber.com\/mavikadin\/wp-content\/uploads\/haber-gorselleri-fotoshop-2025-03-28T153733.237-1536x864.jpg 1536w, https:\/\/www.tgrthaber.com\/mavikadin\/wp-content\/uploads\/haber-gorselleri-fotoshop-2025-03-28T153733.237.jpg 1600w\" sizes=\"(max-width: 1208px) 100vw, 1208px\" \/><\/p>\n<hr \/>\n<h3>SAH\u0130PS\u0130ZLER<\/h3>\n<p>OGM Pictures\u2019\u0131n yap\u0131mc\u0131l\u0131\u011f\u0131n\u0131 \u00fcstlendi\u011fi Sahipsizler dizisi, g\u00fc\u00e7l\u00fc hikayesiyle izleyicileri ekran ba\u015f\u0131na kilitlemeye devam ediyor. Y\u00f6netmenli\u011fini Cem Karc\u0131\u2019n\u0131n yapt\u0131\u011f\u0131 dizinin senaryosunu Selin Arapkirli, Ramazan Demirli, \u00d6zg\u00fcr A\u011fao\u011flu ve Elif Hamamc\u0131 kaleme al\u0131yor. Dizide, anne ve babalar\u0131n\u0131 kaybeden alt\u0131 karde\u015fin, t\u00fcm zorluklara ra\u011fmen hayata tutunma m\u00fccadelesi anlat\u0131l\u0131yor. Karde\u015fler, ya\u015fad\u0131klar\u0131 trajediye ra\u011fmen birbirlerine destek olup ayakta kalmaya \u00e7al\u0131\u015f\u0131yor.<\/p>\n<p><img loading=\"lazy\" decoding=\"async\" class=\"alignnone wp-image-153969\" src=\"https:\/\/www.tgrthaber.com\/mavikadin\/wp-content\/uploads\/haber-gorselleri-fotoshop-2025-03-28T153800.989-1024x576.jpg\" alt=\"Ekranlar\u0131n sevilen dizileri yeni sezon onaylar\u0131n\u0131 ald\u0131! Hangi diziler yeni sezonda ekranda olacak? \" width=\"1208\" height=\"680\" title=\"\" srcset=\"https:\/\/www.tgrthaber.com\/mavikadin\/wp-content\/uploads\/haber-gorselleri-fotoshop-2025-03-28T153800.989-1024x576.jpg 1024w, https:\/\/www.tgrthaber.com\/mavikadin\/wp-content\/uploads\/haber-gorselleri-fotoshop-2025-03-28T153800.989-300x169.jpg 300w, https:\/\/www.tgrthaber.com\/mavikadin\/wp-content\/uploads\/haber-gorselleri-fotoshop-2025-03-28T153800.989-768x432.jpg 768w, https:\/\/www.tgrthaber.com\/mavikadin\/wp-content\/uploads\/haber-gorselleri-fotoshop-2025-03-28T153800.989-1536x864.jpg 1536w, https:\/\/www.tgrthaber.com\/mavikadin\/wp-content\/uploads\/haber-gorselleri-fotoshop-2025-03-28T153800.989.jpg 1600w\" sizes=\"(max-width: 1208px) 100vw, 1208px\" \/><\/p>\n<hr \/>\n<h3>KIZILCIK \u015eERBET\u0130<\/h3>\n<p>Gold Film\u2019in yap\u0131mc\u0131l\u0131\u011f\u0131n\u0131 \u00fcstlendi\u011fi K\u0131z\u0131lc\u0131k \u015eerbeti, Melis Civelek ve Zeynep G\u00fcr\u2019\u00fcn kaleme ald\u0131\u011f\u0131 etkileyici hikayesiyle izleyicileri b\u00fcy\u00fcl\u00fcyor. Dizide, farkl\u0131 g\u00f6r\u00fc\u015flere sahip iki ailenin \u00e7ocuklar\u0131n\u0131n evlili\u011fiyle geli\u015fen olaylar ve aileler aras\u0131ndaki \u00e7at\u0131\u015fmalar ele al\u0131n\u0131yor. Dram dolu sahneleriyle dikkat \u00e7ekiyor.<\/p>\n<p><img loading=\"lazy\" decoding=\"async\" class=\"alignnone wp-image-153967\" src=\"https:\/\/www.tgrthaber.com\/mavikadin\/wp-content\/uploads\/haber-gorselleri-fotoshop-2025-03-28T153820.336-1024x576.jpg\" alt=\"Ekranlar\u0131n sevilen dizileri yeni sezon onaylar\u0131n\u0131 ald\u0131! Hangi diziler yeni sezonda ekranda olacak? \" width=\"1208\" height=\"680\" title=\"\" srcset=\"https:\/\/www.tgrthaber.com\/mavikadin\/wp-content\/uploads\/haber-gorselleri-fotoshop-2025-03-28T153820.336-1024x576.jpg 1024w, https:\/\/www.tgrthaber.com\/mavikadin\/wp-content\/uploads\/haber-gorselleri-fotoshop-2025-03-28T153820.336-300x169.jpg 300w, https:\/\/www.tgrthaber.com\/mavikadin\/wp-content\/uploads\/haber-gorselleri-fotoshop-2025-03-28T153820.336-768x432.jpg 768w, https:\/\/www.tgrthaber.com\/mavikadin\/wp-content\/uploads\/haber-gorselleri-fotoshop-2025-03-28T153820.336-1536x864.jpg 1536w, https:\/\/www.tgrthaber.com\/mavikadin\/wp-content\/uploads\/haber-gorselleri-fotoshop-2025-03-28T153820.336.jpg 1600w\" sizes=\"(max-width: 1208px) 100vw, 1208px\" \/><\/p>\n<hr \/>\n<h3>UZAK \u015eEH\u0130R<\/h3>\n<p>G\u00fclizar Irmak&#8217;\u0131n senaryosunu yazd\u0131\u011f\u0131 Uzak \u015eehir, Ahmet Kat\u0131ks\u0131z&#8217;\u0131n y\u00f6netmenli\u011finde ekranlara geliyor. Dizi, Alya Albora&#8217;n\u0131n vefat eden e\u015finin vasiyetini yerine getirmek i\u00e7in Kanada&#8217;dan Mardin&#8217;e yapt\u0131\u011f\u0131 yolculukta ya\u015fad\u0131\u011f\u0131 zorluklar\u0131 ve duygusal anlar\u0131 konu al\u0131yor. \u0130zleyicilere derin bir hik\u00e2ye sunuyor.<\/p>\n","protected":false},"excerpt":{"rendered":"<p>Ekranlar\u0131n sevilen dizileri yeni sezon i\u00e7in onaylar\u0131n\u0131 ald\u0131. Birbirinden iddial\u0131 yap\u0131mlar bu sezonda ekranlarda olacak. <\/p>\n","protected":false},"author":34,"featured_media":153976,"comment_status":"closed","ping_status":"closed","sticky":false,"template":"","format":"standard","meta":{"rank_math_lock_modified_date":false,"footnotes":""},"categories":[602],"tags":[8686,2976,4119,157,2193,3072,3533,840],"class_list":["post-153936","post","type-post","status-publish","format-standard","has-post-thumbnail","hentry","category-diziler","tag-2025-dizileri","tag-arka-sokaklar","tag-hudutsuz-sevda","tag-kizilcik-serbeti","tag-kral-kaybederse","tag-kurulus-osman","tag-sahipsizler","tag-teskilat"],"_links":{"self":[{"href":"https:\/\/www.tgrthaber.com\/mavikadin\/wp-json\/wp\/v2\/posts\/153936"}],"collection":[{"href":"https:\/\/www.tgrthaber.com\/mavikadin\/wp-json\/wp\/v2\/posts"}],"about":[{"href":"https:\/\/www.tgrthaber.com\/mavikadin\/wp-json\/wp\/v2\/types\/post"}],"author":[{"embeddable":true,"href":"https:\/\/www.tgrthaber.com\/mavikadin\/wp-json\/wp\/v2\/users\/34"}],"replies":[{"embeddable":true,"href":"https:\/\/www.tgrthaber.com\/mavikadin\/wp-json\/wp\/v2\/comments?post=153936"}],"version-history":[{"count":1,"href":"https:\/\/www.tgrthaber.com\/mavikadin\/wp-json\/wp\/v2\/posts\/153936\/revisions"}],"predecessor-version":[{"id":153977,"href":"https:\/\/www.tgrthaber.com\/mavikadin\/wp-json\/wp\/v2\/posts\/153936\/revisions\/153977"}],"wp:featuredmedia":[{"embeddable":true,"href":"https:\/\/www.tgrthaber.com\/mavikadin\/wp-json\/wp\/v2\/media\/153976"}],"wp:attachment":[{"href":"https:\/\/www.tgrthaber.com\/mavikadin\/wp-json\/wp\/v2\/media?parent=153936"}],"wp:term":[{"taxonomy":"category","embeddable":true,"href":"https:\/\/www.tgrthaber.com\/mavikadin\/wp-json\/wp\/v2\/categories?post=153936"},{"taxonomy":"post_tag","embeddable":true,"href":"https:\/\/www.tgrthaber.com\/mavikadin\/wp-json\/wp\/v2\/tags?post=153936"}],"curies":[{"name":"wp","href":"https:\/\/api.w.org\/{rel}","templated":true}]}}