{"id":153945,"date":"2025-03-28T15:33:11","date_gmt":"2025-03-28T12:33:11","guid":{"rendered":"https:\/\/www.tgrthaber.com\/mavikadin\/?p=153945"},"modified":"2025-03-28T15:34:25","modified_gmt":"2025-03-28T12:34:25","slug":"gonul-dagi-dizisi-yeni-bolumunde-bayram-sevinci-yasanacak-agitci-huseyin-172-bolumde-yer-alacak","status":"publish","type":"post","link":"https:\/\/www.tgrthaber.com\/mavikadin\/gonul-dagi-dizisi-yeni-bolumunde-bayram-sevinci-yasanacak-agitci-huseyin-172-bolumde-yer-alacak\/","title":{"rendered":"G\u00f6n\u00fcl Da\u011f\u0131 dizisi yeni b\u00f6l\u00fcm\u00fcnde bayram sevinci ya\u015fanacak! A\u011f\u0131t\u00e7\u0131 H\u00fcseyin 172. b\u00f6l\u00fcmde yer alacak"},"content":{"rendered":"<p>TRT 1 ekranlar\u0131n\u0131n reyting rekortmeni dizisi G\u00f6n\u00fcl Da\u011f\u0131, yeni b\u00f6l\u00fcmleriyle izleyici kar\u015f\u0131s\u0131na \u00e7\u0131kmaya devam ediyor. T\u00fcm h\u0131z\u0131yla devam eden dizi, heyecan dolu yeni b\u00f6l\u00fcmleriyle izleyiciyi ekran ba\u015f\u0131nda kilitliyor. B\u00fcy\u00fck bir izleyici kitlesine sahip olan dizinin yeni b\u00f6l\u00fcm\u00fcnde neler olaca\u011f\u0131 da merakla ara\u015ft\u0131r\u0131l\u0131yor. A\u011f\u0131t\u00e7\u0131 H\u00fcseyin\u2019in geri d\u00f6nd\u00fc\u011f\u00fc 172. b\u00f6l\u00fcmde bayram sevinci herkesi saracak. Peki, G\u00f6n\u00fcl Da\u011f\u0131 dizisi 172. b\u00f6l\u00fcmde neler olacak? A\u011f\u0131t\u00e7\u0131 H\u00fcseyin seyirciyi ekran ba\u015f\u0131na kilitleyecek.<\/p>\n<h3>G\u00d6N\u00dcL DA\u011eI D\u0130Z\u0130S\u0130 YEN\u0130 B\u00d6L\u00dcMDE BAYRAM SEV\u0130NC\u0130 YA\u015eANACAK!<\/h3>\n<p>TRT 1 ekranlar\u0131n\u0131n b\u00fcy\u00fck bir ilgiyle takip edilen dizisi G\u00f6n\u00fcl Da\u011f\u0131, 5 sezondur izleyici kar\u015f\u0131s\u0131na \u00e7\u0131k\u0131yor. Yay\u0131nland\u0131\u011f\u0131 ilk g\u00fcnden bu yana yo\u011fun bir izleyici kitlesine sahip olan dizi, yeni b\u00f6l\u00fcmleriyle izleyiciye heyecan dolu anlar ya\u015fatmaya devam ediyor.<\/p>\n<p><img loading=\"lazy\" decoding=\"async\" class=\"alignnone wp-image-153952\" src=\"https:\/\/www.tgrthaber.com\/mavikadin\/wp-content\/uploads\/Gonul-Dagi-5-2-1024x576.jpg\" alt=\"G\u00f6n\u00fcl Da\u011f\u0131 dizisi yeni b\u00f6l\u00fcmde bayram sevinci ya\u015fanacak! A\u011f\u0131t\u00e7\u0131 H\u00fcseyin 172. b\u00f6l\u00fcmde yer alacak\" width=\"1208\" height=\"680\" title=\"\" srcset=\"https:\/\/www.tgrthaber.com\/mavikadin\/wp-content\/uploads\/Gonul-Dagi-5-2-1024x576.jpg 1024w, https:\/\/www.tgrthaber.com\/mavikadin\/wp-content\/uploads\/Gonul-Dagi-5-2-300x169.jpg 300w, https:\/\/www.tgrthaber.com\/mavikadin\/wp-content\/uploads\/Gonul-Dagi-5-2-768x432.jpg 768w, https:\/\/www.tgrthaber.com\/mavikadin\/wp-content\/uploads\/Gonul-Dagi-5-2-1536x864.jpg 1536w, https:\/\/www.tgrthaber.com\/mavikadin\/wp-content\/uploads\/Gonul-Dagi-5-2.jpg 1600w\" sizes=\"(max-width: 1208px) 100vw, 1208px\" \/><\/p>\n<hr \/>\n<p>Konusu ve g\u00fc\u00e7l\u00fc oyuncu kadrosuyla izleyiciyi ekran ba\u015f\u0131na kilitleyen G\u00f6n\u00fcl Da\u011f\u0131 dizisinin 172. b\u00f6l\u00fcm\u00fcnde b\u00fcy\u00fck bir bayram sevinci ya\u015fanacak. Yeni b\u00f6l\u00fcm\u00fc 29 Mart 2025 Cumartesi arife g\u00fcn\u00fc yay\u0131nlanacak olan dizi 172. b\u00f6l\u00fcm\u00fcnde \u201cRamazan Bayram\u0131\u201d temas\u0131n\u0131 i\u015fleyecek. Seyirci kar\u015f\u0131s\u0131na s\u0131cak ve samimi bir b\u00f6l\u00fcmle \u00e7\u0131kak olan dizi, izleyicilerin i\u00e7ini \u0131s\u0131tacak.<\/p>\n<p>Ekran\u0131n geldi\u011fi ilk g\u00fcnden itibaren g\u00f6n\u00fcllerinde taht kuran, 5 Sezon boyunca her hafta izlenme rekorlar\u0131 k\u0131ran G\u00f6n\u00fcl Da\u011f\u0131 dizisinin yeni b\u00f6l\u00fcm\u00fcnde kasabada bayram sevinci ya\u015fanacak. Peki, Cirit\u00e7i Abdullah, torunlar\u0131ndan ne isteyecek? Selma\u2019n\u0131n do\u011fum g\u00fcn\u00fc nas\u0131l kutlanacak? Bayram \u015fenli\u011finde neler ya\u015fanacak? Hepsi ve daha fazlas\u0131 G\u00f6n\u00fcl Da\u011f\u0131 dizisinin 172. b\u00f6l\u00fcm\u00fcnde 29 Mart 2025 Cumartesi ak\u015fam\u0131 saat 20.10\u2019da TRT 1 ekranlar\u0131na yer alacak.<\/p>\n<p><img loading=\"lazy\" decoding=\"async\" class=\"alignnone wp-image-153953\" src=\"https:\/\/www.tgrthaber.com\/mavikadin\/wp-content\/uploads\/Gonul-Dagi-7-2-1024x576.jpg\" alt=\"G\u00f6n\u00fcl Da\u011f\u0131 dizisi yeni b\u00f6l\u00fcmde bayram sevinci ya\u015fanacak! A\u011f\u0131t\u00e7\u0131 H\u00fcseyin 172. b\u00f6l\u00fcmde yer alacak\" width=\"1208\" height=\"680\" title=\"\" srcset=\"https:\/\/www.tgrthaber.com\/mavikadin\/wp-content\/uploads\/Gonul-Dagi-7-2-1024x576.jpg 1024w, https:\/\/www.tgrthaber.com\/mavikadin\/wp-content\/uploads\/Gonul-Dagi-7-2-300x169.jpg 300w, https:\/\/www.tgrthaber.com\/mavikadin\/wp-content\/uploads\/Gonul-Dagi-7-2-768x432.jpg 768w, https:\/\/www.tgrthaber.com\/mavikadin\/wp-content\/uploads\/Gonul-Dagi-7-2-1536x864.jpg 1536w, https:\/\/www.tgrthaber.com\/mavikadin\/wp-content\/uploads\/Gonul-Dagi-7-2.jpg 1600w\" sizes=\"(max-width: 1208px) 100vw, 1208px\" \/><\/p>\n<hr \/>\n<h3>G\u00d6N\u00dcL DA\u011eI D\u0130Z\u0130S\u0130 172. B\u00d6L\u00dcMDE NELER OLACAK?<\/h3>\n<p>G\u00f6n\u00fcl Da\u011f\u0131 dizisinin 172. b\u00f6l\u00fcm\u00fcnde b\u00fcy\u00fck bir bayram \u015fenli\u011fi ya\u015fanacak. Kasabada bayram sevinci ya\u015fan\u0131rken, amcao\u011fullar\u0131 i\u015flerine kald\u0131klar\u0131 yerden devam edecek. Cirit\u00e7i Abdullah ise beklenmedik bir \u015fekilde i\u015fleriyle ilgili torunlar\u0131ndan bir \u015fey isteyecek.<\/p>\n<p>Taner, Selma\u2019n\u0131n do\u011fum g\u00fcn\u00fcn\u00fc kutlamak i\u00e7in planlar yapacak. G\u00f6n\u00fcl Da\u011f\u0131 dizisinin yeni b\u00f6l\u00fcm\u00fcnde seyirciler Taner\u2019in Selma\u2019ya haz\u0131rlad\u0131\u011f\u0131 s\u00fcrpriz do\u011fum g\u00fcn\u00fcn\u00fc izlerken, ayn\u0131 zamanda Taner\u2019in romantik \u015fiir sahnesiyle de duygusal anlar ya\u015fayacak. Taner\u2019in Selma\u2019ya haz\u0131rlad\u0131\u011f\u0131 \u015fark\u0131l\u0131, \u015fiirli muhte\u015fem do\u011fum g\u00fcn\u00fc partisinde neler ya\u015fanaca\u011f\u0131 yeni b\u00f6l\u00fcmde belli olacak.<\/p>\n<p><img loading=\"lazy\" decoding=\"async\" class=\"alignnone wp-image-153954\" src=\"https:\/\/www.tgrthaber.com\/mavikadin\/wp-content\/uploads\/Gonul-Dagi-6-2-1024x576.jpg\" alt=\"G\u00f6n\u00fcl Da\u011f\u0131 dizisi yeni b\u00f6l\u00fcmde bayram sevinci ya\u015fanacak! A\u011f\u0131t\u00e7\u0131 H\u00fcseyin 172. b\u00f6l\u00fcmde yer alacak\" width=\"1208\" height=\"680\" title=\"\" srcset=\"https:\/\/www.tgrthaber.com\/mavikadin\/wp-content\/uploads\/Gonul-Dagi-6-2-1024x576.jpg 1024w, https:\/\/www.tgrthaber.com\/mavikadin\/wp-content\/uploads\/Gonul-Dagi-6-2-300x169.jpg 300w, https:\/\/www.tgrthaber.com\/mavikadin\/wp-content\/uploads\/Gonul-Dagi-6-2-768x432.jpg 768w, https:\/\/www.tgrthaber.com\/mavikadin\/wp-content\/uploads\/Gonul-Dagi-6-2-1536x864.jpg 1536w, https:\/\/www.tgrthaber.com\/mavikadin\/wp-content\/uploads\/Gonul-Dagi-6-2.jpg 1600w\" sizes=\"(max-width: 1208px) 100vw, 1208px\" \/><\/p>\n<hr \/>\n<p>Di\u011fer yandan Selami, kasabada bayram \u015fenli\u011fi yapmaya karar verecek. Baklava yar\u0131\u015fmas\u0131n\u0131 kazanan Cemile, Asuman ve Elif aras\u0131nda tatl\u0131 bir rekabet ba\u015flayacak. Birbirinden e\u011flenceli oyunlar\u0131n oynanaca\u011f\u0131 ve yar\u0131\u015flar\u0131n yap\u0131laca\u011f\u0131 yeni b\u00f6l\u00fcm, seyirciyi ekran ba\u015f\u0131na kilitleyecek.<\/p>\n<p>Selami, Gedilli\u2019de unutulmayacak ve y\u0131llarca anlat\u0131lacak muhte\u015fem bir bayram \u015fenli\u011fi i\u00e7in haz\u0131rl\u0131klar yapacak. Aileler aras\u0131 yar\u0131\u015fmalar, e\u011flenceli aktiviteler, konserler, etkinlerle birlikte kasaba unutulmayacak bir bayram sevinci ya\u015fayacak. Selami karakteriyle b\u00fcy\u00fck be\u011feni toplayan \u201cEser Ey\u00fcbo\u011flu\u201d, yeni b\u00f6l\u00fcmde bayram e\u011flencesinde \u201cBa\u011flamam\u0131n Telleri\u201d t\u00fcrk\u00fcs\u00fcn\u00fc seslendirecek.<\/p>\n<p><img loading=\"lazy\" decoding=\"async\" class=\"alignnone wp-image-153955\" src=\"https:\/\/www.tgrthaber.com\/mavikadin\/wp-content\/uploads\/Gonul-Dagi-3-5-1024x576.jpg\" alt=\"G\u00f6n\u00fcl Da\u011f\u0131 dizisi yeni b\u00f6l\u00fcmde bayram sevinci ya\u015fanacak! A\u011f\u0131t\u00e7\u0131 H\u00fcseyin 172. b\u00f6l\u00fcmde yer alacak\" width=\"1208\" height=\"680\" title=\"\" srcset=\"https:\/\/www.tgrthaber.com\/mavikadin\/wp-content\/uploads\/Gonul-Dagi-3-5-1024x576.jpg 1024w, https:\/\/www.tgrthaber.com\/mavikadin\/wp-content\/uploads\/Gonul-Dagi-3-5-300x169.jpg 300w, https:\/\/www.tgrthaber.com\/mavikadin\/wp-content\/uploads\/Gonul-Dagi-3-5-768x432.jpg 768w, https:\/\/www.tgrthaber.com\/mavikadin\/wp-content\/uploads\/Gonul-Dagi-3-5-1536x864.jpg 1536w, https:\/\/www.tgrthaber.com\/mavikadin\/wp-content\/uploads\/Gonul-Dagi-3-5.jpg 1600w\" sizes=\"(max-width: 1208px) 100vw, 1208px\" \/><\/p>\n<hr \/>\n<h3>A\u011eIT\u00c7I H\u00dcSEY\u0130N G\u00d6N\u00dcL DA\u011eI&#8217;NA GER\u0130 D\u00d6ND\u00dc!<\/h3>\n<p>G\u00f6n\u00fcl Da\u011f\u0131 dizisinin 172. b\u00f6l\u00fcmde Gedilli Kasabas\u0131\u2019nda \u00e7ifte bayram ya\u015fanacak. Dizinin en sevilen karakterlerinden \u201cA\u011f\u0131t\u00e7\u0131 H\u00fcseyin\u201d 172. b\u00f6l\u00fcmde Gedilli\u2019ye geri d\u00f6necek. Abisi ile \u015fehir d\u0131\u015f\u0131na giden ve aylard\u0131r kasabadan uzak bir \u015fehirde \u00e7al\u0131\u015fan A\u011f\u0131t\u00e7\u0131 H\u00fcseyin, memleketine yeniden kavu\u015facak.<\/p>\n<p>A\u011f\u0131t\u00e7\u0131 H\u00fcseyin\u2019in d\u00f6n\u00fc\u015f\u00fc, ba\u015fta Adile, Cirit\u00e7i Abdullah ve Ramazan olmak \u00fczere t\u00fcm Kaya ailesini sevince bo\u011facak.\u00a0 A\u011f\u0131t\u00e7\u0131 H\u00fcseyin, 172. B\u00f6l\u00fcmden itibaren yine ne\u015fesi, esprileri, komik hareketleri ve samimiyeti ile izleyicilerin g\u00f6zdesi olacak.<\/p>\n<p><img loading=\"lazy\" decoding=\"async\" class=\"alignnone wp-image-153957\" src=\"https:\/\/www.tgrthaber.com\/mavikadin\/wp-content\/uploads\/Gonul-Dagi-1-5-1024x576.jpg\" alt=\"G\u00f6n\u00fcl Da\u011f\u0131 dizisi yeni b\u00f6l\u00fcmde bayram sevinci ya\u015fanacak! A\u011f\u0131t\u00e7\u0131 H\u00fcseyin 172. b\u00f6l\u00fcmde yer alacak\" width=\"1208\" height=\"680\" title=\"\" srcset=\"https:\/\/www.tgrthaber.com\/mavikadin\/wp-content\/uploads\/Gonul-Dagi-1-5-1024x576.jpg 1024w, https:\/\/www.tgrthaber.com\/mavikadin\/wp-content\/uploads\/Gonul-Dagi-1-5-300x169.jpg 300w, https:\/\/www.tgrthaber.com\/mavikadin\/wp-content\/uploads\/Gonul-Dagi-1-5-768x432.jpg 768w, https:\/\/www.tgrthaber.com\/mavikadin\/wp-content\/uploads\/Gonul-Dagi-1-5-1536x864.jpg 1536w, https:\/\/www.tgrthaber.com\/mavikadin\/wp-content\/uploads\/Gonul-Dagi-1-5.jpg 1600w\" sizes=\"(max-width: 1208px) 100vw, 1208px\" \/><\/p>\n<hr \/>\n<p>Ge\u00e7ti\u011fimiz b\u00f6l\u00fcmlerde diziye veda eden A\u011f\u0131t\u00e7\u0131 H\u00fcseyin karakteriyle izleyici kar\u015f\u0131s\u0131na \u00e7\u0131kan Erdal Cindoruk, \u201cSen A\u011flama \u0130stanbul\u201d dizisinin oyuncu kadrosuna kat\u0131lm\u0131\u015f fakat dizinin k\u0131sa s\u00fcrmesi ve final yapmas\u0131yla birlikte yeniden \u201cG\u00f6n\u00fcl Da\u011f\u0131\u201dna gelece\u011fi konu\u015fulmu\u015ftu.<\/p>\n<p>G\u00f6n\u00fcl Da\u011f\u0131 izleyicilerin en sevdi\u011fi karakterlerden biri olan \u201cA\u011f\u0131t\u00e7\u0131 H\u00fcseyin\u201d yeniden diziye dahil oldu. Erdal Cindoruk\u2019un oynad\u0131\u011f\u0131 A\u011f\u0131t\u00e7\u0131 H\u00fcseyin karakterinin ilerleyen b\u00f6l\u00fcmlerdeki gidi\u015fat\u0131 \u015fimdiden merak edildi.<\/p>\n<p><img loading=\"lazy\" decoding=\"async\" class=\"alignnone wp-image-153958\" src=\"https:\/\/www.tgrthaber.com\/mavikadin\/wp-content\/uploads\/Gonul-Dagi-4-2-1024x576.jpg\" alt=\"G\u00f6n\u00fcl Da\u011f\u0131 dizisi yeni b\u00f6l\u00fcmde bayram sevinci ya\u015fanacak! A\u011f\u0131t\u00e7\u0131 H\u00fcseyin 172. b\u00f6l\u00fcmde yer alacak\" width=\"1208\" height=\"680\" title=\"\" srcset=\"https:\/\/www.tgrthaber.com\/mavikadin\/wp-content\/uploads\/Gonul-Dagi-4-2-1024x576.jpg 1024w, https:\/\/www.tgrthaber.com\/mavikadin\/wp-content\/uploads\/Gonul-Dagi-4-2-300x169.jpg 300w, https:\/\/www.tgrthaber.com\/mavikadin\/wp-content\/uploads\/Gonul-Dagi-4-2-768x432.jpg 768w, https:\/\/www.tgrthaber.com\/mavikadin\/wp-content\/uploads\/Gonul-Dagi-4-2-1536x864.jpg 1536w, https:\/\/www.tgrthaber.com\/mavikadin\/wp-content\/uploads\/Gonul-Dagi-4-2.jpg 1600w\" sizes=\"(max-width: 1208px) 100vw, 1208px\" \/><\/p>\n","protected":false},"excerpt":{"rendered":"<p>TRT 1 ekranlar\u0131n\u0131n b\u00fcy\u00fck bir ilgiyle takip edilen dizisi G\u00f6n\u00fcl Da\u011f\u0131, t\u00fcm h\u0131z\u0131yla yay\u0131nlanmaya devam ediyor. Konusu ve g\u00fc\u00e7l\u00fc oyuncu kadrosuyla dikkat \u00e7eken dizinin yeni b\u00f6l\u00fcm\u00fcnde neler olaca\u011f\u0131 da merak ediliyor. Peki, G\u00f6n\u00fcl Da\u011f\u0131 dizisi 172. b\u00f6l\u00fcmde neler olacak? A\u011f\u0131t\u00e7\u0131 H\u00fcseyin seyirciyi ekran ba\u015f\u0131na kilitleyecek.<\/p>\n","protected":false},"author":26,"featured_media":153947,"comment_status":"closed","ping_status":"closed","sticky":false,"template":"","format":"standard","meta":{"rank_math_lock_modified_date":false,"footnotes":""},"categories":[602],"tags":[3687,12528,11664,7484,15846],"class_list":["post-153945","post","type-post","status-publish","format-standard","has-post-thumbnail","hentry","category-diziler","tag-gonul-dagi","tag-gonul-dagi-agitci-huseyin","tag-gonul-dagi-dizi","tag-gonul-dagi-dizisi","tag-gonul-dagi-erdal-cindoruk"],"_links":{"self":[{"href":"https:\/\/www.tgrthaber.com\/mavikadin\/wp-json\/wp\/v2\/posts\/153945"}],"collection":[{"href":"https:\/\/www.tgrthaber.com\/mavikadin\/wp-json\/wp\/v2\/posts"}],"about":[{"href":"https:\/\/www.tgrthaber.com\/mavikadin\/wp-json\/wp\/v2\/types\/post"}],"author":[{"embeddable":true,"href":"https:\/\/www.tgrthaber.com\/mavikadin\/wp-json\/wp\/v2\/users\/26"}],"replies":[{"embeddable":true,"href":"https:\/\/www.tgrthaber.com\/mavikadin\/wp-json\/wp\/v2\/comments?post=153945"}],"version-history":[{"count":2,"href":"https:\/\/www.tgrthaber.com\/mavikadin\/wp-json\/wp\/v2\/posts\/153945\/revisions"}],"predecessor-version":[{"id":153961,"href":"https:\/\/www.tgrthaber.com\/mavikadin\/wp-json\/wp\/v2\/posts\/153945\/revisions\/153961"}],"wp:featuredmedia":[{"embeddable":true,"href":"https:\/\/www.tgrthaber.com\/mavikadin\/wp-json\/wp\/v2\/media\/153947"}],"wp:attachment":[{"href":"https:\/\/www.tgrthaber.com\/mavikadin\/wp-json\/wp\/v2\/media?parent=153945"}],"wp:term":[{"taxonomy":"category","embeddable":true,"href":"https:\/\/www.tgrthaber.com\/mavikadin\/wp-json\/wp\/v2\/categories?post=153945"},{"taxonomy":"post_tag","embeddable":true,"href":"https:\/\/www.tgrthaber.com\/mavikadin\/wp-json\/wp\/v2\/tags?post=153945"}],"curies":[{"name":"wp","href":"https:\/\/api.w.org\/{rel}","templated":true}]}}