{"id":154090,"date":"2025-03-28T23:20:51","date_gmt":"2025-03-28T20:20:51","guid":{"rendered":"https:\/\/www.tgrthaber.com\/mavikadin\/?p=154090"},"modified":"2025-03-28T23:21:29","modified_gmt":"2025-03-28T20:21:29","slug":"can-yamanin-rio-pozlari-sosyal-medyayi-salladi","status":"publish","type":"post","link":"https:\/\/www.tgrthaber.com\/mavikadin\/can-yamanin-rio-pozlari-sosyal-medyayi-salladi\/","title":{"rendered":"Can Yaman\u2019\u0131n Rio pozlar\u0131 sosyal medyay\u0131 sallad\u0131!"},"content":{"rendered":"<p>\u201cBay Yanl\u0131\u015f\u201d dizisinin \u00e7ekimleri bittikten sonra yurt d\u0131\u015f\u0131na a\u00e7\u0131lmaya karar veren Can Yaman, solu\u011fu \u0130talya\u2019da alm\u0131\u015ft\u0131. Oyunculuk kariyerini \u0130talya\u2019da bir \u00fcst seviyeye ta\u015f\u0131yan Yaman, geni\u015f bir hayran kitlesine ula\u015ft\u0131. 2025 y\u0131l\u0131nda internet \u00fczerinden yay\u0131nlanacak olan El Turco dizisinin tan\u0131t\u0131m\u0131 i\u00e7in solu\u011fu Brezilya\u2019da ald\u0131. Dizinin tan\u0131t\u0131m\u0131 galas\u0131nda hayranlar\u0131yla bulu\u015fan Can Yaman, sosyal medya payla\u015f\u0131mlar\u0131yla b\u00fcy\u00fck be\u011feni ald\u0131.<\/p>\n<h3>CAN YAMAN D\u00dcNYA \u00c7APINDA TANINIYOR!<\/h3>\n<p>\u0130talya\u2019da ad\u0131n\u0131 geni\u015f kitlelere duyuran Can Yaman, M\u0131s\u0131r&#8217;da oynad\u0131\u011f\u0131 reklam filmi ile b\u00fcy\u00fck bir ba\u015far\u0131 elde etti. \u0130\u015f i\u00e7in gitti\u011fi her \u00fclkede hayranlar\u0131 taraf\u0131ndan alk\u0131\u015flarla a\u011f\u0131rlanan gen\u00e7 oyuncu Can Yaman, reklam filmiyle b\u00fcy\u00fck ilgi g\u00f6rd\u00fc. \u00dcnl\u00fc oyuncu 35 ya\u015f\u0131nda olmas\u0131na ra\u011fmen sa\u011fl\u0131kl\u0131 ve fit v\u00fccudu ile dikkatleri \u00fczerine \u00e7ekmeye devam ediyor.<\/p>\n<p><img loading=\"lazy\" decoding=\"async\" class=\"alignnone wp-image-154091\" src=\"https:\/\/www.tgrthaber.com\/mavikadin\/wp-content\/uploads\/can-yamandan-rio-pozlari-300x169.jpg\" alt=\"can yaman&#039;dan rio pozlar\u0131\" width=\"1208\" height=\"680\" title=\"\" srcset=\"https:\/\/www.tgrthaber.com\/mavikadin\/wp-content\/uploads\/can-yamandan-rio-pozlari-300x169.jpg 300w, https:\/\/www.tgrthaber.com\/mavikadin\/wp-content\/uploads\/can-yamandan-rio-pozlari-1024x576.jpg 1024w, https:\/\/www.tgrthaber.com\/mavikadin\/wp-content\/uploads\/can-yamandan-rio-pozlari-768x432.jpg 768w, https:\/\/www.tgrthaber.com\/mavikadin\/wp-content\/uploads\/can-yamandan-rio-pozlari-1536x864.jpg 1536w, https:\/\/www.tgrthaber.com\/mavikadin\/wp-content\/uploads\/can-yamandan-rio-pozlari.jpg 1920w\" sizes=\"(max-width: 1208px) 100vw, 1208px\" \/><\/p>\n<hr \/>\n<h3>EL TURCO D\u0130Z\u0130S\u0130 \u0130\u00c7\u0130N BREZ\u0130LYA\u2019DA<\/h3>\n<p>GA\u0130N dijital platformunda yay\u0131nlanacak olan El Turco dizisinde ba\u015frol\u00fc oynayan Can Yaman Hasan Balaban rol\u00fc ile izleyici kar\u015f\u0131s\u0131nda \u00e7\u0131k\u0131yor. Gen\u00e7 oyuncun dizinin \u00e7ekimleri s\u0131ras\u0131nda kamera arkas\u0131ndaki payla\u015f\u0131mlar\u0131 yeni a\u00e7t\u0131\u011f\u0131 sosyal medya platformunda payla\u015ft\u0131. Yaman\u2019\u0131n kamera arkas\u0131 takip\u00e7ileri taraf\u0131ndan b\u00fcy\u00fck bir be\u011feni toplad\u0131. El Turco dizisinin tan\u0131t\u0131m lansmanlar\u0131n\u0131n ba\u015flamas\u0131 \u00fczerine solu\u011fu Brezilya\u2019n\u0131n Rio kentinde ald\u0131. Rio\u2019da ger\u00e7ekle\u015fen tan\u0131t\u0131m lansman\u0131n ard\u0131ndan \u015fehir turuna \u00e7\u0131kan Can Yaman, helikopterdeki anlar\u0131n\u0131 sosyal medya hesab\u0131ndan payla\u015ft\u0131. Yaman, o anlar\u0131 \u201c \u201cYukar\u0131dan bak\u0131nca Rio bamba\u015fka bir \u015fey. Kelimelerle tarif edilemeyecek kadar g\u00fczel\u201d notuyla(\u0130ngilizce) payla\u015f\u0131m\u0131n\u0131 ger\u00e7ekle\u015ftirdi. Foto\u011fraflara saniyeler i\u00e7erisinde binlerce be\u011feni geldi.<\/p>\n","protected":false},"excerpt":{"rendered":"<p>El Turco dizisinin tan\u0131t\u0131m turnesi i\u00e7in Brezilya\u2019n\u0131n Rio de Janeiro kentinde hayranlar\u0131yla bulu\u015fmaya giden Can Yaman, helikopterle \u015fehirde turlad\u0131\u011f\u0131 anlar\u0131 sosyal medyas\u0131nda payla\u015ft\u0131. Hem \u0130talya\u2019n\u0131n hem de T\u00fcrkiye\u2019nin g\u00f6zde oyuncusu Can Yaman, sosyal medya platformunda payla\u015ft\u0131\u011f\u0131 foto\u011fraflar\u0131yla sosyal medyay\u0131 sallad\u0131. <\/p>\n","protected":false},"author":10,"featured_media":154092,"comment_status":"closed","ping_status":"closed","sticky":false,"template":"","format":"standard","meta":{"rank_math_lock_modified_date":false,"footnotes":""},"categories":[76],"tags":[2980,15883,247,133,2218],"class_list":["post-154090","post","type-post","status-publish","format-standard","has-post-thumbnail","hentry","category-magazin","tag-can-yaman","tag-can-yaman-rio","tag-kesfet","tag-magazin","tag-magazin-haberleri"],"_links":{"self":[{"href":"https:\/\/www.tgrthaber.com\/mavikadin\/wp-json\/wp\/v2\/posts\/154090"}],"collection":[{"href":"https:\/\/www.tgrthaber.com\/mavikadin\/wp-json\/wp\/v2\/posts"}],"about":[{"href":"https:\/\/www.tgrthaber.com\/mavikadin\/wp-json\/wp\/v2\/types\/post"}],"author":[{"embeddable":true,"href":"https:\/\/www.tgrthaber.com\/mavikadin\/wp-json\/wp\/v2\/users\/10"}],"replies":[{"embeddable":true,"href":"https:\/\/www.tgrthaber.com\/mavikadin\/wp-json\/wp\/v2\/comments?post=154090"}],"version-history":[{"count":1,"href":"https:\/\/www.tgrthaber.com\/mavikadin\/wp-json\/wp\/v2\/posts\/154090\/revisions"}],"predecessor-version":[{"id":154093,"href":"https:\/\/www.tgrthaber.com\/mavikadin\/wp-json\/wp\/v2\/posts\/154090\/revisions\/154093"}],"wp:featuredmedia":[{"embeddable":true,"href":"https:\/\/www.tgrthaber.com\/mavikadin\/wp-json\/wp\/v2\/media\/154092"}],"wp:attachment":[{"href":"https:\/\/www.tgrthaber.com\/mavikadin\/wp-json\/wp\/v2\/media?parent=154090"}],"wp:term":[{"taxonomy":"category","embeddable":true,"href":"https:\/\/www.tgrthaber.com\/mavikadin\/wp-json\/wp\/v2\/categories?post=154090"},{"taxonomy":"post_tag","embeddable":true,"href":"https:\/\/www.tgrthaber.com\/mavikadin\/wp-json\/wp\/v2\/tags?post=154090"}],"curies":[{"name":"wp","href":"https:\/\/api.w.org\/{rel}","templated":true}]}}